{"id":9992,"date":"2024-04-27T12:54:05","date_gmt":"2024-04-27T10:54:05","guid":{"rendered":"https:\/\/radiojadranka.hr\/?p=9992"},"modified":"2024-08-20T08:46:26","modified_gmt":"2024-08-20T06:46:26","slug":"slavimo-25-suhi-rodendan-apoksiomena","status":"publish","type":"post","link":"https:\/\/radiojadranka.hr\/index.php\/2024\/04\/27\/slavimo-25-suhi-rodendan-apoksiomena\/","title":{"rendered":"Slavimo 25. &#8220;suhi&#8221; ro\u0111endan Apoksiomena!"},"content":{"rendered":"<p>Obilje\u017eavamo 25 godina otkako je anti\u010dki bron\u010dani kip mladog atlete izronjen iz podmorja oto\u010di\u0107a Vele Orjule ju\u017eno do otoka Lo\u0161inja. Program obilje\u017eavanja po\u010deo je ve\u0107 ju\u010der, snimljena je milenijska fotografija \u0160ime Strikomana te je odr\u017ean koncert\u00a0 Tamare Obrovac i talijanskog pijanista Stefana Battaglie. Danas se proslava nastavila Apoksiomenovim banketom uz degustaciju anti\u010dkih vina, naravno u muzeju Apoksiomena. Zatim u popodnevnim satima, to\u010dnije u 18 sati, slijedi stru\u010dni okrugli stol \u201eUloga Apoksiomena- nekad i sad&#8221;.<\/p>\n<p><em>Proslava ro\u0111endana Apoksiomena nastavlja se u 18 sati stru\u010dnim okruglim stolom \u201eUloga Apoksiomena- nekad i sad&#8221;. <\/em>Cilj ovog skupa je na stru\u010dan na\u010din razmotriti pitanje Apoksiomena, \u0161to je u\u010dinjeno i \u0161to jo\u0161 mo\u017eemo u\u010diniti po pitanju najzna\u010dajnijeg arheolo\u0161kog pomorskog nalaza. Ovu dvodnevnu proslavu zatvorit \u0107emo otvorenjem izlo\u017ebe &#8220;Maslina- sveta biljka i bogati dar&#8221; autorice vi\u0161e kustosice Martinele Mu\u017ei\u0107, najavila je ravnateljica Lo\u0161injskog muzeja \u2013 muzejska savjetnica arheologinja Zrinka Ettinger Star\u010di\u0107.<\/p>\n<div id='gallery-1' class='gallery galleryid-9992 gallery-columns-3 gallery-size-thumbnail'><figure class='gallery-item'>\n\t\t\t<div class='gallery-icon portrait'>\n\t\t\t\t<a href='https:\/\/radiojadranka.hr\/index.php\/2024\/04\/27\/slavimo-25-suhi-rodendan-apoksiomena\/attachment\/1714215014632\/'><img decoding=\"async\" width=\"150\" height=\"150\" src=\"https:\/\/radiojadranka.hr\/wp-content\/uploads\/2024\/04\/1714215014632-150x150.jpg\" class=\"attachment-thumbnail size-thumbnail\" alt=\"\" srcset=\"https:\/\/radiojadranka.hr\/wp-content\/uploads\/2024\/04\/1714215014632-150x150.jpg 150w, https:\/\/radiojadranka.hr\/wp-content\/uploads\/2024\/04\/1714215014632-100x100.jpg 100w, https:\/\/radiojadranka.hr\/wp-content\/uploads\/2024\/04\/1714215014632-370x370.jpg 370w\" sizes=\"(max-width: 150px) 100vw, 150px\" \/><\/a>\n\t\t\t<\/div><\/figure><figure class='gallery-item'>\n\t\t\t<div class='gallery-icon landscape'>\n\t\t\t\t<a href='https:\/\/radiojadranka.hr\/index.php\/2024\/04\/27\/slavimo-25-suhi-rodendan-apoksiomena\/attachment\/1714215014645\/'><img decoding=\"async\" width=\"150\" height=\"150\" src=\"https:\/\/radiojadranka.hr\/wp-content\/uploads\/2024\/04\/1714215014645-150x150.jpg\" class=\"attachment-thumbnail size-thumbnail\" alt=\"\" srcset=\"https:\/\/radiojadranka.hr\/wp-content\/uploads\/2024\/04\/1714215014645-150x150.jpg 150w, https:\/\/radiojadranka.hr\/wp-content\/uploads\/2024\/04\/1714215014645-100x100.jpg 100w, https:\/\/radiojadranka.hr\/wp-content\/uploads\/2024\/04\/1714215014645-370x370.jpg 370w\" sizes=\"(max-width: 150px) 100vw, 150px\" \/><\/a>\n\t\t\t<\/div><\/figure><figure class='gallery-item'>\n\t\t\t<div class='gallery-icon portrait'>\n\t\t\t\t<a href='https:\/\/radiojadranka.hr\/index.php\/2024\/04\/27\/slavimo-25-suhi-rodendan-apoksiomena\/attachment\/1714214194400\/'><img decoding=\"async\" width=\"150\" height=\"150\" src=\"https:\/\/radiojadranka.hr\/wp-content\/uploads\/2024\/04\/1714214194400-150x150.jpg\" class=\"attachment-thumbnail size-thumbnail\" alt=\"\" srcset=\"https:\/\/radiojadranka.hr\/wp-content\/uploads\/2024\/04\/1714214194400-150x150.jpg 150w, https:\/\/radiojadranka.hr\/wp-content\/uploads\/2024\/04\/1714214194400-100x100.jpg 100w, https:\/\/radiojadranka.hr\/wp-content\/uploads\/2024\/04\/1714214194400-370x370.jpg 370w\" sizes=\"(max-width: 150px) 100vw, 150px\" \/><\/a>\n\t\t\t<\/div><\/figure><figure class='gallery-item'>\n\t\t\t<div class='gallery-icon landscape'>\n\t\t\t\t<a href='https:\/\/radiojadranka.hr\/index.php\/2024\/04\/27\/slavimo-25-suhi-rodendan-apoksiomena\/attachment\/1714214128131\/'><img loading=\"lazy\" decoding=\"async\" width=\"150\" height=\"150\" src=\"https:\/\/radiojadranka.hr\/wp-content\/uploads\/2024\/04\/1714214128131-150x150.jpg\" class=\"attachment-thumbnail size-thumbnail\" alt=\"\" srcset=\"https:\/\/radiojadranka.hr\/wp-content\/uploads\/2024\/04\/1714214128131-150x150.jpg 150w, https:\/\/radiojadranka.hr\/wp-content\/uploads\/2024\/04\/1714214128131-100x100.jpg 100w, https:\/\/radiojadranka.hr\/wp-content\/uploads\/2024\/04\/1714214128131-370x370.jpg 370w\" sizes=\"(max-width: 150px) 100vw, 150px\" \/><\/a>\n\t\t\t<\/div><\/figure><figure class='gallery-item'>\n\t\t\t<div class='gallery-icon landscape'>\n\t\t\t\t<a href='https:\/\/radiojadranka.hr\/index.php\/2024\/04\/27\/slavimo-25-suhi-rodendan-apoksiomena\/attachment\/1714214194137\/'><img loading=\"lazy\" decoding=\"async\" width=\"150\" height=\"150\" src=\"https:\/\/radiojadranka.hr\/wp-content\/uploads\/2024\/04\/1714214194137-150x150.jpg\" class=\"attachment-thumbnail size-thumbnail\" alt=\"\" srcset=\"https:\/\/radiojadranka.hr\/wp-content\/uploads\/2024\/04\/1714214194137-150x150.jpg 150w, https:\/\/radiojadranka.hr\/wp-content\/uploads\/2024\/04\/1714214194137-100x100.jpg 100w, https:\/\/radiojadranka.hr\/wp-content\/uploads\/2024\/04\/1714214194137-370x370.jpg 370w\" sizes=\"(max-width: 150px) 100vw, 150px\" \/><\/a>\n\t\t\t<\/div><\/figure><figure class='gallery-item'>\n\t\t\t<div class='gallery-icon portrait'>\n\t\t\t\t<a href='https:\/\/radiojadranka.hr\/index.php\/2024\/04\/27\/slavimo-25-suhi-rodendan-apoksiomena\/attachment\/1714214194408\/'><img loading=\"lazy\" decoding=\"async\" width=\"150\" height=\"150\" src=\"https:\/\/radiojadranka.hr\/wp-content\/uploads\/2024\/04\/1714214194408-150x150.jpg\" class=\"attachment-thumbnail size-thumbnail\" alt=\"\" srcset=\"https:\/\/radiojadranka.hr\/wp-content\/uploads\/2024\/04\/1714214194408-150x150.jpg 150w, https:\/\/radiojadranka.hr\/wp-content\/uploads\/2024\/04\/1714214194408-100x100.jpg 100w, https:\/\/radiojadranka.hr\/wp-content\/uploads\/2024\/04\/1714214194408-370x370.jpg 370w\" sizes=\"(max-width: 150px) 100vw, 150px\" \/><\/a>\n\t\t\t<\/div><\/figure><figure class='gallery-item'>\n\t\t\t<div class='gallery-icon landscape'>\n\t\t\t\t<a href='https:\/\/radiojadranka.hr\/index.php\/2024\/04\/27\/slavimo-25-suhi-rodendan-apoksiomena\/attachment\/1714214194445\/'><img loading=\"lazy\" decoding=\"async\" width=\"150\" height=\"150\" src=\"https:\/\/radiojadranka.hr\/wp-content\/uploads\/2024\/04\/1714214194445-150x150.jpg\" class=\"attachment-thumbnail size-thumbnail\" alt=\"\" srcset=\"https:\/\/radiojadranka.hr\/wp-content\/uploads\/2024\/04\/1714214194445-150x150.jpg 150w, https:\/\/radiojadranka.hr\/wp-content\/uploads\/2024\/04\/1714214194445-100x100.jpg 100w, https:\/\/radiojadranka.hr\/wp-content\/uploads\/2024\/04\/1714214194445-370x370.jpg 370w\" sizes=\"(max-width: 150px) 100vw, 150px\" \/><\/a>\n\t\t\t<\/div><\/figure><figure class='gallery-item'>\n\t\t\t<div class='gallery-icon portrait'>\n\t\t\t\t<a href='https:\/\/radiojadranka.hr\/index.php\/2024\/04\/27\/slavimo-25-suhi-rodendan-apoksiomena\/1714214194453-2\/'><img loading=\"lazy\" decoding=\"async\" width=\"150\" height=\"150\" src=\"https:\/\/radiojadranka.hr\/wp-content\/uploads\/2024\/04\/1714214194453-1-150x150.jpg\" class=\"attachment-thumbnail size-thumbnail\" alt=\"\" srcset=\"https:\/\/radiojadranka.hr\/wp-content\/uploads\/2024\/04\/1714214194453-1-150x150.jpg 150w, https:\/\/radiojadranka.hr\/wp-content\/uploads\/2024\/04\/1714214194453-1-100x100.jpg 100w, https:\/\/radiojadranka.hr\/wp-content\/uploads\/2024\/04\/1714214194453-1-370x370.jpg 370w\" sizes=\"(max-width: 150px) 100vw, 150px\" \/><\/a>\n\t\t\t<\/div><\/figure><figure class='gallery-item'>\n\t\t\t<div class='gallery-icon portrait'>\n\t\t\t\t<a href='https:\/\/radiojadranka.hr\/index.php\/2024\/04\/27\/slavimo-25-suhi-rodendan-apoksiomena\/attachment\/1714214194462\/'><img loading=\"lazy\" decoding=\"async\" width=\"150\" height=\"150\" src=\"https:\/\/radiojadranka.hr\/wp-content\/uploads\/2024\/04\/1714214194462-150x150.jpg\" class=\"attachment-thumbnail size-thumbnail\" alt=\"\" srcset=\"https:\/\/radiojadranka.hr\/wp-content\/uploads\/2024\/04\/1714214194462-150x150.jpg 150w, https:\/\/radiojadranka.hr\/wp-content\/uploads\/2024\/04\/1714214194462-100x100.jpg 100w, https:\/\/radiojadranka.hr\/wp-content\/uploads\/2024\/04\/1714214194462-370x370.jpg 370w\" sizes=\"(max-width: 150px) 100vw, 150px\" \/><\/a>\n\t\t\t<\/div><\/figure>\n\t\t<\/div>\n\n","protected":false},"excerpt":{"rendered":"<p>Obilje\u017eavamo 25 godina otkako je anti\u010dki bron\u010dani kip mladog atlete izronjen iz podmorja oto\u010di\u0107a Vele Orjule ju\u017eno do otoka Lo\u0161inja. Program obilje\u017eavanja po\u010deo je ve\u0107 ju\u010der, snimljena je milenijska fotografija \u0160ime Strikomana te je odr\u017ean koncert\u00a0 Tamare Obrovac i talijanskog pijanista Stefana Battaglie. Danas se proslava nastavila Apoksiomenovim banketom uz ...<\/p>\n","protected":false},"author":2,"featured_media":10006,"comment_status":"closed","ping_status":"open","sticky":false,"template":"","format":"audio","meta":{"footnotes":""},"categories":[72],"tags":[],"class_list":["post-9992","post","type-post","status-publish","format-audio","has-post-thumbnail","hentry","category-vijesti","post_format-post-format-audio"],"aioseo_notices":[],"_links":{"self":[{"href":"https:\/\/radiojadranka.hr\/index.php\/wp-json\/wp\/v2\/posts\/9992","targetHints":{"allow":["GET"]}}],"collection":[{"href":"https:\/\/radiojadranka.hr\/index.php\/wp-json\/wp\/v2\/posts"}],"about":[{"href":"https:\/\/radiojadranka.hr\/index.php\/wp-json\/wp\/v2\/types\/post"}],"author":[{"embeddable":true,"href":"https:\/\/radiojadranka.hr\/index.php\/wp-json\/wp\/v2\/users\/2"}],"replies":[{"embeddable":true,"href":"https:\/\/radiojadranka.hr\/index.php\/wp-json\/wp\/v2\/comments?post=9992"}],"version-history":[{"count":2,"href":"https:\/\/radiojadranka.hr\/index.php\/wp-json\/wp\/v2\/posts\/9992\/revisions"}],"predecessor-version":[{"id":10008,"href":"https:\/\/radiojadranka.hr\/index.php\/wp-json\/wp\/v2\/posts\/9992\/revisions\/10008"}],"wp:featuredmedia":[{"embeddable":true,"href":"https:\/\/radiojadranka.hr\/index.php\/wp-json\/wp\/v2\/media\/10006"}],"wp:attachment":[{"href":"https:\/\/radiojadranka.hr\/index.php\/wp-json\/wp\/v2\/media?parent=9992"}],"wp:term":[{"taxonomy":"category","embeddable":true,"href":"https:\/\/radiojadranka.hr\/index.php\/wp-json\/wp\/v2\/categories?post=9992"},{"taxonomy":"post_tag","embeddable":true,"href":"https:\/\/radiojadranka.hr\/index.php\/wp-json\/wp\/v2\/tags?post=9992"}],"curies":[{"name":"wp","href":"https:\/\/api.w.org\/{rel}","templated":true}]}}