{"id":9832,"date":"2024-04-19T14:58:15","date_gmt":"2024-04-19T12:58:15","guid":{"rendered":"https:\/\/radiojadranka.hr\/?p=9832"},"modified":"2024-08-20T08:46:04","modified_gmt":"2024-08-20T06:46:04","slug":"biskup-petanjak-u-pastoralnom-posjetu-nasim-otocima","status":"publish","type":"post","link":"https:\/\/radiojadranka.hr\/index.php\/2024\/04\/19\/biskup-petanjak-u-pastoralnom-posjetu-nasim-otocima\/","title":{"rendered":"Biskup Petanjak u pastoralnom posjetu na\u0161im otocima!"},"content":{"rendered":"<h3><strong>Od Unija, Suska pa do Ilovika i Lo\u0161inja, posjetio je biskup Msg Ivica Petanjak u proteklih nekoliko dana! Dio je to redovite vizitacije koja se u na\u0161oj biskupiji odr\u017eava svake \u010detiri godine, a ovog puta u povodu predstoj\u0107eg euharistijskog slavlja podjele svete potvrde u malolo\u0161injskoj \u017eupi Ro\u0111enja Bla\u017eene Djevice Marije. Ove godine krizmat \u0107e se \u010detrdeset i pet u\u010denika zavr\u0161nih razreda osnovne \u0161kole.\u00a0 Tijekom vizitacije biskup se susreo s \u017eupljanima,\u00a0molitvenim zajednicama, posjetio je \u0161kole i dje\u010dji vrti\u0107, gradsku upravu i groblje.\u00a0<\/strong><\/h3>\n<div id='gallery-1' class='gallery galleryid-9832 gallery-columns-3 gallery-size-thumbnail'><figure class='gallery-item'>\n\t\t\t<div class='gallery-icon portrait'>\n\t\t\t\t<a href='https:\/\/radiojadranka.hr\/index.php\/2024\/04\/19\/biskup-petanjak-u-pastoralnom-posjetu-nasim-otocima\/attachment\/1713537485086\/'><img decoding=\"async\" width=\"150\" height=\"150\" src=\"https:\/\/radiojadranka.hr\/wp-content\/uploads\/2024\/04\/1713537485086-150x150.jpg\" class=\"attachment-thumbnail size-thumbnail\" alt=\"\" srcset=\"https:\/\/radiojadranka.hr\/wp-content\/uploads\/2024\/04\/1713537485086-150x150.jpg 150w, https:\/\/radiojadranka.hr\/wp-content\/uploads\/2024\/04\/1713537485086-100x100.jpg 100w, https:\/\/radiojadranka.hr\/wp-content\/uploads\/2024\/04\/1713537485086-370x370.jpg 370w\" sizes=\"(max-width: 150px) 100vw, 150px\" \/><\/a>\n\t\t\t<\/div><\/figure><figure class='gallery-item'>\n\t\t\t<div class='gallery-icon landscape'>\n\t\t\t\t<a href='https:\/\/radiojadranka.hr\/index.php\/2024\/04\/19\/biskup-petanjak-u-pastoralnom-posjetu-nasim-otocima\/attachment\/1713537485078\/'><img decoding=\"async\" width=\"150\" height=\"150\" src=\"https:\/\/radiojadranka.hr\/wp-content\/uploads\/2024\/04\/1713537485078-150x150.jpg\" class=\"attachment-thumbnail size-thumbnail\" alt=\"\" srcset=\"https:\/\/radiojadranka.hr\/wp-content\/uploads\/2024\/04\/1713537485078-150x150.jpg 150w, https:\/\/radiojadranka.hr\/wp-content\/uploads\/2024\/04\/1713537485078-100x100.jpg 100w, https:\/\/radiojadranka.hr\/wp-content\/uploads\/2024\/04\/1713537485078-370x370.jpg 370w\" sizes=\"(max-width: 150px) 100vw, 150px\" \/><\/a>\n\t\t\t<\/div><\/figure><figure class='gallery-item'>\n\t\t\t<div class='gallery-icon portrait'>\n\t\t\t\t<a href='https:\/\/radiojadranka.hr\/index.php\/2024\/04\/19\/biskup-petanjak-u-pastoralnom-posjetu-nasim-otocima\/attachment\/1713537485094\/'><img decoding=\"async\" width=\"150\" height=\"150\" src=\"https:\/\/radiojadranka.hr\/wp-content\/uploads\/2024\/04\/1713537485094-150x150.jpg\" class=\"attachment-thumbnail size-thumbnail\" alt=\"\" srcset=\"https:\/\/radiojadranka.hr\/wp-content\/uploads\/2024\/04\/1713537485094-150x150.jpg 150w, https:\/\/radiojadranka.hr\/wp-content\/uploads\/2024\/04\/1713537485094-100x100.jpg 100w, https:\/\/radiojadranka.hr\/wp-content\/uploads\/2024\/04\/1713537485094-370x370.jpg 370w\" sizes=\"(max-width: 150px) 100vw, 150px\" \/><\/a>\n\t\t\t<\/div><\/figure><figure class='gallery-item'>\n\t\t\t<div class='gallery-icon portrait'>\n\t\t\t\t<a href='https:\/\/radiojadranka.hr\/index.php\/2024\/04\/19\/biskup-petanjak-u-pastoralnom-posjetu-nasim-otocima\/attachment\/1713537485103\/'><img loading=\"lazy\" decoding=\"async\" width=\"150\" height=\"150\" src=\"https:\/\/radiojadranka.hr\/wp-content\/uploads\/2024\/04\/1713537485103-150x150.jpg\" class=\"attachment-thumbnail size-thumbnail\" alt=\"\" srcset=\"https:\/\/radiojadranka.hr\/wp-content\/uploads\/2024\/04\/1713537485103-150x150.jpg 150w, https:\/\/radiojadranka.hr\/wp-content\/uploads\/2024\/04\/1713537485103-100x100.jpg 100w, https:\/\/radiojadranka.hr\/wp-content\/uploads\/2024\/04\/1713537485103-370x370.jpg 370w\" sizes=\"(max-width: 150px) 100vw, 150px\" \/><\/a>\n\t\t\t<\/div><\/figure><figure class='gallery-item'>\n\t\t\t<div class='gallery-icon portrait'>\n\t\t\t\t<a href='https:\/\/radiojadranka.hr\/index.php\/2024\/04\/19\/biskup-petanjak-u-pastoralnom-posjetu-nasim-otocima\/attachment\/1713537485111\/'><img loading=\"lazy\" decoding=\"async\" width=\"150\" height=\"150\" src=\"https:\/\/radiojadranka.hr\/wp-content\/uploads\/2024\/04\/1713537485111-150x150.jpg\" class=\"attachment-thumbnail size-thumbnail\" alt=\"\" srcset=\"https:\/\/radiojadranka.hr\/wp-content\/uploads\/2024\/04\/1713537485111-150x150.jpg 150w, https:\/\/radiojadranka.hr\/wp-content\/uploads\/2024\/04\/1713537485111-100x100.jpg 100w, https:\/\/radiojadranka.hr\/wp-content\/uploads\/2024\/04\/1713537485111-370x370.jpg 370w\" sizes=\"(max-width: 150px) 100vw, 150px\" \/><\/a>\n\t\t\t<\/div><\/figure><figure class='gallery-item'>\n\t\t\t<div class='gallery-icon portrait'>\n\t\t\t\t<a href='https:\/\/radiojadranka.hr\/index.php\/2024\/04\/19\/biskup-petanjak-u-pastoralnom-posjetu-nasim-otocima\/attachment\/1713537485119\/'><img loading=\"lazy\" decoding=\"async\" width=\"150\" height=\"150\" src=\"https:\/\/radiojadranka.hr\/wp-content\/uploads\/2024\/04\/1713537485119-150x150.jpg\" class=\"attachment-thumbnail size-thumbnail\" alt=\"\" srcset=\"https:\/\/radiojadranka.hr\/wp-content\/uploads\/2024\/04\/1713537485119-150x150.jpg 150w, https:\/\/radiojadranka.hr\/wp-content\/uploads\/2024\/04\/1713537485119-100x100.jpg 100w, https:\/\/radiojadranka.hr\/wp-content\/uploads\/2024\/04\/1713537485119-370x370.jpg 370w\" sizes=\"(max-width: 150px) 100vw, 150px\" \/><\/a>\n\t\t\t<\/div><\/figure>\n\t\t<\/div>\n\n<h2><strong><img loading=\"lazy\" decoding=\"async\" class=\"alignnone size-medium wp-image-9833\" src=\"https:\/\/radiojadranka.hr\/wp-content\/uploads\/2024\/04\/1713517291663-770x434.jpg\" alt=\"\" width=\"770\" height=\"434\" srcset=\"https:\/\/radiojadranka.hr\/wp-content\/uploads\/2024\/04\/1713517291663-770x434.jpg 770w, https:\/\/radiojadranka.hr\/wp-content\/uploads\/2024\/04\/1713517291663-1170x659.jpg 1170w, https:\/\/radiojadranka.hr\/wp-content\/uploads\/2024\/04\/1713517291663-768x432.jpg 768w, https:\/\/radiojadranka.hr\/wp-content\/uploads\/2024\/04\/1713517291663-1536x865.jpg 1536w, https:\/\/radiojadranka.hr\/wp-content\/uploads\/2024\/04\/1713517291663-scaled.jpg 2048w\" sizes=\"(max-width: 770px) 100vw, 770px\" \/><\/strong><\/h2>\n<p><iframe title=\"190424 Biskup Ivica Petanjak I \u017dupnik Don Robert Zubovi\u0107\" width=\"100%\" height=\"120\" src=\"https:\/\/www.mixcloud.com\/widget\/iframe\/?feed=https%3A%2F%2Fwww.mixcloud.com%2Fradio_jadranka%2F190424-biskup-ivica-petanjak-i-%25C5%25BEupnik-don-robert-zubovi%25C4%2587%2F&amp;hide_cover=1\" frameborder=\"0\"><\/iframe><\/p>\n<p><a href=\"https:\/\/turboscribe.ai\/transcript\/share\/6854478632859245990\/fQZ-grBOFKDleT2KJfF1ftScS5Cx6qSLoeWL7veKdaM\/190424-rsp-ivica-petanjak-i-robert-zubovic\"><img loading=\"lazy\" decoding=\"async\" class=\"alignnone size-full wp-image-9515\" src=\"https:\/\/radiojadranka.hr\/wp-content\/uploads\/2024\/04\/disability-4121577_1280_3-1.png\" alt=\"Sadr\u017eaj pristupa\u010dan osobama s o\u0161te\u0107enim sluhom\" width=\"255\" height=\"281\" \/><\/a><\/p>\n<p>Tekst za osobe o\u0161te\u0107ena sluha, generiran je pomo\u0107u umjetne inteligencije i jo\u0161 uvijek sadr\u017ei nepravilnosti!<\/p>\n","protected":false},"excerpt":{"rendered":"<p>Od Unija, Suska pa do Ilovika i Lo\u0161inja, posjetio je biskup Msg Ivica Petanjak u proteklih nekoliko dana! Dio je to redovite vizitacije koja se u na\u0161oj biskupiji odr\u017eava svake \u010detiri godine, a ovog puta u povodu predstoj\u0107eg euharistijskog slavlja podjele svete potvrde u malolo\u0161injskoj \u017eupi Ro\u0111enja Bla\u017eene Djevice Marije. ...<\/p>\n","protected":false},"author":2,"featured_media":9833,"comment_status":"closed","ping_status":"open","sticky":false,"template":"","format":"audio","meta":{"footnotes":""},"categories":[72],"tags":[],"class_list":["post-9832","post","type-post","status-publish","format-audio","has-post-thumbnail","hentry","category-vijesti","post_format-post-format-audio"],"aioseo_notices":[],"_links":{"self":[{"href":"https:\/\/radiojadranka.hr\/index.php\/wp-json\/wp\/v2\/posts\/9832","targetHints":{"allow":["GET"]}}],"collection":[{"href":"https:\/\/radiojadranka.hr\/index.php\/wp-json\/wp\/v2\/posts"}],"about":[{"href":"https:\/\/radiojadranka.hr\/index.php\/wp-json\/wp\/v2\/types\/post"}],"author":[{"embeddable":true,"href":"https:\/\/radiojadranka.hr\/index.php\/wp-json\/wp\/v2\/users\/2"}],"replies":[{"embeddable":true,"href":"https:\/\/radiojadranka.hr\/index.php\/wp-json\/wp\/v2\/comments?post=9832"}],"version-history":[{"count":5,"href":"https:\/\/radiojadranka.hr\/index.php\/wp-json\/wp\/v2\/posts\/9832\/revisions"}],"predecessor-version":[{"id":9846,"href":"https:\/\/radiojadranka.hr\/index.php\/wp-json\/wp\/v2\/posts\/9832\/revisions\/9846"}],"wp:featuredmedia":[{"embeddable":true,"href":"https:\/\/radiojadranka.hr\/index.php\/wp-json\/wp\/v2\/media\/9833"}],"wp:attachment":[{"href":"https:\/\/radiojadranka.hr\/index.php\/wp-json\/wp\/v2\/media?parent=9832"}],"wp:term":[{"taxonomy":"category","embeddable":true,"href":"https:\/\/radiojadranka.hr\/index.php\/wp-json\/wp\/v2\/categories?post=9832"},{"taxonomy":"post_tag","embeddable":true,"href":"https:\/\/radiojadranka.hr\/index.php\/wp-json\/wp\/v2\/tags?post=9832"}],"curies":[{"name":"wp","href":"https:\/\/api.w.org\/{rel}","templated":true}]}}