{"id":9325,"date":"2024-03-20T12:04:57","date_gmt":"2024-03-20T11:04:57","guid":{"rendered":"https:\/\/radiojadranka.hr\/?p=9325"},"modified":"2024-08-20T08:45:26","modified_gmt":"2024-08-20T06:45:26","slug":"20-03-2024-blitz-razgovor-jvp-marin-brcic","status":"publish","type":"post","link":"https:\/\/radiojadranka.hr\/index.php\/2024\/03\/20\/20-03-2024-blitz-razgovor-jvp-marin-brcic\/","title":{"rendered":"20.03.2024. Blitz razgovor JVP Marin Br\u010di\u0107"},"content":{"rendered":"<p>Marin Br\u010di\u0107 zamjenik zapovjednika Javne vatrogasne postrojbe Mali Lo\u0161inj o aktivnostima na\u0161ih vatrogasaca tijekom minulih mjesec dana.<\/p>\n<p><iframe title=\"20.03.2024. Blitz Razgovor Jvp Marin Br\u010di\u0107\" width=\"100%\" height=\"120\" src=\"https:\/\/www.mixcloud.com\/widget\/iframe\/?feed=https%3A%2F%2Fwww.mixcloud.com%2Fradio_jadranka%2F20032024-blitz-razgovor-jvp-marin-br%25C4%258Di%25C4%2587%2F&amp;hide_cover=1\" frameborder=\"0\"><\/iframe><\/p>\n","protected":false},"excerpt":{"rendered":"<p>Marin Br\u010di\u0107 zamjenik zapovjednika Javne vatrogasne postrojbe Mali Lo\u0161inj o aktivnostima na\u0161ih vatrogasaca tijekom minulih mjesec dana.<\/p>\n","protected":false},"author":1,"featured_media":9326,"comment_status":"closed","ping_status":"open","sticky":false,"template":"","format":"audio","meta":{"footnotes":""},"categories":[71,72],"tags":[],"class_list":["post-9325","post","type-post","status-publish","format-audio","has-post-thumbnail","hentry","category-blitz","category-vijesti","post_format-post-format-audio"],"aioseo_notices":[],"_links":{"self":[{"href":"https:\/\/radiojadranka.hr\/index.php\/wp-json\/wp\/v2\/posts\/9325","targetHints":{"allow":["GET"]}}],"collection":[{"href":"https:\/\/radiojadranka.hr\/index.php\/wp-json\/wp\/v2\/posts"}],"about":[{"href":"https:\/\/radiojadranka.hr\/index.php\/wp-json\/wp\/v2\/types\/post"}],"author":[{"embeddable":true,"href":"https:\/\/radiojadranka.hr\/index.php\/wp-json\/wp\/v2\/users\/1"}],"replies":[{"embeddable":true,"href":"https:\/\/radiojadranka.hr\/index.php\/wp-json\/wp\/v2\/comments?post=9325"}],"version-history":[{"count":1,"href":"https:\/\/radiojadranka.hr\/index.php\/wp-json\/wp\/v2\/posts\/9325\/revisions"}],"predecessor-version":[{"id":9327,"href":"https:\/\/radiojadranka.hr\/index.php\/wp-json\/wp\/v2\/posts\/9325\/revisions\/9327"}],"wp:featuredmedia":[{"embeddable":true,"href":"https:\/\/radiojadranka.hr\/index.php\/wp-json\/wp\/v2\/media\/9326"}],"wp:attachment":[{"href":"https:\/\/radiojadranka.hr\/index.php\/wp-json\/wp\/v2\/media?parent=9325"}],"wp:term":[{"taxonomy":"category","embeddable":true,"href":"https:\/\/radiojadranka.hr\/index.php\/wp-json\/wp\/v2\/categories?post=9325"},{"taxonomy":"post_tag","embeddable":true,"href":"https:\/\/radiojadranka.hr\/index.php\/wp-json\/wp\/v2\/tags?post=9325"}],"curies":[{"name":"wp","href":"https:\/\/api.w.org\/{rel}","templated":true}]}}