{"id":16373,"date":"2026-09-02T13:31:43","date_gmt":"2026-09-02T11:31:43","guid":{"rendered":"https:\/\/radiojadranka.hr\/?p=16373"},"modified":"2026-09-02T13:35:55","modified_gmt":"2026-09-02T11:35:55","slug":"veceras-u-kinu-vladimira-nazora-lizistrata-losinjskog-kazalista-jak","status":"publish","type":"post","link":"https:\/\/radiojadranka.hr\/index.php\/2026\/09\/02\/veceras-u-kinu-vladimira-nazora-lizistrata-losinjskog-kazalista-jak\/","title":{"rendered":"Ve\u010deras u Kinu Vladimira Nazora \u2013 \u201eLizistrata\u201c lo\u0161injskog kazali\u0161ta JAK"},"content":{"rendered":"<p>Lo\u0161injsko kazali\u0161te <strong>JAK<\/strong> ve\u010deras ponovno izvodi bezvremensku komediju <strong>\u201eLizistrata\u201c<\/strong>, jedno od najpoznatijih djela gr\u010dkog Aristofana.<\/p>\n<p>Predstava donosi duhovitu pri\u010du o \u017eenama koje odlu\u010duju stati na kraj ratu na nesvakida\u0161nji na\u010din, a i danas osvaja publiku humorom, o\u0161troumnim dijalozima i sna\u017enom porukom o va\u017enosti mira.<\/p>\n<p><strong>Po\u010detak predstave je u 21:00 sat<\/strong> u <strong>Kinu Vladimira Nazora<\/strong> u Malom Lo\u0161inju.<\/p>\n<p><strong>Ulaznice \u0107e biti u prodaji od 19:30 sati na blagajni kina.<\/strong><\/p>\n<p>Ne propustite priliku pogledati novu izvedbu lo\u0161injskog kazali\u0161ta JAK i u\u017eivati u jednom od najpoznatijih klasika svjetske komediografije. Poslu\u0161ajte \u0161to su nam u na\u0161em programu rekli Arlinda Krasni\u0107 i Antonio Buja\u010di\u0107, \u010dlanovi lo\u0161injskog ansambla.<\/p>\n<p><iframe title=\"010926 Blitz_Lizistrata_Najava_Arlinda I Antonio Web\" width=\"100%\" height=\"120\" src=\"https:\/\/www.mixcloud.com\/widget\/iframe\/?feed=https%3A%2F%2Fwww.mixcloud.com%2Fradio_jadranka%2F010926-blitz_lizistrata_najava_arlinda-i-antonio-web%2F&amp;hide_cover=1\" frameborder=\"0\" allow=\"encrypted-media; fullscreen; autoplay; idle-detection; speaker-selection; web-share;\"><\/iframe><\/p>\n<figure id=\"attachment_16374\" aria-describedby=\"caption-attachment-16374\" style=\"width: 770px\" class=\"wp-caption alignnone\"><img fetchpriority=\"high\" decoding=\"async\" class=\"size-medium wp-image-16374\" src=\"https:\/\/radiojadranka.hr\/wp-content\/uploads\/2026\/09\/OLV_20260901205413-770x433.jpg\" alt=\"\" width=\"770\" height=\"433\" srcset=\"https:\/\/radiojadranka.hr\/wp-content\/uploads\/2026\/09\/OLV_20260901205413-770x433.jpg 770w, https:\/\/radiojadranka.hr\/wp-content\/uploads\/2026\/09\/OLV_20260901205413-1170x658.jpg 1170w, https:\/\/radiojadranka.hr\/wp-content\/uploads\/2026\/09\/OLV_20260901205413-768x432.jpg 768w, https:\/\/radiojadranka.hr\/wp-content\/uploads\/2026\/09\/OLV_20260901205413-1536x864.jpg 1536w, https:\/\/radiojadranka.hr\/wp-content\/uploads\/2026\/09\/OLV_20260901205413-2048x1152.jpg 2048w\" sizes=\"(max-width: 770px) 100vw, 770px\" \/><figcaption id=\"caption-attachment-16374\" class=\"wp-caption-text\">oplus_8734638080<\/figcaption><\/figure>\n","protected":false},"excerpt":{"rendered":"<p>Lo\u0161injsko kazali\u0161te JAK ve\u010deras ponovno izvodi bezvremensku komediju \u201eLizistrata\u201c, jedno od najpoznatijih djela gr\u010dkog Aristofana. Predstava donosi duhovitu pri\u010du o \u017eenama koje odlu\u010duju stati na kraj ratu na nesvakida\u0161nji na\u010din, a i danas osvaja publiku humorom, o\u0161troumnim dijalozima i sna\u017enom porukom o va\u017enosti mira. Po\u010detak predstave je u 21:00 sat ...<\/p>\n","protected":false},"author":2,"featured_media":16374,"comment_status":"closed","ping_status":"open","sticky":false,"template":"","format":"audio","meta":{"footnotes":""},"categories":[72],"tags":[],"class_list":["post-16373","post","type-post","status-publish","format-audio","has-post-thumbnail","hentry","category-vijesti","post_format-post-format-audio"],"aioseo_notices":[],"aioseo_head":"\n\t\t<!-- All in One SEO 5.0.1.1 - aioseo.com -->\n\t<meta name=\"description\" content=\"Lo\u0161injsko kazali\u0161te JAK ve\u010deras ponovno izvodi bezvremensku komediju \u201eLizistrata\u201c, jedno od najpoznatijih djela gr\u010dkog Aristofana. Predstava donosi duhovitu pri\u010du o \u017eenama koje odlu\u010duju stati na kraj ratu na nesvakida\u0161nji na\u010din, a i danas osvaja publiku humorom, o\u0161troumnim dijalozima i sna\u017enom porukom o va\u017enosti mira. Po\u010detak predstave je u 21:00 sat u Kinu Vladimira Nazora u\" \/>\n\t<meta name=\"robots\" content=\"max-image-preview:large\" \/>\n\t<meta name=\"author\" content=\"Branko Domac\"\/>\n\t<link rel=\"canonical\" href=\"https:\/\/radiojadranka.hr\/index.php\/2026\/09\/02\/veceras-u-kinu-vladimira-nazora-lizistrata-losinjskog-kazalista-jak\/\" \/>\n\t<meta name=\"generator\" content=\"All in One SEO (AIOSEO) 5.0.1.1\" \/>\n\t\t<meta property=\"og:locale\" content=\"hr_HR\" \/>\n\t\t<meta property=\"og:site_name\" content=\"Radio Mali Lo\u0161inj - Radio Jadranka - Slu\u0161ajte oto\u010dne valove\" \/>\n\t\t<meta property=\"og:type\" content=\"article\" \/>\n\t\t<meta property=\"og:title\" content=\"Ve\u010deras u Kinu Vladimira Nazora \u2013 \u201eLizistrata\u201c lo\u0161injskog kazali\u0161ta JAK - Radio Mali Lo\u0161inj - Radio Jadranka\" \/>\n\t\t<meta property=\"og:description\" content=\"Lo\u0161injsko kazali\u0161te JAK ve\u010deras ponovno izvodi bezvremensku komediju \u201eLizistrata\u201c, jedno od najpoznatijih djela gr\u010dkog Aristofana. Predstava donosi duhovitu pri\u010du o \u017eenama koje odlu\u010duju stati na kraj ratu na nesvakida\u0161nji na\u010din, a i danas osvaja publiku humorom, o\u0161troumnim dijalozima i sna\u017enom porukom o va\u017enosti mira. Po\u010detak predstave je u 21:00 sat u Kinu Vladimira Nazora u\" \/>\n\t\t<meta property=\"og:url\" content=\"https:\/\/radiojadranka.hr\/index.php\/2026\/09\/02\/veceras-u-kinu-vladimira-nazora-lizistrata-losinjskog-kazalista-jak\/\" \/>\n\t\t<meta property=\"og:image\" content=\"https:\/\/radiojadranka.hr\/wp-content\/uploads\/2026\/09\/OLV_20260901205413-scaled.jpg\" \/>\n\t\t<meta property=\"og:image:secure_url\" content=\"https:\/\/radiojadranka.hr\/wp-content\/uploads\/2026\/09\/OLV_20260901205413-scaled.jpg\" \/>\n\t\t<meta property=\"og:image:width\" content=\"2560\" \/>\n\t\t<meta property=\"og:image:height\" content=\"1440\" \/>\n\t\t<meta property=\"article:published_time\" content=\"2026-09-02T11:31:43+00:00\" \/>\n\t\t<meta property=\"article:modified_time\" content=\"2026-09-02T11:35:55+00:00\" \/>\n\t\t<meta property=\"article:publisher\" content=\"https:\/\/www.facebook.com\/RadioJadranka\" \/>\n\t\t<meta name=\"twitter:card\" content=\"summary_large_image\" \/>\n\t\t<meta name=\"twitter:site\" content=\"@RadioJadranka\" \/>\n\t\t<meta name=\"twitter:title\" content=\"Ve\u010deras u Kinu Vladimira Nazora \u2013 \u201eLizistrata\u201c lo\u0161injskog kazali\u0161ta JAK - Radio Mali Lo\u0161inj - Radio Jadranka\" \/>\n\t\t<meta name=\"twitter:description\" content=\"Lo\u0161injsko kazali\u0161te JAK ve\u010deras ponovno izvodi bezvremensku komediju \u201eLizistrata\u201c, jedno od najpoznatijih djela gr\u010dkog Aristofana. Predstava donosi duhovitu pri\u010du o \u017eenama koje odlu\u010duju stati na kraj ratu na nesvakida\u0161nji na\u010din, a i danas osvaja publiku humorom, o\u0161troumnim dijalozima i sna\u017enom porukom o va\u017enosti mira. Po\u010detak predstave je u 21:00 sat u Kinu Vladimira Nazora u\" \/>\n\t\t<meta name=\"twitter:creator\" content=\"@RadioJadranka\" \/>\n\t\t<meta name=\"twitter:image\" content=\"https:\/\/radiojadranka.hr\/wp-content\/uploads\/2021\/01\/cropped-Radiologo_new_v2.png\" \/>\n\t\t<script type=\"application\/ld+json\" class=\"aioseo-schema\">\n\t\t\t{\"@context\":\"https:\\\/\\\/schema.org\",\"@graph\":[{\"@type\":\"BlogPosting\",\"@id\":\"https:\\\/\\\/radiojadranka.hr\\\/index.php\\\/2026\\\/09\\\/02\\\/veceras-u-kinu-vladimira-nazora-lizistrata-losinjskog-kazalista-jak\\\/#blogposting\",\"name\":\"Ve\\u010deras u Kinu Vladimira Nazora \\u2013 \\u201eLizistrata\\u201c lo\\u0161injskog kazali\\u0161ta JAK - Radio Mali Lo\\u0161inj - Radio Jadranka\",\"headline\":\"Ve\\u010deras u Kinu Vladimira Nazora \\u2013 \\u201eLizistrata\\u201c lo\\u0161injskog kazali\\u0161ta JAK\",\"author\":{\"@id\":\"https:\\\/\\\/radiojadranka.hr\\\/index.php\\\/author\\\/malibranko\\\/#author\"},\"publisher\":{\"@id\":\"https:\\\/\\\/radiojadranka.hr\\\/#organization\"},\"image\":{\"@type\":\"ImageObject\",\"url\":\"https:\\\/\\\/radiojadranka.hr\\\/wp-content\\\/uploads\\\/2026\\\/09\\\/OLV_20260901205413-scaled.jpg\",\"width\":2560,\"height\":1440,\"caption\":\"oplus_8734638080\"},\"datePublished\":\"2026-09-02T13:31:43+02:00\",\"dateModified\":\"2026-09-02T13:35:55+02:00\",\"inLanguage\":\"hr\",\"mainEntityOfPage\":{\"@id\":\"https:\\\/\\\/radiojadranka.hr\\\/index.php\\\/2026\\\/09\\\/02\\\/veceras-u-kinu-vladimira-nazora-lizistrata-losinjskog-kazalista-jak\\\/#webpage\"},\"isPartOf\":{\"@id\":\"https:\\\/\\\/radiojadranka.hr\\\/index.php\\\/2026\\\/09\\\/02\\\/veceras-u-kinu-vladimira-nazora-lizistrata-losinjskog-kazalista-jak\\\/#webpage\"},\"articleSection\":\"Vijesti, Audio\"},{\"@type\":\"BreadcrumbList\",\"@id\":\"https:\\\/\\\/radiojadranka.hr\\\/index.php\\\/2026\\\/09\\\/02\\\/veceras-u-kinu-vladimira-nazora-lizistrata-losinjskog-kazalista-jak\\\/#breadcrumblist\",\"itemListElement\":[{\"@type\":\"ListItem\",\"@id\":\"https:\\\/\\\/radiojadranka.hr#listItem\",\"position\":1,\"name\":\"Home\",\"item\":\"https:\\\/\\\/radiojadranka.hr\",\"nextItem\":{\"@type\":\"ListItem\",\"@id\":\"https:\\\/\\\/radiojadranka.hr\\\/index.php\\\/category\\\/vijesti\\\/#listItem\",\"name\":\"Vijesti\"}},{\"@type\":\"ListItem\",\"@id\":\"https:\\\/\\\/radiojadranka.hr\\\/index.php\\\/category\\\/vijesti\\\/#listItem\",\"position\":2,\"name\":\"Vijesti\",\"item\":\"https:\\\/\\\/radiojadranka.hr\\\/index.php\\\/category\\\/vijesti\\\/\",\"nextItem\":{\"@type\":\"ListItem\",\"@id\":\"https:\\\/\\\/radiojadranka.hr\\\/index.php\\\/2026\\\/09\\\/02\\\/veceras-u-kinu-vladimira-nazora-lizistrata-losinjskog-kazalista-jak\\\/#listItem\",\"name\":\"Ve\\u010deras u Kinu Vladimira Nazora \\u2013 \\u201eLizistrata\\u201c lo\\u0161injskog kazali\\u0161ta JAK\"},\"previousItem\":{\"@type\":\"ListItem\",\"@id\":\"https:\\\/\\\/radiojadranka.hr#listItem\",\"name\":\"Home\"}},{\"@type\":\"ListItem\",\"@id\":\"https:\\\/\\\/radiojadranka.hr\\\/index.php\\\/2026\\\/09\\\/02\\\/veceras-u-kinu-vladimira-nazora-lizistrata-losinjskog-kazalista-jak\\\/#listItem\",\"position\":3,\"name\":\"Ve\\u010deras u Kinu Vladimira Nazora \\u2013 \\u201eLizistrata\\u201c lo\\u0161injskog kazali\\u0161ta JAK\",\"previousItem\":{\"@type\":\"ListItem\",\"@id\":\"https:\\\/\\\/radiojadranka.hr\\\/index.php\\\/category\\\/vijesti\\\/#listItem\",\"name\":\"Vijesti\"}}]},{\"@type\":\"Organization\",\"@id\":\"https:\\\/\\\/radiojadranka.hr\\\/#organization\",\"name\":\"Radio Mali Lo\\u0161inj - Radio Jadranka\",\"description\":\"Slu\\u0161ajte oto\\u010dne valove\",\"url\":\"https:\\\/\\\/radiojadranka.hr\\\/\",\"telephone\":\"+38551233015\",\"logo\":{\"@type\":\"ImageObject\",\"url\":\"https:\\\/\\\/radiojadranka.hr\\\/wp-content\\\/uploads\\\/2023\\\/03\\\/radioloinjlogo_2-12-removebg-preview.png\",\"@id\":\"https:\\\/\\\/radiojadranka.hr\\\/index.php\\\/2026\\\/09\\\/02\\\/veceras-u-kinu-vladimira-nazora-lizistrata-losinjskog-kazalista-jak\\\/#organizationLogo\",\"width\":642,\"height\":389},\"image\":{\"@id\":\"https:\\\/\\\/radiojadranka.hr\\\/index.php\\\/2026\\\/09\\\/02\\\/veceras-u-kinu-vladimira-nazora-lizistrata-losinjskog-kazalista-jak\\\/#organizationLogo\"},\"sameAs\":[\"https:\\\/\\\/www.facebook.com\\\/RadioJadranka\",\"https:\\\/\\\/twitter.com\\\/RadioJadranka\",\"https:\\\/\\\/www.instagram.com\\\/radiojadranka\"]},{\"@type\":\"Person\",\"@id\":\"https:\\\/\\\/radiojadranka.hr\\\/index.php\\\/author\\\/malibranko\\\/#author\",\"url\":\"https:\\\/\\\/radiojadranka.hr\\\/index.php\\\/author\\\/malibranko\\\/\",\"name\":\"Branko Domac\",\"image\":{\"@type\":\"ImageObject\",\"@id\":\"https:\\\/\\\/radiojadranka.hr\\\/index.php\\\/2026\\\/09\\\/02\\\/veceras-u-kinu-vladimira-nazora-lizistrata-losinjskog-kazalista-jak\\\/#authorImage\",\"url\":\"https:\\\/\\\/radiojadranka.hr\\\/wp-content\\\/litespeed\\\/avatar\\\/631f8b39d10645ef2d3a5b12345dd990.jpg?ver=1788270586\",\"width\":96,\"height\":96,\"caption\":\"Branko Domac\"}},{\"@type\":\"WebPage\",\"@id\":\"https:\\\/\\\/radiojadranka.hr\\\/index.php\\\/2026\\\/09\\\/02\\\/veceras-u-kinu-vladimira-nazora-lizistrata-losinjskog-kazalista-jak\\\/#webpage\",\"url\":\"https:\\\/\\\/radiojadranka.hr\\\/index.php\\\/2026\\\/09\\\/02\\\/veceras-u-kinu-vladimira-nazora-lizistrata-losinjskog-kazalista-jak\\\/\",\"name\":\"Ve\\u010deras u Kinu Vladimira Nazora \\u2013 \\u201eLizistrata\\u201c lo\\u0161injskog kazali\\u0161ta JAK - Radio Mali Lo\\u0161inj - Radio Jadranka\",\"description\":\"Lo\\u0161injsko kazali\\u0161te JAK ve\\u010deras ponovno izvodi bezvremensku komediju \\u201eLizistrata\\u201c, jedno od najpoznatijih djela gr\\u010dkog Aristofana. Predstava donosi duhovitu pri\\u010du o \\u017eenama koje odlu\\u010duju stati na kraj ratu na nesvakida\\u0161nji na\\u010din, a i danas osvaja publiku humorom, o\\u0161troumnim dijalozima i sna\\u017enom porukom o va\\u017enosti mira. Po\\u010detak predstave je u 21:00 sat u Kinu Vladimira Nazora u\",\"inLanguage\":\"hr\",\"isPartOf\":{\"@id\":\"https:\\\/\\\/radiojadranka.hr\\\/#website\"},\"breadcrumb\":{\"@id\":\"https:\\\/\\\/radiojadranka.hr\\\/index.php\\\/2026\\\/09\\\/02\\\/veceras-u-kinu-vladimira-nazora-lizistrata-losinjskog-kazalista-jak\\\/#breadcrumblist\"},\"author\":{\"@id\":\"https:\\\/\\\/radiojadranka.hr\\\/index.php\\\/author\\\/malibranko\\\/#author\"},\"creator\":{\"@id\":\"https:\\\/\\\/radiojadranka.hr\\\/index.php\\\/author\\\/malibranko\\\/#author\"},\"image\":{\"@type\":\"ImageObject\",\"url\":\"https:\\\/\\\/radiojadranka.hr\\\/wp-content\\\/uploads\\\/2026\\\/09\\\/OLV_20260901205413-scaled.jpg\",\"@id\":\"https:\\\/\\\/radiojadranka.hr\\\/index.php\\\/2026\\\/09\\\/02\\\/veceras-u-kinu-vladimira-nazora-lizistrata-losinjskog-kazalista-jak\\\/#mainImage\",\"width\":2560,\"height\":1440,\"caption\":\"oplus_8734638080\"},\"primaryImageOfPage\":{\"@id\":\"https:\\\/\\\/radiojadranka.hr\\\/index.php\\\/2026\\\/09\\\/02\\\/veceras-u-kinu-vladimira-nazora-lizistrata-losinjskog-kazalista-jak\\\/#mainImage\"},\"datePublished\":\"2026-09-02T13:31:43+02:00\",\"dateModified\":\"2026-09-02T13:35:55+02:00\"},{\"@type\":\"WebSite\",\"@id\":\"https:\\\/\\\/radiojadranka.hr\\\/#website\",\"url\":\"https:\\\/\\\/radiojadranka.hr\\\/\",\"name\":\"Radio Mali Lo\\u0161inj - Radio Jadranka\",\"description\":\"Slu\\u0161ajte oto\\u010dne valove\",\"inLanguage\":\"hr\",\"publisher\":{\"@id\":\"https:\\\/\\\/radiojadranka.hr\\\/#organization\"}}]}\n\t\t<\/script>\n\t\t<!-- All in One SEO -->\n\n","aioseo_head_json":{"title":"Ve\u010deras u Kinu Vladimira Nazora \u2013 \u201eLizistrata\u201c lo\u0161injskog kazali\u0161ta JAK - Radio Mali Lo\u0161inj - Radio Jadranka","description":"Lo\u0161injsko kazali\u0161te JAK ve\u010deras ponovno izvodi bezvremensku komediju \u201eLizistrata\u201c, jedno od najpoznatijih djela gr\u010dkog Aristofana. Predstava donosi duhovitu pri\u010du o \u017eenama koje odlu\u010duju stati na kraj ratu na nesvakida\u0161nji na\u010din, a i danas osvaja publiku humorom, o\u0161troumnim dijalozima i sna\u017enom porukom o va\u017enosti mira. Po\u010detak predstave je u 21:00 sat u Kinu Vladimira Nazora u","canonical_url":"https:\/\/radiojadranka.hr\/index.php\/2026\/09\/02\/veceras-u-kinu-vladimira-nazora-lizistrata-losinjskog-kazalista-jak\/","robots":"max-image-preview:large","keywords":"","webmasterTools":{"miscellaneous":""},"schema":{"@context":"https:\/\/schema.org","@graph":[{"@type":"BlogPosting","@id":"https:\/\/radiojadranka.hr\/index.php\/2026\/09\/02\/veceras-u-kinu-vladimira-nazora-lizistrata-losinjskog-kazalista-jak\/#blogposting","name":"Ve\u010deras u Kinu Vladimira Nazora \u2013 \u201eLizistrata\u201c lo\u0161injskog kazali\u0161ta JAK - Radio Mali Lo\u0161inj - Radio Jadranka","headline":"Ve\u010deras u Kinu Vladimira Nazora \u2013 \u201eLizistrata\u201c lo\u0161injskog kazali\u0161ta JAK","author":{"@id":"https:\/\/radiojadranka.hr\/index.php\/author\/malibranko\/#author"},"publisher":{"@id":"https:\/\/radiojadranka.hr\/#organization"},"image":{"@type":"ImageObject","url":"https:\/\/radiojadranka.hr\/wp-content\/uploads\/2026\/09\/OLV_20260901205413-scaled.jpg","width":2560,"height":1440,"caption":"oplus_8734638080"},"datePublished":"2026-09-02T13:31:43+02:00","dateModified":"2026-09-02T13:35:55+02:00","inLanguage":"hr","mainEntityOfPage":{"@id":"https:\/\/radiojadranka.hr\/index.php\/2026\/09\/02\/veceras-u-kinu-vladimira-nazora-lizistrata-losinjskog-kazalista-jak\/#webpage"},"isPartOf":{"@id":"https:\/\/radiojadranka.hr\/index.php\/2026\/09\/02\/veceras-u-kinu-vladimira-nazora-lizistrata-losinjskog-kazalista-jak\/#webpage"},"articleSection":"Vijesti, Audio"},{"@type":"BreadcrumbList","@id":"https:\/\/radiojadranka.hr\/index.php\/2026\/09\/02\/veceras-u-kinu-vladimira-nazora-lizistrata-losinjskog-kazalista-jak\/#breadcrumblist","itemListElement":[{"@type":"ListItem","@id":"https:\/\/radiojadranka.hr#listItem","position":1,"name":"Home","item":"https:\/\/radiojadranka.hr","nextItem":{"@type":"ListItem","@id":"https:\/\/radiojadranka.hr\/index.php\/category\/vijesti\/#listItem","name":"Vijesti"}},{"@type":"ListItem","@id":"https:\/\/radiojadranka.hr\/index.php\/category\/vijesti\/#listItem","position":2,"name":"Vijesti","item":"https:\/\/radiojadranka.hr\/index.php\/category\/vijesti\/","nextItem":{"@type":"ListItem","@id":"https:\/\/radiojadranka.hr\/index.php\/2026\/09\/02\/veceras-u-kinu-vladimira-nazora-lizistrata-losinjskog-kazalista-jak\/#listItem","name":"Ve\u010deras u Kinu Vladimira Nazora \u2013 \u201eLizistrata\u201c lo\u0161injskog kazali\u0161ta JAK"},"previousItem":{"@type":"ListItem","@id":"https:\/\/radiojadranka.hr#listItem","name":"Home"}},{"@type":"ListItem","@id":"https:\/\/radiojadranka.hr\/index.php\/2026\/09\/02\/veceras-u-kinu-vladimira-nazora-lizistrata-losinjskog-kazalista-jak\/#listItem","position":3,"name":"Ve\u010deras u Kinu Vladimira Nazora \u2013 \u201eLizistrata\u201c lo\u0161injskog kazali\u0161ta JAK","previousItem":{"@type":"ListItem","@id":"https:\/\/radiojadranka.hr\/index.php\/category\/vijesti\/#listItem","name":"Vijesti"}}]},{"@type":"Organization","@id":"https:\/\/radiojadranka.hr\/#organization","name":"Radio Mali Lo\u0161inj - Radio Jadranka","description":"Slu\u0161ajte oto\u010dne valove","url":"https:\/\/radiojadranka.hr\/","telephone":"+38551233015","logo":{"@type":"ImageObject","url":"https:\/\/radiojadranka.hr\/wp-content\/uploads\/2023\/03\/radioloinjlogo_2-12-removebg-preview.png","@id":"https:\/\/radiojadranka.hr\/index.php\/2026\/09\/02\/veceras-u-kinu-vladimira-nazora-lizistrata-losinjskog-kazalista-jak\/#organizationLogo","width":642,"height":389},"image":{"@id":"https:\/\/radiojadranka.hr\/index.php\/2026\/09\/02\/veceras-u-kinu-vladimira-nazora-lizistrata-losinjskog-kazalista-jak\/#organizationLogo"},"sameAs":["https:\/\/www.facebook.com\/RadioJadranka","https:\/\/twitter.com\/RadioJadranka","https:\/\/www.instagram.com\/radiojadranka"]},{"@type":"Person","@id":"https:\/\/radiojadranka.hr\/index.php\/author\/malibranko\/#author","url":"https:\/\/radiojadranka.hr\/index.php\/author\/malibranko\/","name":"Branko Domac","image":{"@type":"ImageObject","@id":"https:\/\/radiojadranka.hr\/index.php\/2026\/09\/02\/veceras-u-kinu-vladimira-nazora-lizistrata-losinjskog-kazalista-jak\/#authorImage","url":"https:\/\/radiojadranka.hr\/wp-content\/litespeed\/avatar\/631f8b39d10645ef2d3a5b12345dd990.jpg?ver=1788270586","width":96,"height":96,"caption":"Branko Domac"}},{"@type":"WebPage","@id":"https:\/\/radiojadranka.hr\/index.php\/2026\/09\/02\/veceras-u-kinu-vladimira-nazora-lizistrata-losinjskog-kazalista-jak\/#webpage","url":"https:\/\/radiojadranka.hr\/index.php\/2026\/09\/02\/veceras-u-kinu-vladimira-nazora-lizistrata-losinjskog-kazalista-jak\/","name":"Ve\u010deras u Kinu Vladimira Nazora \u2013 \u201eLizistrata\u201c lo\u0161injskog kazali\u0161ta JAK - Radio Mali Lo\u0161inj - Radio Jadranka","description":"Lo\u0161injsko kazali\u0161te JAK ve\u010deras ponovno izvodi bezvremensku komediju \u201eLizistrata\u201c, jedno od najpoznatijih djela gr\u010dkog Aristofana. Predstava donosi duhovitu pri\u010du o \u017eenama koje odlu\u010duju stati na kraj ratu na nesvakida\u0161nji na\u010din, a i danas osvaja publiku humorom, o\u0161troumnim dijalozima i sna\u017enom porukom o va\u017enosti mira. Po\u010detak predstave je u 21:00 sat u Kinu Vladimira Nazora u","inLanguage":"hr","isPartOf":{"@id":"https:\/\/radiojadranka.hr\/#website"},"breadcrumb":{"@id":"https:\/\/radiojadranka.hr\/index.php\/2026\/09\/02\/veceras-u-kinu-vladimira-nazora-lizistrata-losinjskog-kazalista-jak\/#breadcrumblist"},"author":{"@id":"https:\/\/radiojadranka.hr\/index.php\/author\/malibranko\/#author"},"creator":{"@id":"https:\/\/radiojadranka.hr\/index.php\/author\/malibranko\/#author"},"image":{"@type":"ImageObject","url":"https:\/\/radiojadranka.hr\/wp-content\/uploads\/2026\/09\/OLV_20260901205413-scaled.jpg","@id":"https:\/\/radiojadranka.hr\/index.php\/2026\/09\/02\/veceras-u-kinu-vladimira-nazora-lizistrata-losinjskog-kazalista-jak\/#mainImage","width":2560,"height":1440,"caption":"oplus_8734638080"},"primaryImageOfPage":{"@id":"https:\/\/radiojadranka.hr\/index.php\/2026\/09\/02\/veceras-u-kinu-vladimira-nazora-lizistrata-losinjskog-kazalista-jak\/#mainImage"},"datePublished":"2026-09-02T13:31:43+02:00","dateModified":"2026-09-02T13:35:55+02:00"},{"@type":"WebSite","@id":"https:\/\/radiojadranka.hr\/#website","url":"https:\/\/radiojadranka.hr\/","name":"Radio Mali Lo\u0161inj - Radio Jadranka","description":"Slu\u0161ajte oto\u010dne valove","inLanguage":"hr","publisher":{"@id":"https:\/\/radiojadranka.hr\/#organization"}}]},"og:locale":"hr_HR","og:site_name":"Radio Mali Lo\u0161inj - Radio Jadranka - Slu\u0161ajte oto\u010dne valove","og:type":"article","og:title":"Ve\u010deras u Kinu Vladimira Nazora \u2013 \u201eLizistrata\u201c lo\u0161injskog kazali\u0161ta JAK - Radio Mali Lo\u0161inj - Radio Jadranka","og:description":"Lo\u0161injsko kazali\u0161te JAK ve\u010deras ponovno izvodi bezvremensku komediju \u201eLizistrata\u201c, jedno od najpoznatijih djela gr\u010dkog Aristofana. Predstava donosi duhovitu pri\u010du o \u017eenama koje odlu\u010duju stati na kraj ratu na nesvakida\u0161nji na\u010din, a i danas osvaja publiku humorom, o\u0161troumnim dijalozima i sna\u017enom porukom o va\u017enosti mira. Po\u010detak predstave je u 21:00 sat u Kinu Vladimira Nazora u","og:url":"https:\/\/radiojadranka.hr\/index.php\/2026\/09\/02\/veceras-u-kinu-vladimira-nazora-lizistrata-losinjskog-kazalista-jak\/","og:image":"https:\/\/radiojadranka.hr\/wp-content\/uploads\/2026\/09\/OLV_20260901205413-scaled.jpg","og:image:secure_url":"https:\/\/radiojadranka.hr\/wp-content\/uploads\/2026\/09\/OLV_20260901205413-scaled.jpg","og:image:width":2560,"og:image:height":1440,"article:published_time":"2026-09-02T11:31:43+00:00","article:modified_time":"2026-09-02T11:35:55+00:00","article:publisher":"https:\/\/www.facebook.com\/RadioJadranka","twitter:card":"summary_large_image","twitter:site":"@RadioJadranka","twitter:title":"Ve\u010deras u Kinu Vladimira Nazora \u2013 \u201eLizistrata\u201c lo\u0161injskog kazali\u0161ta JAK - Radio Mali Lo\u0161inj - Radio Jadranka","twitter:description":"Lo\u0161injsko kazali\u0161te JAK ve\u010deras ponovno izvodi bezvremensku komediju \u201eLizistrata\u201c, jedno od najpoznatijih djela gr\u010dkog Aristofana. Predstava donosi duhovitu pri\u010du o \u017eenama koje odlu\u010duju stati na kraj ratu na nesvakida\u0161nji na\u010din, a i danas osvaja publiku humorom, o\u0161troumnim dijalozima i sna\u017enom porukom o va\u017enosti mira. Po\u010detak predstave je u 21:00 sat u Kinu Vladimira Nazora u","twitter:creator":"@RadioJadranka","twitter:image":"https:\/\/radiojadranka.hr\/wp-content\/uploads\/2021\/01\/cropped-Radiologo_new_v2.png"},"aioseo_meta_data":{"post_id":"16373","title":null,"description":null,"keywords":null,"keyphrases":{"focus":{"keyphrase":"","score":0,"analysis":{"keyphraseInTitle":{"score":0,"maxScore":9,"error":1}}},"additional":[]},"primary_term":null,"canonical_url":null,"og_title":null,"og_description":null,"og_object_type":"default","og_image_type":"default","og_image_url":null,"og_image_width":null,"og_image_height":null,"og_image_custom_url":null,"og_image_custom_fields":null,"og_video":"","og_custom_url":null,"og_article_section":null,"og_article_tags":null,"twitter_use_og":false,"twitter_card":"default","twitter_image_type":"default","twitter_image_url":null,"twitter_image_custom_url":null,"twitter_image_custom_fields":null,"twitter_title":null,"twitter_description":null,"schema":{"blockGraphs":[],"customGraphs":[],"default":{"data":{"Article":[],"Course":[],"Dataset":[],"FAQPage":[],"Movie":[],"Person":[],"Product":[],"ProductReview":[],"Car":[],"Recipe":[],"Service":[],"SoftwareApplication":[],"WebPage":[]},"graphName":"BlogPosting","isEnabled":true},"graphs":[]},"schema_type":"default","schema_type_options":null,"pillar_content":false,"robots_default":true,"robots_noindex":false,"robots_noarchive":false,"robots_nosnippet":false,"robots_nofollow":false,"robots_noimageindex":false,"robots_noodp":false,"robots_notranslate":false,"robots_max_snippet":"-1","robots_max_videopreview":"-1","robots_max_imagepreview":"large","priority":null,"frequency":"default","local_seo":null,"breadcrumb_settings":null,"limit_modified_date":false,"ai":{"faqs":[],"keyPoints":[],"schemas":[],"titles":[],"descriptions":[],"socialPosts":{"email":{"subject":"","preview":"","content":""},"linkedin":[],"twitter":[],"facebook":[],"instagram":[]}},"created":"2026-09-02 11:31:43","updated":"2026-09-02 12:20:14","seo_analyzer_scan_date":null,"focus_keyword":null,"additional_keywords":null,"truseo_locale":null},"aioseo_breadcrumb":"<div class=\"aioseo-breadcrumbs\"><span class=\"aioseo-breadcrumb\">\n\t\t\t<a href=\"https:\/\/radiojadranka.hr\" title=\"Home\">Home<\/a>\n\t\t<\/span><span class=\"aioseo-breadcrumb-separator\">&raquo;<\/span><span class=\"aioseo-breadcrumb\">\n\t\t\t<a href=\"https:\/\/radiojadranka.hr\/index.php\/category\/vijesti\/\" title=\"Vijesti\">Vijesti<\/a>\n\t\t<\/span><span class=\"aioseo-breadcrumb-separator\">&raquo;<\/span><span class=\"aioseo-breadcrumb\">\n\t\t\tVe\u010deras u Kinu Vladimira Nazora \u2013 \u201eLizistrata\u201c lo\u0161injskog kazali\u0161ta JAK\n\t\t<\/span><\/div>","aioseo_breadcrumb_json":[{"label":"Home","link":"https:\/\/radiojadranka.hr"},{"label":"Vijesti","link":"https:\/\/radiojadranka.hr\/index.php\/category\/vijesti\/"},{"label":"Ve\u010deras u Kinu Vladimira Nazora \u2013 \u201eLizistrata\u201c lo\u0161injskog kazali\u0161ta JAK","link":"https:\/\/radiojadranka.hr\/index.php\/2026\/09\/02\/veceras-u-kinu-vladimira-nazora-lizistrata-losinjskog-kazalista-jak\/"}],"_links":{"self":[{"href":"https:\/\/radiojadranka.hr\/index.php\/wp-json\/wp\/v2\/posts\/16373","targetHints":{"allow":["GET"]}}],"collection":[{"href":"https:\/\/radiojadranka.hr\/index.php\/wp-json\/wp\/v2\/posts"}],"about":[{"href":"https:\/\/radiojadranka.hr\/index.php\/wp-json\/wp\/v2\/types\/post"}],"author":[{"embeddable":true,"href":"https:\/\/radiojadranka.hr\/index.php\/wp-json\/wp\/v2\/users\/2"}],"replies":[{"embeddable":true,"href":"https:\/\/radiojadranka.hr\/index.php\/wp-json\/wp\/v2\/comments?post=16373"}],"version-history":[{"count":3,"href":"https:\/\/radiojadranka.hr\/index.php\/wp-json\/wp\/v2\/posts\/16373\/revisions"}],"predecessor-version":[{"id":16378,"href":"https:\/\/radiojadranka.hr\/index.php\/wp-json\/wp\/v2\/posts\/16373\/revisions\/16378"}],"wp:featuredmedia":[{"embeddable":true,"href":"https:\/\/radiojadranka.hr\/index.php\/wp-json\/wp\/v2\/media\/16374"}],"wp:attachment":[{"href":"https:\/\/radiojadranka.hr\/index.php\/wp-json\/wp\/v2\/media?parent=16373"}],"wp:term":[{"taxonomy":"category","embeddable":true,"href":"https:\/\/radiojadranka.hr\/index.php\/wp-json\/wp\/v2\/categories?post=16373"},{"taxonomy":"post_tag","embeddable":true,"href":"https:\/\/radiojadranka.hr\/index.php\/wp-json\/wp\/v2\/tags?post=16373"}],"curies":[{"name":"wp","href":"https:\/\/api.w.org\/{rel}","templated":true}]}}