{"id":15226,"date":"2026-05-01T15:29:13","date_gmt":"2026-05-01T13:29:13","guid":{"rendered":"https:\/\/radiojadranka.hr\/?p=15226"},"modified":"2026-05-01T15:35:30","modified_gmt":"2026-05-01T13:35:30","slug":"jerko-kuseta-o-politickoj-situaciji-u-malom-losinju-fokus-na-zdravstvu-i-demografiji-a-ne-na-stranackim-preslagivanjima","status":"publish","type":"post","link":"https:\/\/radiojadranka.hr\/index.php\/2026\/05\/01\/jerko-kuseta-o-politickoj-situaciji-u-malom-losinju-fokus-na-zdravstvu-i-demografiji-a-ne-na-stranackim-preslagivanjima\/","title":{"rendered":"Jerko Ku\u0161eta o politi\u010dkoj situaciji u Malom Lo\u0161inju: Fokus na zdravstvu i demografiji, a ne na strana\u010dkim preslagivanjima"},"content":{"rendered":"<p data-path-to-node=\"3\"><b data-path-to-node=\"3\" data-index-in-node=\"0\"><span dir=\"auto\">Veli Lo\u0161inj<\/span><\/b><span dir=\"auto\">\u00a0\u2013 Gradski vije\u0107nik Jerko Ku\u0161eta, koji u aktualnom sazivu Gradskog vije\u0107a djeluje kao nezavisni kandidat na zajedni\u010dkoj listi sa SDP-om, osvrnuo se na recentna politi\u010dka zbivanja u gradu te jasno definirao svoje prioritete za nastavak mandata u 2026. godini.<\/span><\/p>\n<h3 data-path-to-node=\"4\"><b data-path-to-node=\"4\" data-index-in-node=\"0\"><span dir=\"auto\">Nezavisnost mandata i otvorenost za suradnju<\/span><\/b><\/h3>\n<p data-path-to-node=\"5\"><span dir=\"auto\">Komentiraju\u0107i transformaciju SDP-a i najnovije izjave unutar oporbenog bloka, koje je nazvao \u201enespretnim i dvosmislenim\u201c, Ku\u0161eta je istaknuo kako na svom mandatu prvenstveno duguje sugra\u0111anima koji su mu dali povjerenje kao nezavisnom pojedincu.<\/span><\/p>\n<ul data-path-to-node=\"6\">\n<li>\n<p data-path-to-node=\"6,0,0\"><b data-path-to-node=\"6,0,0\" data-index-in-node=\"0\"><span dir=\"auto\">Odbacivanje politi\u010dkih \u0161pekulacija:<\/span><\/b><span dir=\"auto\"> Ku\u0161eta je istaknuo da oporbeni blok nije vodio zajedni\u010dke razgovore koji bi potvrdili jedinstven stav iza svih politika SDP-a.<\/span><\/p>\n<\/li>\n<li>\n<p data-path-to-node=\"6,1,0\"><b data-path-to-node=\"6,1,0\" data-index-in-node=\"0\"><span dir=\"auto\">Transparentan rad:<\/span><\/b><span dir=\"auto\"> Svoj rad u Vije\u0107u opisuje kao apsolutno odgovoran, neovisan i otvoren za suradnju sa svim akterima, bez obzira na strana\u010dku pripadnost, dok god je cilj boljitak zajednice.<\/span><\/p>\n<\/li>\n<\/ul>\n<h3 data-path-to-node=\"7\"><b data-path-to-node=\"7\" data-index-in-node=\"0\"><span dir=\"auto\">Klju\u010dni problemi: Zdravstvo, demografija i infrastruktura<\/span><\/b><\/h3>\n<p data-path-to-node=\"8\"><span dir=\"auto\">Vije\u0107nik Ku\u0161eta upozorio je da se fokus javnosti i politike mora vratiti na konkretne probleme koji ti\u0161te stanovnike Lo\u0161inja, umjesto na politi\u010dka preslagivanja.<\/span><\/p>\n<ol start=\"1\" data-path-to-node=\"9\">\n<li>\n<p data-path-to-node=\"9,0,0\"><b data-path-to-node=\"9,0,0\" data-index-in-node=\"0\"><span dir=\"auto\">Zdravstvena za\u0161tita pod lupom:<\/span><\/b><span dir=\"auto\"> Ku\u0161eta je podsjetio da je zdravstvo u nadle\u017enosti \u017dupanije, ali da Grad mora aktivno inzistirati na vi\u0161oj razini usluge. Istaknuo je nu\u017enost osiguranja dovoljnog broja lije\u010dnika obiteljske medicine i specijalisti\u010dkih ambulanti.<\/span><\/p>\n<\/li>\n<li>\n<p data-path-to-node=\"9,1,0\"><b data-path-to-node=\"9,1,0\" data-index-in-node=\"0\"><span dir=\"auto\">Demografski i infrastrukturni pritisci:<\/span><\/b><span dir=\"auto\"> Kao turisti\u010dka sredina, Lo\u0161inj ljeti trpi ogromne pritiske na infrastrukturu, dok demografski problemi specifi\u010dni za mu\u0161ku oto\u010dnu sredinu zahtijevaju dugoro\u010dna rje\u0161enja.<\/span><\/p>\n<\/li>\n<\/ol>\n<blockquote data-path-to-node=\"10\">\n<p data-path-to-node=\"10,0\"><span dir=\"auto\">\u201eU 2026. godini uop\u0107e ne bi trebala biti tema koji nam specijalisti<\/span> trebaju<span dir=\"auto\">, ve\u0107 kako ih \u0161to br\u017ee dovesti na otok\u201c, poru\u010dio je Ku\u0161eta, zaklju\u010div\u0161i kako Lo\u0161inj kao najve\u0107i grad na otocima zaslu\u017euje vrhunsku zdravstvenu za\u0161titu.<\/span><\/p>\n<p data-path-to-node=\"10,0\">poslu\u0161ajte snimku&#8230;<\/p>\n<p><iframe title=\"010526 Jerko Kuseta\" width=\"100%\" height=\"120\" src=\"https:\/\/www.mixcloud.com\/widget\/iframe\/?feed=https%3A%2F%2Fwww.mixcloud.com%2Fradio_jadranka%2F010526-jerko-kuseta%2F&amp;hide_cover=1\" frameborder=\"0\" allow=\"encrypted-media; fullscreen; autoplay; idle-detection; speaker-selection; web-share;\"><\/iframe><\/p><\/blockquote>\n<p data-path-to-node=\"10,0\">\n","protected":false},"excerpt":{"rendered":"<p>Veli Lo\u0161inj\u00a0\u2013 Gradski vije\u0107nik Jerko Ku\u0161eta, koji u aktualnom sazivu Gradskog vije\u0107a djeluje kao nezavisni kandidat na zajedni\u010dkoj listi sa SDP-om, osvrnuo se na recentna politi\u010dka zbivanja u gradu te jasno definirao svoje prioritete za nastavak mandata u 2026. godini. Nezavisnost mandata i otvorenost za suradnju Komentiraju\u0107i transformaciju SDP-a i ...<\/p>\n","protected":false},"author":2,"featured_media":14288,"comment_status":"closed","ping_status":"open","sticky":false,"template":"","format":"audio","meta":{"footnotes":""},"categories":[72],"tags":[],"class_list":["post-15226","post","type-post","status-publish","format-audio","has-post-thumbnail","hentry","category-vijesti","post_format-post-format-audio"],"aioseo_notices":[],"_links":{"self":[{"href":"https:\/\/radiojadranka.hr\/index.php\/wp-json\/wp\/v2\/posts\/15226","targetHints":{"allow":["GET"]}}],"collection":[{"href":"https:\/\/radiojadranka.hr\/index.php\/wp-json\/wp\/v2\/posts"}],"about":[{"href":"https:\/\/radiojadranka.hr\/index.php\/wp-json\/wp\/v2\/types\/post"}],"author":[{"embeddable":true,"href":"https:\/\/radiojadranka.hr\/index.php\/wp-json\/wp\/v2\/users\/2"}],"replies":[{"embeddable":true,"href":"https:\/\/radiojadranka.hr\/index.php\/wp-json\/wp\/v2\/comments?post=15226"}],"version-history":[{"count":3,"href":"https:\/\/radiojadranka.hr\/index.php\/wp-json\/wp\/v2\/posts\/15226\/revisions"}],"predecessor-version":[{"id":15229,"href":"https:\/\/radiojadranka.hr\/index.php\/wp-json\/wp\/v2\/posts\/15226\/revisions\/15229"}],"wp:featuredmedia":[{"embeddable":true,"href":"https:\/\/radiojadranka.hr\/index.php\/wp-json\/wp\/v2\/media\/14288"}],"wp:attachment":[{"href":"https:\/\/radiojadranka.hr\/index.php\/wp-json\/wp\/v2\/media?parent=15226"}],"wp:term":[{"taxonomy":"category","embeddable":true,"href":"https:\/\/radiojadranka.hr\/index.php\/wp-json\/wp\/v2\/categories?post=15226"},{"taxonomy":"post_tag","embeddable":true,"href":"https:\/\/radiojadranka.hr\/index.php\/wp-json\/wp\/v2\/tags?post=15226"}],"curies":[{"name":"wp","href":"https:\/\/api.w.org\/{rel}","templated":true}]}}