{"id":15225,"date":"2026-05-01T17:13:53","date_gmt":"2026-05-01T15:13:53","guid":{"rendered":"https:\/\/radiojadranka.hr\/?p=15225"},"modified":"2026-05-01T17:31:21","modified_gmt":"2026-05-01T15:31:21","slug":"praznik-rada-u-velom-losinju-radna-akcija-druzenje-i-tradicija","status":"publish","type":"post","link":"https:\/\/radiojadranka.hr\/index.php\/2026\/05\/01\/praznik-rada-u-velom-losinju-radna-akcija-druzenje-i-tradicija\/","title":{"rendered":"Praznik rada u Velom Lo\u0161inju: Radna akcija, dru\u017eenje i tradicija"},"content":{"rendered":"<p data-path-to-node=\"3\"><span dir=\"auto\">U Velom Lo\u0161inju Prvi se maj obilje\u017eava na poseban na\u010din \u2013 spojem rada, sporta i zajedni\u0161tva. Stanovnici i posjetitelji okupili su se kod <\/span><b data-path-to-node=\"3\" data-index-in-node=\"137\"><span dir=\"auto\">podru\u010dne \u0161kole<\/span><\/b><span dir=\"auto\"> , gdje je proslava zapo\u010dela vrijednom <\/span><b data-path-to-node=\"3\" data-index-in-node=\"189\"><span dir=\"auto\">eko-akcijom<\/span><\/b><span dir=\"auto\"> .<\/span><\/p>\n<h3 data-path-to-node=\"4\"><b data-path-to-node=\"4\" data-index-in-node=\"0\"><span dir=\"auto\">Ure\u0111enje okoli\u0161a i sportska priprema<\/span><\/b><\/h3>\n<p data-path-to-node=\"5\"><span dir=\"auto\">Kako bi igrali\u0161ta i okoli\u0161 \u0161kole bili spremni za toplije dane i igru \u200b\u200bdjece na otvorenom, organizirana je radna akcija \u010di\u0161\u0107enja i ure\u0111enja. Poseban zna\u010daj ovogodi\u0161nje akcije dala je <\/span><b data-path-to-node=\"5\" data-index-in-node=\"182\"><span dir=\"auto\">sadnja stabla masline<\/span><\/b><span dir=\"auto\"> , \u010dime je dodatno oplemenjen prostor oko \u0161kole.<\/span><\/p>\n<h3 data-path-to-node=\"6\"><b data-path-to-node=\"6\" data-index-in-node=\"0\"><span dir=\"auto\">Tradicionalna gastronomska ponuda<\/span><\/b><\/h3>\n<p data-path-to-node=\"7\"><span dir=\"auto\">Nakon odra\u0111enog posla uslijedilo je zaslu\u017eeno opu\u0161tanje uz nezaobilazni prvosvibanjski grah, <\/span>\u00a0donacija Jadranka hotela.<\/p>\n<ul data-path-to-node=\"8\">\n<li>\n<p data-path-to-node=\"8,1,0\"><b data-path-to-node=\"8,1,0\" data-index-in-node=\"0\"><span dir=\"auto\">Ro\u0161tilj na gradelama<\/span><\/b><span dir=\"auto\"> \u2013 otvoren za sve posjetitelje koji su donijeli vlastito meso i pi\u0107e ste u\u017eivali u zajedni\u010dkoj pripremi hrane.<\/span><\/p>\n<\/li>\n<\/ul>\n<h3 data-path-to-node=\"9\"><b data-path-to-node=\"9\" data-index-in-node=\"0\"><span dir=\"auto\">Sport i zabava za sve generacije<\/span><\/b><\/h3>\n<p data-path-to-node=\"10\"><span dir=\"auto\">Popodnevni sati rezervirani su za sport i razonodu u opu\u0161tenoj atmosferi:<\/span><\/p>\n<ul data-path-to-node=\"11\">\n<li>\n<p data-path-to-node=\"11,0,0\"><b data-path-to-node=\"11,0,0\" data-index-in-node=\"0\"><span dir=\"auto\">Bo\u0107anje i ko\u0161arka<\/span><\/b><span dir=\"auto\"> na novoure\u0111enim terenima.<\/span><\/p>\n<\/li>\n<li>\n<p data-path-to-node=\"11,1,0\"><b data-path-to-node=\"11,1,0\" data-index-in-node=\"0\"><span dir=\"auto\">Nogomet i karta\u0161ke igre<\/span><\/b><span dir=\"auto\"> uz sudjelovanje svih dobnih skupina.<\/span><\/p>\n<\/li>\n<li>\n<p data-path-to-node=\"11,2,0\"><b data-path-to-node=\"11,2,0\" data-index-in-node=\"0\"><span dir=\"auto\">Dje\u010dja igra<\/span><\/b><span dir=\"auto\"> koja je ispunila igrali\u0161te, ba\u0161 kao i pro\u0161le godine kada se okupilo vi\u0161e od 200 ljudi.<\/span><\/p>\n<\/li>\n<\/ul>\n<p data-path-to-node=\"12\"><span dir=\"auto\">Iako je puhala lagana bura, ona nije pokvarila ugo\u0111aj, ve\u0107 je donijela ugodno osvje\u017eenje sudionicima radnih akcija i sportskih susreta. Veli Lo\u0161inj je jo\u0161 jednom pokazao kako se kroz trud i zajedni\u0161tvo najbolje \u010duva tradicija i zajednica.<\/span><\/p>\n\t<div class=\"qtmplayer-playlist-large\">\n\t\t<ul class=\"qtmplayer-playlist\">\n\t\t\t\n\t\t\t\t\t<li class=\"qtmplayer-trackitem qtmplayer-track-inpage\">\n\t\t<img decoding=\"async\" src=\"https:\/\/radiojadranka.hr\/wp-content\/uploads\/2026\/05\/IMG-20260501-WA0004-100x100.jpg\" alt=\"cover\">\t\t<span \t\t\tdata-qtmplayer-cover=\"https:\/\/radiojadranka.hr\/wp-content\/uploads\/2026\/05\/IMG-20260501-WA0004-370x370.jpg\"\n\t\t\t\t\t\tdata-qtmplayer-file=\"https:\/\/radiojadranka.hr\/wp-content\/uploads\/2026\/05\/010526-Prvi-maj-u-Velom-Losinju-Jerko-Kuseta.mp3\"\n\t\t\t\t\t\tdata-qtmplayer-title=\"010526 Prvi maj u Velom Losinju Jerko Kuseta\"\n\t\t\t\t\t\tdata-qtmplayer-link=\"https:\/\/radiojadranka.hr\/index.php\/2026\/05\/01\/praznik-rada-u-velom-losinju-radna-akcija-druzenje-i-tradicija\/\"\n\t\t\t\t\t\tdata-qtmplayer-icon=\"file_download\"\n\t\t\t\t\t\tdata-qtmplayer-type=\"track\"\n\t\t\t class=\"qtmplayer-play qtmplayer-link-sec qtmplayer-play-btn\"><i class='material-icons' aria-label=\"Play\">play_arrow<\/i><\/span>\n\t\t<p>\n\t\t\t<span class=\"qtmplayer-tit\">010526 Prvi maj u Velom Losinju Jerko Kuseta<\/span>\n\t\t\t<span class=\"qtmplayer-art\"><\/span>\n\t\t<\/p>\n\t<\/li>\n\t\t<\/ul>\n\t<\/div>\t\t\t\n\t\n<p data-path-to-node=\"12\"><img fetchpriority=\"high\" decoding=\"async\" class=\"alignnone size-medium wp-image-15230\" src=\"https:\/\/radiojadranka.hr\/wp-content\/uploads\/2026\/05\/IMG-20260501-WA0002-578x770.jpg\" alt=\"\" width=\"578\" height=\"770\" srcset=\"https:\/\/radiojadranka.hr\/wp-content\/uploads\/2026\/05\/IMG-20260501-WA0002-578x770.jpg 578w, https:\/\/radiojadranka.hr\/wp-content\/uploads\/2026\/05\/IMG-20260501-WA0002-878x1170.jpg 878w, https:\/\/radiojadranka.hr\/wp-content\/uploads\/2026\/05\/IMG-20260501-WA0002-768x1024.jpg 768w, https:\/\/radiojadranka.hr\/wp-content\/uploads\/2026\/05\/IMG-20260501-WA0002-1152x1536.jpg 1152w, https:\/\/radiojadranka.hr\/wp-content\/uploads\/2026\/05\/IMG-20260501-WA0002-1536x2048.jpg 1536w, https:\/\/radiojadranka.hr\/wp-content\/uploads\/2026\/05\/IMG-20260501-WA0002.jpg 1690w\" sizes=\"(max-width: 578px) 100vw, 578px\" \/> <img decoding=\"async\" class=\"alignnone size-medium wp-image-15231\" src=\"https:\/\/radiojadranka.hr\/wp-content\/uploads\/2026\/05\/IMG-20260501-WA0004-578x770.jpg\" alt=\"\" width=\"578\" height=\"770\" srcset=\"https:\/\/radiojadranka.hr\/wp-content\/uploads\/2026\/05\/IMG-20260501-WA0004-578x770.jpg 578w, https:\/\/radiojadranka.hr\/wp-content\/uploads\/2026\/05\/IMG-20260501-WA0004-878x1170.jpg 878w, https:\/\/radiojadranka.hr\/wp-content\/uploads\/2026\/05\/IMG-20260501-WA0004-768x1024.jpg 768w, https:\/\/radiojadranka.hr\/wp-content\/uploads\/2026\/05\/IMG-20260501-WA0004-1152x1536.jpg 1152w, https:\/\/radiojadranka.hr\/wp-content\/uploads\/2026\/05\/IMG-20260501-WA0004-1536x2048.jpg 1536w, https:\/\/radiojadranka.hr\/wp-content\/uploads\/2026\/05\/IMG-20260501-WA0004.jpg 1690w\" sizes=\"(max-width: 578px) 100vw, 578px\" \/> <img decoding=\"async\" class=\"alignnone size-medium wp-image-15232\" src=\"https:\/\/radiojadranka.hr\/wp-content\/uploads\/2026\/05\/IMG-20260501-WA0010-578x770.jpg\" alt=\"\" width=\"578\" height=\"770\" srcset=\"https:\/\/radiojadranka.hr\/wp-content\/uploads\/2026\/05\/IMG-20260501-WA0010-578x770.jpg 578w, https:\/\/radiojadranka.hr\/wp-content\/uploads\/2026\/05\/IMG-20260501-WA0010-878x1170.jpg 878w, https:\/\/radiojadranka.hr\/wp-content\/uploads\/2026\/05\/IMG-20260501-WA0010-768x1024.jpg 768w, https:\/\/radiojadranka.hr\/wp-content\/uploads\/2026\/05\/IMG-20260501-WA0010-1152x1536.jpg 1152w, https:\/\/radiojadranka.hr\/wp-content\/uploads\/2026\/05\/IMG-20260501-WA0010-1536x2048.jpg 1536w, https:\/\/radiojadranka.hr\/wp-content\/uploads\/2026\/05\/IMG-20260501-WA0010.jpg 1690w\" sizes=\"(max-width: 578px) 100vw, 578px\" \/><\/p>\n","protected":false},"excerpt":{"rendered":"<p>U Velom Lo\u0161inju Prvi se maj obilje\u017eava na poseban na\u010din \u2013 spojem rada, sporta i zajedni\u0161tva. Stanovnici i posjetitelji okupili su se kod podru\u010dne \u0161kole , gdje je proslava zapo\u010dela vrijednom eko-akcijom . Ure\u0111enje okoli\u0161a i sportska priprema Kako bi igrali\u0161ta i okoli\u0161 \u0161kole bili spremni za toplije dane i ...<\/p>\n","protected":false},"author":2,"featured_media":15231,"comment_status":"closed","ping_status":"open","sticky":false,"template":"","format":"audio","meta":{"footnotes":""},"categories":[72],"tags":[],"class_list":["post-15225","post","type-post","status-publish","format-audio","has-post-thumbnail","hentry","category-vijesti","post_format-post-format-audio"],"aioseo_notices":[],"_links":{"self":[{"href":"https:\/\/radiojadranka.hr\/index.php\/wp-json\/wp\/v2\/posts\/15225","targetHints":{"allow":["GET"]}}],"collection":[{"href":"https:\/\/radiojadranka.hr\/index.php\/wp-json\/wp\/v2\/posts"}],"about":[{"href":"https:\/\/radiojadranka.hr\/index.php\/wp-json\/wp\/v2\/types\/post"}],"author":[{"embeddable":true,"href":"https:\/\/radiojadranka.hr\/index.php\/wp-json\/wp\/v2\/users\/2"}],"replies":[{"embeddable":true,"href":"https:\/\/radiojadranka.hr\/index.php\/wp-json\/wp\/v2\/comments?post=15225"}],"version-history":[{"count":3,"href":"https:\/\/radiojadranka.hr\/index.php\/wp-json\/wp\/v2\/posts\/15225\/revisions"}],"predecessor-version":[{"id":15236,"href":"https:\/\/radiojadranka.hr\/index.php\/wp-json\/wp\/v2\/posts\/15225\/revisions\/15236"}],"wp:featuredmedia":[{"embeddable":true,"href":"https:\/\/radiojadranka.hr\/index.php\/wp-json\/wp\/v2\/media\/15231"}],"wp:attachment":[{"href":"https:\/\/radiojadranka.hr\/index.php\/wp-json\/wp\/v2\/media?parent=15225"}],"wp:term":[{"taxonomy":"category","embeddable":true,"href":"https:\/\/radiojadranka.hr\/index.php\/wp-json\/wp\/v2\/categories?post=15225"},{"taxonomy":"post_tag","embeddable":true,"href":"https:\/\/radiojadranka.hr\/index.php\/wp-json\/wp\/v2\/tags?post=15225"}],"curies":[{"name":"wp","href":"https:\/\/api.w.org\/{rel}","templated":true}]}}