{"id":15196,"date":"2026-04-30T20:07:38","date_gmt":"2026-04-30T18:07:38","guid":{"rendered":"https:\/\/radiojadranka.hr\/?p=15196"},"modified":"2026-04-30T20:22:21","modified_gmt":"2026-04-30T18:22:21","slug":"otvorena-18-festa-losinjske-kuhinje-okusi-vitalnosti-donose-mjesec-vrhunske-gastronomije","status":"publish","type":"post","link":"https:\/\/radiojadranka.hr\/index.php\/2026\/04\/30\/otvorena-18-festa-losinjske-kuhinje-okusi-vitalnosti-donose-mjesec-vrhunske-gastronomije\/","title":{"rendered":"Otvorena 18. Fe\u0161ta lo\u0161injske kuhinje: \u201eOkusi vitalnosti\u201c donose mjesec vrhunske gastronomije"},"content":{"rendered":"<p data-start=\"175\" data-end=\"344\">U Malom Lo\u0161inju, na glavnom gradskom trgu, Trgu Republike Hrvatske,\u00a0 danas je sve\u010dano otvorena 18. Fe\u0161ta lo\u0161injske kuhinje pod nazivom \u201eOkusi vitalnosti\u201c, jedna od najprepoznatljivijih gastronomskih manifestacija na otoku.<\/p>\n<p data-start=\"346\" data-end=\"564\">Otvorenje je zapo\u010delo u 18 sati na Trgu Republike Hrvatske, gdje su brojni posjetitelji imali priliku u\u017eivati u besplatnoj degustaciji oto\u010dnih specijaliteta te upoznati bogatu i raznoliku lo\u0161injsku gastronomsku ponudu.<\/p>\n<p data-start=\"566\" data-end=\"864\">U programu otvorenja sudjeluju u\u010denici ugostiteljskog smjera Srednje \u0161kole Ambroza Hara\u010di\u0107a, dok vinari dodatno oboga\u0107uju do\u017eivljaj prezentacijom svojih vina. Predstavljaju se i sudionici projekta Kvarner \u2013 Europska regija gastronomije, koji kroz svoju ponudu pribli\u017eavaju raznolikost okusa regije.<\/p>\n<p data-start=\"866\" data-end=\"1065\">Ovogodi\u0161nja Fe\u0161ta lo\u0161injske kuhinje traje sve do 31. svibnja 2026. godine, a tijekom tog razdoblja brojni restorani nude posebne \u201eOkusi vitalnosti\u201c jelovnike po promotivnim cijenama od 35 do 45 eura.<\/p>\n<p data-start=\"1067\" data-end=\"1387\">U sredi\u0161tu gastronomske pri\u010de nalaze se autohtoni oto\u010dni sastojci \u2013 svje\u017ea riba, rakovi i \u0161koljke iz lo\u0161injskog akvatorija, oto\u010dna janjetina te aromati\u010dno za\u010dinsko bilje. Jelovnici su osmi\u0161ljeni u skladu s mediteranskim na\u010dinom prehrane, uz naglasak na zdravlje, nutritivnu vrijednost i suvremeni pristup pripremi hrane.<\/p>\n<p data-start=\"1389\" data-end=\"1699\">U manifestaciji sudjeluju brojni lo\u0161injski ugostiteljski objekti: restoran Artatore, gostionica Baracuda, beach bar Borik, konoba Corrado, Deveron Gastro Pub, steak house Diana, restoran Pinia (Lje\u010dili\u0161te Veli Lo\u0161inj), konoba Mare, restoran No\u0161tromo, restoran Silvana, restoran Veli \u017eal te restoran Za Kantuni.<\/p>\n<p data-start=\"1701\" data-end=\"1876\">Organizatori pozivaju sve gra\u0111ane i posjetitelje da se pridru\u017ee i tijekom idu\u0107ih mjesec dana u\u017eivaju u jedinstvenom spoju tradicije, lokalnih namirnica i moderne gastronomije.<\/p>\n<p data-start=\"1878\" data-end=\"2010\">Fe\u0161ta lo\u0161injske kuhinje jo\u0161 jednom potvr\u0111uje Lo\u0161inj kao destinaciju vitalnosti, zdravog \u017eivota i vrhunskog gastronomskog do\u017eivljaja.<\/p>\n<div id='gallery-1' class='gallery galleryid-15196 gallery-columns-3 gallery-size-thumbnail'><figure class='gallery-item'>\n\t\t\t<div class='gallery-icon portrait'>\n\t\t\t\t<a href='https:\/\/radiojadranka.hr\/index.php\/2026\/04\/30\/otvorena-18-festa-losinjske-kuhinje-okusi-vitalnosti-donose-mjesec-vrhunske-gastronomije\/oplus_136314912-28\/'><img decoding=\"async\" width=\"150\" height=\"150\" src=\"https:\/\/radiojadranka.hr\/wp-content\/uploads\/2026\/04\/IMG20260430183740_50-150x150.jpg\" class=\"attachment-thumbnail size-thumbnail\" alt=\"\" aria-describedby=\"gallery-1-15217\" srcset=\"https:\/\/radiojadranka.hr\/wp-content\/uploads\/2026\/04\/IMG20260430183740_50-150x150.jpg 150w, https:\/\/radiojadranka.hr\/wp-content\/uploads\/2026\/04\/IMG20260430183740_50-100x100.jpg 100w, https:\/\/radiojadranka.hr\/wp-content\/uploads\/2026\/04\/IMG20260430183740_50-370x370.jpg 370w\" sizes=\"(max-width: 150px) 100vw, 150px\" \/><\/a>\n\t\t\t<\/div>\n\t\t\t\t<figcaption class='wp-caption-text gallery-caption' id='gallery-1-15217'>\n\t\t\t\toplus_136314912\n\t\t\t\t<\/figcaption><\/figure><figure class='gallery-item'>\n\t\t\t<div class='gallery-icon portrait'>\n\t\t\t\t<a href='https:\/\/radiojadranka.hr\/index.php\/2026\/04\/30\/otvorena-18-festa-losinjske-kuhinje-okusi-vitalnosti-donose-mjesec-vrhunske-gastronomije\/oplus_136314912-27\/'><img decoding=\"async\" width=\"150\" height=\"150\" src=\"https:\/\/radiojadranka.hr\/wp-content\/uploads\/2026\/04\/IMG20260430184232_54-150x150.jpg\" class=\"attachment-thumbnail size-thumbnail\" alt=\"\" srcset=\"https:\/\/radiojadranka.hr\/wp-content\/uploads\/2026\/04\/IMG20260430184232_54-150x150.jpg 150w, https:\/\/radiojadranka.hr\/wp-content\/uploads\/2026\/04\/IMG20260430184232_54-100x100.jpg 100w, https:\/\/radiojadranka.hr\/wp-content\/uploads\/2026\/04\/IMG20260430184232_54-370x370.jpg 370w\" sizes=\"(max-width: 150px) 100vw, 150px\" \/><\/a>\n\t\t\t<\/div><\/figure><figure class='gallery-item'>\n\t\t\t<div class='gallery-icon portrait'>\n\t\t\t\t<a href='https:\/\/radiojadranka.hr\/index.php\/2026\/04\/30\/otvorena-18-festa-losinjske-kuhinje-okusi-vitalnosti-donose-mjesec-vrhunske-gastronomije\/oplus_136314912-26\/'><img decoding=\"async\" width=\"150\" height=\"150\" src=\"https:\/\/radiojadranka.hr\/wp-content\/uploads\/2026\/04\/IMG20260430184216_54-150x150.jpg\" class=\"attachment-thumbnail size-thumbnail\" alt=\"\" srcset=\"https:\/\/radiojadranka.hr\/wp-content\/uploads\/2026\/04\/IMG20260430184216_54-150x150.jpg 150w, https:\/\/radiojadranka.hr\/wp-content\/uploads\/2026\/04\/IMG20260430184216_54-100x100.jpg 100w, https:\/\/radiojadranka.hr\/wp-content\/uploads\/2026\/04\/IMG20260430184216_54-370x370.jpg 370w\" sizes=\"(max-width: 150px) 100vw, 150px\" \/><\/a>\n\t\t\t<\/div><\/figure><figure class='gallery-item'>\n\t\t\t<div class='gallery-icon landscape'>\n\t\t\t\t<a href='https:\/\/radiojadranka.hr\/index.php\/2026\/04\/30\/otvorena-18-festa-losinjske-kuhinje-okusi-vitalnosti-donose-mjesec-vrhunske-gastronomije\/oplus_2097152-47\/'><img loading=\"lazy\" decoding=\"async\" width=\"150\" height=\"150\" src=\"https:\/\/radiojadranka.hr\/wp-content\/uploads\/2026\/04\/IMG20260430184548_50-150x150.jpg\" class=\"attachment-thumbnail size-thumbnail\" alt=\"\" srcset=\"https:\/\/radiojadranka.hr\/wp-content\/uploads\/2026\/04\/IMG20260430184548_50-150x150.jpg 150w, https:\/\/radiojadranka.hr\/wp-content\/uploads\/2026\/04\/IMG20260430184548_50-100x100.jpg 100w, https:\/\/radiojadranka.hr\/wp-content\/uploads\/2026\/04\/IMG20260430184548_50-370x370.jpg 370w\" sizes=\"(max-width: 150px) 100vw, 150px\" \/><\/a>\n\t\t\t<\/div><\/figure><figure class='gallery-item'>\n\t\t\t<div class='gallery-icon portrait'>\n\t\t\t\t<a href='https:\/\/radiojadranka.hr\/index.php\/2026\/04\/30\/otvorena-18-festa-losinjske-kuhinje-okusi-vitalnosti-donose-mjesec-vrhunske-gastronomije\/oplus_136314912-25\/'><img loading=\"lazy\" decoding=\"async\" width=\"150\" height=\"150\" src=\"https:\/\/radiojadranka.hr\/wp-content\/uploads\/2026\/04\/IMG20260430183629_50-150x150.jpg\" class=\"attachment-thumbnail size-thumbnail\" alt=\"\" srcset=\"https:\/\/radiojadranka.hr\/wp-content\/uploads\/2026\/04\/IMG20260430183629_50-150x150.jpg 150w, https:\/\/radiojadranka.hr\/wp-content\/uploads\/2026\/04\/IMG20260430183629_50-100x100.jpg 100w, https:\/\/radiojadranka.hr\/wp-content\/uploads\/2026\/04\/IMG20260430183629_50-370x370.jpg 370w\" sizes=\"(max-width: 150px) 100vw, 150px\" \/><\/a>\n\t\t\t<\/div><\/figure><figure class='gallery-item'>\n\t\t\t<div class='gallery-icon portrait'>\n\t\t\t\t<a href='https:\/\/radiojadranka.hr\/index.php\/2026\/04\/30\/otvorena-18-festa-losinjske-kuhinje-okusi-vitalnosti-donose-mjesec-vrhunske-gastronomije\/oplus_136314912-24\/'><img loading=\"lazy\" decoding=\"async\" width=\"150\" height=\"150\" src=\"https:\/\/radiojadranka.hr\/wp-content\/uploads\/2026\/04\/IMG20260430184313_50-150x150.jpg\" class=\"attachment-thumbnail size-thumbnail\" alt=\"\" srcset=\"https:\/\/radiojadranka.hr\/wp-content\/uploads\/2026\/04\/IMG20260430184313_50-150x150.jpg 150w, https:\/\/radiojadranka.hr\/wp-content\/uploads\/2026\/04\/IMG20260430184313_50-100x100.jpg 100w, https:\/\/radiojadranka.hr\/wp-content\/uploads\/2026\/04\/IMG20260430184313_50-370x370.jpg 370w\" sizes=\"(max-width: 150px) 100vw, 150px\" \/><\/a>\n\t\t\t<\/div><\/figure><figure class='gallery-item'>\n\t\t\t<div class='gallery-icon portrait'>\n\t\t\t\t<a href='https:\/\/radiojadranka.hr\/index.php\/2026\/04\/30\/otvorena-18-festa-losinjske-kuhinje-okusi-vitalnosti-donose-mjesec-vrhunske-gastronomije\/oplus_136314912-23\/'><img loading=\"lazy\" decoding=\"async\" width=\"150\" height=\"150\" src=\"https:\/\/radiojadranka.hr\/wp-content\/uploads\/2026\/04\/IMG20260430183805_01_50-150x150.jpg\" class=\"attachment-thumbnail size-thumbnail\" alt=\"\" srcset=\"https:\/\/radiojadranka.hr\/wp-content\/uploads\/2026\/04\/IMG20260430183805_01_50-150x150.jpg 150w, https:\/\/radiojadranka.hr\/wp-content\/uploads\/2026\/04\/IMG20260430183805_01_50-100x100.jpg 100w, https:\/\/radiojadranka.hr\/wp-content\/uploads\/2026\/04\/IMG20260430183805_01_50-370x370.jpg 370w\" sizes=\"(max-width: 150px) 100vw, 150px\" \/><\/a>\n\t\t\t<\/div><\/figure><figure class='gallery-item'>\n\t\t\t<div class='gallery-icon portrait'>\n\t\t\t\t<a href='https:\/\/radiojadranka.hr\/index.php\/2026\/04\/30\/otvorena-18-festa-losinjske-kuhinje-okusi-vitalnosti-donose-mjesec-vrhunske-gastronomije\/oplus_136314912-22\/'><img loading=\"lazy\" decoding=\"async\" width=\"150\" height=\"150\" src=\"https:\/\/radiojadranka.hr\/wp-content\/uploads\/2026\/04\/IMG20260430183932_50-150x150.jpg\" class=\"attachment-thumbnail size-thumbnail\" alt=\"\" srcset=\"https:\/\/radiojadranka.hr\/wp-content\/uploads\/2026\/04\/IMG20260430183932_50-150x150.jpg 150w, https:\/\/radiojadranka.hr\/wp-content\/uploads\/2026\/04\/IMG20260430183932_50-100x100.jpg 100w, https:\/\/radiojadranka.hr\/wp-content\/uploads\/2026\/04\/IMG20260430183932_50-370x370.jpg 370w\" sizes=\"(max-width: 150px) 100vw, 150px\" \/><\/a>\n\t\t\t<\/div><\/figure><figure class='gallery-item'>\n\t\t\t<div class='gallery-icon portrait'>\n\t\t\t\t<a href='https:\/\/radiojadranka.hr\/index.php\/2026\/04\/30\/otvorena-18-festa-losinjske-kuhinje-okusi-vitalnosti-donose-mjesec-vrhunske-gastronomije\/oplus_136314912-21\/'><img loading=\"lazy\" decoding=\"async\" width=\"150\" height=\"150\" src=\"https:\/\/radiojadranka.hr\/wp-content\/uploads\/2026\/04\/IMG20260430184441_50-150x150.jpg\" class=\"attachment-thumbnail size-thumbnail\" alt=\"\" srcset=\"https:\/\/radiojadranka.hr\/wp-content\/uploads\/2026\/04\/IMG20260430184441_50-150x150.jpg 150w, https:\/\/radiojadranka.hr\/wp-content\/uploads\/2026\/04\/IMG20260430184441_50-100x100.jpg 100w, https:\/\/radiojadranka.hr\/wp-content\/uploads\/2026\/04\/IMG20260430184441_50-370x370.jpg 370w\" sizes=\"(max-width: 150px) 100vw, 150px\" \/><\/a>\n\t\t\t<\/div><\/figure><figure class='gallery-item'>\n\t\t\t<div class='gallery-icon portrait'>\n\t\t\t\t<a href='https:\/\/radiojadranka.hr\/index.php\/2026\/04\/30\/otvorena-18-festa-losinjske-kuhinje-okusi-vitalnosti-donose-mjesec-vrhunske-gastronomije\/oplus_136314912-20\/'><img loading=\"lazy\" decoding=\"async\" width=\"150\" height=\"150\" src=\"https:\/\/radiojadranka.hr\/wp-content\/uploads\/2026\/04\/IMG20260430184419_50-150x150.jpg\" class=\"attachment-thumbnail size-thumbnail\" alt=\"\" srcset=\"https:\/\/radiojadranka.hr\/wp-content\/uploads\/2026\/04\/IMG20260430184419_50-150x150.jpg 150w, https:\/\/radiojadranka.hr\/wp-content\/uploads\/2026\/04\/IMG20260430184419_50-100x100.jpg 100w, https:\/\/radiojadranka.hr\/wp-content\/uploads\/2026\/04\/IMG20260430184419_50-370x370.jpg 370w\" sizes=\"(max-width: 150px) 100vw, 150px\" \/><\/a>\n\t\t\t<\/div><\/figure><figure class='gallery-item'>\n\t\t\t<div class='gallery-icon portrait'>\n\t\t\t\t<a href='https:\/\/radiojadranka.hr\/index.php\/2026\/04\/30\/otvorena-18-festa-losinjske-kuhinje-okusi-vitalnosti-donose-mjesec-vrhunske-gastronomije\/oplus_136314912-19\/'><img loading=\"lazy\" decoding=\"async\" width=\"150\" height=\"150\" src=\"https:\/\/radiojadranka.hr\/wp-content\/uploads\/2026\/04\/IMG20260430183912_75_1_50-150x150.jpg\" class=\"attachment-thumbnail size-thumbnail\" alt=\"\" srcset=\"https:\/\/radiojadranka.hr\/wp-content\/uploads\/2026\/04\/IMG20260430183912_75_1_50-150x150.jpg 150w, https:\/\/radiojadranka.hr\/wp-content\/uploads\/2026\/04\/IMG20260430183912_75_1_50-100x100.jpg 100w, https:\/\/radiojadranka.hr\/wp-content\/uploads\/2026\/04\/IMG20260430183912_75_1_50-370x370.jpg 370w\" sizes=\"(max-width: 150px) 100vw, 150px\" \/><\/a>\n\t\t\t<\/div><\/figure><figure class='gallery-item'>\n\t\t\t<div class='gallery-icon portrait'>\n\t\t\t\t<a href='https:\/\/radiojadranka.hr\/index.php\/2026\/04\/30\/otvorena-18-festa-losinjske-kuhinje-okusi-vitalnosti-donose-mjesec-vrhunske-gastronomije\/oplus_136314912-18\/'><img loading=\"lazy\" decoding=\"async\" width=\"150\" height=\"150\" src=\"https:\/\/radiojadranka.hr\/wp-content\/uploads\/2026\/04\/IMG20260430183846_75_1_50-150x150.jpg\" class=\"attachment-thumbnail size-thumbnail\" alt=\"\" srcset=\"https:\/\/radiojadranka.hr\/wp-content\/uploads\/2026\/04\/IMG20260430183846_75_1_50-150x150.jpg 150w, https:\/\/radiojadranka.hr\/wp-content\/uploads\/2026\/04\/IMG20260430183846_75_1_50-100x100.jpg 100w, https:\/\/radiojadranka.hr\/wp-content\/uploads\/2026\/04\/IMG20260430183846_75_1_50-370x370.jpg 370w\" sizes=\"(max-width: 150px) 100vw, 150px\" \/><\/a>\n\t\t\t<\/div><\/figure><figure class='gallery-item'>\n\t\t\t<div class='gallery-icon portrait'>\n\t\t\t\t<a href='https:\/\/radiojadranka.hr\/index.php\/2026\/04\/30\/otvorena-18-festa-losinjske-kuhinje-okusi-vitalnosti-donose-mjesec-vrhunske-gastronomije\/oplus_136314912-17\/'><img loading=\"lazy\" decoding=\"async\" width=\"150\" height=\"150\" src=\"https:\/\/radiojadranka.hr\/wp-content\/uploads\/2026\/04\/IMG20260430184607_50_1_50-150x150.jpg\" class=\"attachment-thumbnail size-thumbnail\" alt=\"\" srcset=\"https:\/\/radiojadranka.hr\/wp-content\/uploads\/2026\/04\/IMG20260430184607_50_1_50-150x150.jpg 150w, https:\/\/radiojadranka.hr\/wp-content\/uploads\/2026\/04\/IMG20260430184607_50_1_50-100x100.jpg 100w, https:\/\/radiojadranka.hr\/wp-content\/uploads\/2026\/04\/IMG20260430184607_50_1_50-370x370.jpg 370w\" sizes=\"(max-width: 150px) 100vw, 150px\" \/><\/a>\n\t\t\t<\/div><\/figure><figure class='gallery-item'>\n\t\t\t<div class='gallery-icon portrait'>\n\t\t\t\t<a href='https:\/\/radiojadranka.hr\/index.php\/2026\/04\/30\/otvorena-18-festa-losinjske-kuhinje-okusi-vitalnosti-donose-mjesec-vrhunske-gastronomije\/img20260430184000\/'><img loading=\"lazy\" decoding=\"async\" width=\"150\" height=\"150\" src=\"https:\/\/radiojadranka.hr\/wp-content\/uploads\/2026\/04\/IMG20260430184000-150x150.jpg\" class=\"attachment-thumbnail size-thumbnail\" alt=\"\" srcset=\"https:\/\/radiojadranka.hr\/wp-content\/uploads\/2026\/04\/IMG20260430184000-150x150.jpg 150w, https:\/\/radiojadranka.hr\/wp-content\/uploads\/2026\/04\/IMG20260430184000-100x100.jpg 100w, https:\/\/radiojadranka.hr\/wp-content\/uploads\/2026\/04\/IMG20260430184000-370x370.jpg 370w\" sizes=\"(max-width: 150px) 100vw, 150px\" \/><\/a>\n\t\t\t<\/div><\/figure><figure class='gallery-item'>\n\t\t\t<div class='gallery-icon portrait'>\n\t\t\t\t<a href='https:\/\/radiojadranka.hr\/index.php\/2026\/04\/30\/otvorena-18-festa-losinjske-kuhinje-okusi-vitalnosti-donose-mjesec-vrhunske-gastronomije\/img20260430184125\/'><img loading=\"lazy\" decoding=\"async\" width=\"150\" height=\"150\" src=\"https:\/\/radiojadranka.hr\/wp-content\/uploads\/2026\/04\/IMG20260430184125-150x150.jpg\" class=\"attachment-thumbnail size-thumbnail\" alt=\"\" srcset=\"https:\/\/radiojadranka.hr\/wp-content\/uploads\/2026\/04\/IMG20260430184125-150x150.jpg 150w, https:\/\/radiojadranka.hr\/wp-content\/uploads\/2026\/04\/IMG20260430184125-100x100.jpg 100w, https:\/\/radiojadranka.hr\/wp-content\/uploads\/2026\/04\/IMG20260430184125-370x370.jpg 370w\" sizes=\"(max-width: 150px) 100vw, 150px\" \/><\/a>\n\t\t\t<\/div><\/figure><figure class='gallery-item'>\n\t\t\t<div class='gallery-icon portrait'>\n\t\t\t\t<a href='https:\/\/radiojadranka.hr\/index.php\/2026\/04\/30\/otvorena-18-festa-losinjske-kuhinje-okusi-vitalnosti-donose-mjesec-vrhunske-gastronomije\/img20260430184115\/'><img loading=\"lazy\" decoding=\"async\" width=\"150\" height=\"150\" src=\"https:\/\/radiojadranka.hr\/wp-content\/uploads\/2026\/04\/IMG20260430184115-150x150.jpg\" class=\"attachment-thumbnail size-thumbnail\" alt=\"\" srcset=\"https:\/\/radiojadranka.hr\/wp-content\/uploads\/2026\/04\/IMG20260430184115-150x150.jpg 150w, https:\/\/radiojadranka.hr\/wp-content\/uploads\/2026\/04\/IMG20260430184115-100x100.jpg 100w, https:\/\/radiojadranka.hr\/wp-content\/uploads\/2026\/04\/IMG20260430184115-370x370.jpg 370w\" sizes=\"(max-width: 150px) 100vw, 150px\" \/><\/a>\n\t\t\t<\/div><\/figure><figure class='gallery-item'>\n\t\t\t<div class='gallery-icon portrait'>\n\t\t\t\t<a href='https:\/\/radiojadranka.hr\/index.php\/2026\/04\/30\/otvorena-18-festa-losinjske-kuhinje-okusi-vitalnosti-donose-mjesec-vrhunske-gastronomije\/img20260430184047\/'><img loading=\"lazy\" decoding=\"async\" width=\"150\" height=\"150\" src=\"https:\/\/radiojadranka.hr\/wp-content\/uploads\/2026\/04\/IMG20260430184047-150x150.jpg\" class=\"attachment-thumbnail size-thumbnail\" alt=\"\" srcset=\"https:\/\/radiojadranka.hr\/wp-content\/uploads\/2026\/04\/IMG20260430184047-150x150.jpg 150w, https:\/\/radiojadranka.hr\/wp-content\/uploads\/2026\/04\/IMG20260430184047-100x100.jpg 100w, https:\/\/radiojadranka.hr\/wp-content\/uploads\/2026\/04\/IMG20260430184047-370x370.jpg 370w\" sizes=\"(max-width: 150px) 100vw, 150px\" \/><\/a>\n\t\t\t<\/div><\/figure><figure class='gallery-item'>\n\t\t\t<div class='gallery-icon landscape'>\n\t\t\t\t<a href='https:\/\/radiojadranka.hr\/index.php\/2026\/04\/30\/otvorena-18-festa-losinjske-kuhinje-okusi-vitalnosti-donose-mjesec-vrhunske-gastronomije\/img20260430184017\/'><img loading=\"lazy\" decoding=\"async\" width=\"150\" height=\"150\" src=\"https:\/\/radiojadranka.hr\/wp-content\/uploads\/2026\/04\/IMG20260430184017-150x150.jpg\" class=\"attachment-thumbnail size-thumbnail\" alt=\"\" srcset=\"https:\/\/radiojadranka.hr\/wp-content\/uploads\/2026\/04\/IMG20260430184017-150x150.jpg 150w, https:\/\/radiojadranka.hr\/wp-content\/uploads\/2026\/04\/IMG20260430184017-100x100.jpg 100w, https:\/\/radiojadranka.hr\/wp-content\/uploads\/2026\/04\/IMG20260430184017-370x370.jpg 370w\" sizes=\"(max-width: 150px) 100vw, 150px\" \/><\/a>\n\t\t\t<\/div><\/figure><figure class='gallery-item'>\n\t\t\t<div class='gallery-icon portrait'>\n\t\t\t\t<a href='https:\/\/radiojadranka.hr\/index.php\/2026\/04\/30\/otvorena-18-festa-losinjske-kuhinje-okusi-vitalnosti-donose-mjesec-vrhunske-gastronomije\/oplus_136314912-16\/'><img loading=\"lazy\" decoding=\"async\" width=\"150\" height=\"150\" src=\"https:\/\/radiojadranka.hr\/wp-content\/uploads\/2026\/04\/IMG20260430183828_75-150x150.jpg\" class=\"attachment-thumbnail size-thumbnail\" alt=\"\" srcset=\"https:\/\/radiojadranka.hr\/wp-content\/uploads\/2026\/04\/IMG20260430183828_75-150x150.jpg 150w, https:\/\/radiojadranka.hr\/wp-content\/uploads\/2026\/04\/IMG20260430183828_75-100x100.jpg 100w, https:\/\/radiojadranka.hr\/wp-content\/uploads\/2026\/04\/IMG20260430183828_75-370x370.jpg 370w\" sizes=\"(max-width: 150px) 100vw, 150px\" \/><\/a>\n\t\t\t<\/div><\/figure><figure class='gallery-item'>\n\t\t\t<div class='gallery-icon portrait'>\n\t\t\t\t<a href='https:\/\/radiojadranka.hr\/index.php\/2026\/04\/30\/otvorena-18-festa-losinjske-kuhinje-okusi-vitalnosti-donose-mjesec-vrhunske-gastronomije\/oplus_136314912-15\/'><img loading=\"lazy\" decoding=\"async\" width=\"150\" height=\"150\" src=\"https:\/\/radiojadranka.hr\/wp-content\/uploads\/2026\/04\/IMG20260430184247_54-150x150.jpg\" class=\"attachment-thumbnail size-thumbnail\" alt=\"\" srcset=\"https:\/\/radiojadranka.hr\/wp-content\/uploads\/2026\/04\/IMG20260430184247_54-150x150.jpg 150w, https:\/\/radiojadranka.hr\/wp-content\/uploads\/2026\/04\/IMG20260430184247_54-100x100.jpg 100w, https:\/\/radiojadranka.hr\/wp-content\/uploads\/2026\/04\/IMG20260430184247_54-370x370.jpg 370w\" sizes=\"(max-width: 150px) 100vw, 150px\" \/><\/a>\n\t\t\t<\/div><\/figure>\n\t\t<\/div>\n\n","protected":false},"excerpt":{"rendered":"<p>U Malom Lo\u0161inju, na glavnom gradskom trgu, Trgu Republike Hrvatske,\u00a0 danas je sve\u010dano otvorena 18. Fe\u0161ta lo\u0161injske kuhinje pod nazivom \u201eOkusi vitalnosti\u201c, jedna od najprepoznatljivijih gastronomskih manifestacija na otoku. Otvorenje je zapo\u010delo u 18 sati na Trgu Republike Hrvatske, gdje su brojni posjetitelji imali priliku u\u017eivati u besplatnoj degustaciji oto\u010dnih ...<\/p>\n","protected":false},"author":2,"featured_media":15213,"comment_status":"closed","ping_status":"open","sticky":false,"template":"","format":"audio","meta":{"footnotes":""},"categories":[72],"tags":[],"class_list":["post-15196","post","type-post","status-publish","format-audio","has-post-thumbnail","hentry","category-vijesti","post_format-post-format-audio"],"aioseo_notices":[],"_links":{"self":[{"href":"https:\/\/radiojadranka.hr\/index.php\/wp-json\/wp\/v2\/posts\/15196","targetHints":{"allow":["GET"]}}],"collection":[{"href":"https:\/\/radiojadranka.hr\/index.php\/wp-json\/wp\/v2\/posts"}],"about":[{"href":"https:\/\/radiojadranka.hr\/index.php\/wp-json\/wp\/v2\/types\/post"}],"author":[{"embeddable":true,"href":"https:\/\/radiojadranka.hr\/index.php\/wp-json\/wp\/v2\/users\/2"}],"replies":[{"embeddable":true,"href":"https:\/\/radiojadranka.hr\/index.php\/wp-json\/wp\/v2\/comments?post=15196"}],"version-history":[{"count":2,"href":"https:\/\/radiojadranka.hr\/index.php\/wp-json\/wp\/v2\/posts\/15196\/revisions"}],"predecessor-version":[{"id":15218,"href":"https:\/\/radiojadranka.hr\/index.php\/wp-json\/wp\/v2\/posts\/15196\/revisions\/15218"}],"wp:featuredmedia":[{"embeddable":true,"href":"https:\/\/radiojadranka.hr\/index.php\/wp-json\/wp\/v2\/media\/15213"}],"wp:attachment":[{"href":"https:\/\/radiojadranka.hr\/index.php\/wp-json\/wp\/v2\/media?parent=15196"}],"wp:term":[{"taxonomy":"category","embeddable":true,"href":"https:\/\/radiojadranka.hr\/index.php\/wp-json\/wp\/v2\/categories?post=15196"},{"taxonomy":"post_tag","embeddable":true,"href":"https:\/\/radiojadranka.hr\/index.php\/wp-json\/wp\/v2\/tags?post=15196"}],"curies":[{"name":"wp","href":"https:\/\/api.w.org\/{rel}","templated":true}]}}