{"id":15191,"date":"2026-04-30T15:00:00","date_gmt":"2026-04-30T13:00:00","guid":{"rendered":"https:\/\/radiojadranka.hr\/?p=15191"},"modified":"2026-04-30T15:16:03","modified_gmt":"2026-04-30T13:16:03","slug":"ispravak-i-isprika-za-dio-prenesog-s-jucerasnje-konferencije-za-medije-losinjskog-sdp-a","status":"publish","type":"post","link":"https:\/\/radiojadranka.hr\/index.php\/2026\/04\/30\/ispravak-i-isprika-za-dio-prenesog-s-jucerasnje-konferencije-za-medije-losinjskog-sdp-a\/","title":{"rendered":"Ispravak i isprika za dio prenesog s ju\u010dera\u0161nje konferencije za medije lo\u0161injskog SDP-a"},"content":{"rendered":"<p>Na na\u0161oj web stranici, ju\u010der smo objavili izvje\u0161\u010de s odr\u017eane kojnferencije za medije lo\u0161injskog SDP-a a koje se mo\u017ee pro\u010ditati i poslu\u0161ati na <a href=\"https:\/\/radiojadranka.hr\/index.php\/2026\/04\/29\/sdp-losinj-u-novom-sastavu-fokus-na-zdravstvo-infrastrukturu-i-konkretna-rjesenja-za-gradane\/\">linku\u00a0<\/a><\/p>\n<p>U dijelu teksta do\u0161lo je do nenamjernog propusta, naime, prene\u0161eno je: &#8220;Ova grupacija predstavlja zna\u010dajan \u010dimbenik i mogu\u0107nost predlaganja konkretnih mjera stabilnosti. Frankovi\u0107 je pojasnio da, iako svi \u010dlanovi te grupacije formalno\u00a0 u\u0161li u SDP, suradnja je neupitna.&#8221; u krajnjem dijelu teksta nenamjerno izostavljena rije\u010d &#8220;<strong>nisu&#8221;<\/strong> &#8211; &#8220;<strong>formalno nisu u\u0161li u SDP&#8230;.&#8221;.<\/strong>\u00a0 Pod rije\u010di grupacija smatrali smo\u00a0 vije\u0107nike SDP-a i one koji nisu iz Nezavisne liste Maria Frankovi\u0107a se u\u010dlanili u SDP tj. Ivana Koharovi\u0107a i Roberta Cavedoniija.\u00a0 Kako bi se otklonila svaka sumnja u prene\u0161eni tekst vezano uz Akciju mladih, citirat \u0107emo<strong> Maria Frankovi\u0107 koji je istkanuo: &#8220;Gledajte,\u00a0 Jerko kao i Akcija mladih i dalje smo mi, zapravo mi smo ti koji smo dali podr\u0161ku Akciji mladih da imaju predsjednika i dalje je to ekipa s kojom \u0107emo mi razgovarati i vjerujem, zajedni\u010dki zapravo usvajati odluke zato jer mi zajedno imamo osam ruku dakle, ja\u00a0 vjerujem da u tom smislu \u0107e ta pri\u010da i dalje funkcionirati.&#8221;<\/strong><\/p>\n<p><strong>Do\u0161lo je do nenamjerne pogre\u0161ke te se ispri\u010davamo na istom.\u00a0 U objavi smo stavili tonski zapis u cjelosti, a koji se i u tom \u010dlanku mogao, te vas pozivamo da ga poslu\u0161ate.<\/strong><\/p>\n<p><iframe title=\"290426 Konferencija Za Medije Sdp Losinj\" width=\"100%\" height=\"120\" src=\"https:\/\/www.mixcloud.com\/widget\/iframe\/?feed=https%3A%2F%2Fwww.mixcloud.com%2Fradio_jadranka%2F290426-konferencija-za-medije-sdp-losinj%2F&amp;hide_cover=1\" frameborder=\"0\" allow=\"encrypted-media; fullscreen; autoplay; idle-detection; speaker-selection; web-share;\"><\/iframe><\/p>\n<p>Ujedno prenosimo i dopis predsjenika lo\u0161injskog SDP-a Maria Frankovi\u0107a:<\/p>\n<p>&#8221;<\/p>\n<p>Po\u0161tovani,<\/p>\n<p>&nbsp;<\/p>\n<p>na Va\u0161oj facebook stranici prenesena je moja izjava u kojoj se navodi : &#8220;Nagla\u0161eno je da SDP trenutno ra\u010duna na podr\u0161ku osam vije\u0107nika u Gradskom vije\u0107u. Ova grupacija predstavlja zna\u010dajan \u010dimbenik i mogu\u0107nost predlaganja konkretnih mjera stabilnosti. Frankovi\u0107 je pojasnio da, iako svi \u010dlanovi te grupacije nisu formalno u\u0161li u SDP, suradnja je neupitna&#8221;<\/p>\n<p>&nbsp;<\/p>\n<p>Navedeni citat nije to\u010dan, tj. krivo je prenesen \u010dime se mijenja smisao izre\u010dene poruke.<\/p>\n<p>&nbsp;<\/p>\n<p>Moja izjava se odnosila na vije\u0107nike Koharovi\u0107a i Cavedonija, gdje sam objasnio da oni ostaju dio tima i da je na\u0161ih pet ruku neupitno za predlaganje to\u010daka na sjednicama GV-a, bez obzira \u0161to oni nisu \u010dlanovi SDP-a. Tako\u0111er, na upit novinara Puri\u0107a naglasio sam kako \u0107e se komunikacija i s Jerkom Ku\u0161etom i Akcijom mladih \u0161to se nas ti\u010de nastaviti, naglasiv\u0161i da smo mi ti koji smo Akciji mladih dali podr\u0161ku za predsjednika GV-a.<\/p>\n<p>&nbsp;<\/p>\n<p>Sukladno Zakonu o medijima, molim objavu ispravka neto\u010dnog navoda.<\/p>\n<p>&nbsp;<\/p>\n<p>Srda\u010dan pozdrav,<\/p>\n<p>Mario Frankovi\u0107&#8221;<\/p>\n","protected":false},"excerpt":{"rendered":"<p>Na na\u0161oj web stranici, ju\u010der smo objavili izvje\u0161\u010de s odr\u017eane kojnferencije za medije lo\u0161injskog SDP-a a koje se mo\u017ee pro\u010ditati i poslu\u0161ati na linku\u00a0 U dijelu teksta do\u0161lo je do nenamjernog propusta, naime, prene\u0161eno je: &#8220;Ova grupacija predstavlja zna\u010dajan \u010dimbenik i mogu\u0107nost predlaganja konkretnih mjera stabilnosti. Frankovi\u0107 je pojasnio da, ...<\/p>\n","protected":false},"author":2,"featured_media":15192,"comment_status":"closed","ping_status":"open","sticky":false,"template":"","format":"audio","meta":{"footnotes":""},"categories":[72],"tags":[],"class_list":["post-15191","post","type-post","status-publish","format-audio","has-post-thumbnail","hentry","category-vijesti","post_format-post-format-audio"],"aioseo_notices":[],"_links":{"self":[{"href":"https:\/\/radiojadranka.hr\/index.php\/wp-json\/wp\/v2\/posts\/15191","targetHints":{"allow":["GET"]}}],"collection":[{"href":"https:\/\/radiojadranka.hr\/index.php\/wp-json\/wp\/v2\/posts"}],"about":[{"href":"https:\/\/radiojadranka.hr\/index.php\/wp-json\/wp\/v2\/types\/post"}],"author":[{"embeddable":true,"href":"https:\/\/radiojadranka.hr\/index.php\/wp-json\/wp\/v2\/users\/2"}],"replies":[{"embeddable":true,"href":"https:\/\/radiojadranka.hr\/index.php\/wp-json\/wp\/v2\/comments?post=15191"}],"version-history":[{"count":2,"href":"https:\/\/radiojadranka.hr\/index.php\/wp-json\/wp\/v2\/posts\/15191\/revisions"}],"predecessor-version":[{"id":15195,"href":"https:\/\/radiojadranka.hr\/index.php\/wp-json\/wp\/v2\/posts\/15191\/revisions\/15195"}],"wp:featuredmedia":[{"embeddable":true,"href":"https:\/\/radiojadranka.hr\/index.php\/wp-json\/wp\/v2\/media\/15192"}],"wp:attachment":[{"href":"https:\/\/radiojadranka.hr\/index.php\/wp-json\/wp\/v2\/media?parent=15191"}],"wp:term":[{"taxonomy":"category","embeddable":true,"href":"https:\/\/radiojadranka.hr\/index.php\/wp-json\/wp\/v2\/categories?post=15191"},{"taxonomy":"post_tag","embeddable":true,"href":"https:\/\/radiojadranka.hr\/index.php\/wp-json\/wp\/v2\/tags?post=15191"}],"curies":[{"name":"wp","href":"https:\/\/api.w.org\/{rel}","templated":true}]}}