{"id":15184,"date":"2026-04-30T13:29:04","date_gmt":"2026-04-30T11:29:04","guid":{"rendered":"https:\/\/radiojadranka.hr\/?p=15184"},"modified":"2026-04-30T13:37:27","modified_gmt":"2026-04-30T11:37:27","slug":"obiljezen-nacionalni-dan-hitne-medicinske-pomoci-u-malom-losinju","status":"publish","type":"post","link":"https:\/\/radiojadranka.hr\/index.php\/2026\/04\/30\/obiljezen-nacionalni-dan-hitne-medicinske-pomoci-u-malom-losinju\/","title":{"rendered":"Obilje\u017een Nacionalni dan hitne medicinske pomo\u0107i u Malom Lo\u0161inju!"},"content":{"rendered":"<p data-path-to-node=\"4\">Danas smo na glavnom trgu imali priliku razgovarati s jednim od <b data-path-to-node=\"4\" data-index-in-node=\"64\">pet lo\u0161injskih timova<\/b> Hitne medicinske pomo\u0107i. Voditeljica ispostave HMP Mali Lo\u0161inj lije\u010dnica <b data-path-to-node=\"4\" data-index-in-node=\"128\">Iva Mu\u0161kardin Erdec<\/b>, uz kolegicu medicinsku sestru Marinu i voza\u010da Dra\u017eena, predstavila je najnoviju opremu i vozila, uklju\u010duju\u0107i i najmoderniji <b data-path-to-node=\"4\" data-index-in-node=\"273\">Volkswagen Crafter<\/b>.<\/p>\n<p data-path-to-node=\"5\">Lo\u0161injska Hitna zna\u010dajno je napredovala u modernizaciji:<\/p>\n<ul data-path-to-node=\"6\">\n<li>\n<p data-path-to-node=\"6,0,0\">Uvedena je <b data-path-to-node=\"6,0,0\" data-index-in-node=\"11\">digitalna dokumentacija<\/b> putem tableta i pisa\u010da na terenu, \u010dime je papirnato poslovanje zamijenjeno br\u017eim i preciznijim sustavom.<\/p>\n<\/li>\n<li>\n<p data-path-to-node=\"6,1,0\">Pristup pacijentima olak\u0161ava bliska suradnja s <b data-path-to-node=\"6,1,0\" data-index-in-node=\"47\">helikopterskom hitnom medicinskom slu\u017ebom (HEMS)<\/b> te <b data-path-to-node=\"6,1,0\" data-index-in-node=\"99\">brzim brodicama<\/b>, kojima se hitni pacijenti do Rijeke u idealnim uvjetima transportiraju unutar <b data-path-to-node=\"6,1,0\" data-index-in-node=\"174\">90 minuta<\/b>.<\/p>\n<\/li>\n<li>\n<p data-path-to-node=\"6,2,0\">Specifi\u010dnost rada na otoku je njezina dislociranost, pa se u uvjetima lo\u0161eg vremena ili zatvorenih mostova timovi oslanjaju na izvrsnu koordinaciju s <b data-path-to-node=\"6,2,0\" data-index-in-node=\"150\">vatrogasnim slu\u017ebama<\/b>.<\/p>\n<\/li>\n<\/ul>\n<p data-path-to-node=\"7\">Iako je opseg posla ove godine iznimno velik te se \u010dini kao da ljetna sezona nije ni zavr\u0161ila, na\u0161i su timovi popunjeni i spremni za sve izazove istaknula je Iva Mu\u0161kardin Erdec.<\/p>\n<blockquote data-path-to-node=\"9\">\n<p data-path-to-node=\"9,0\"><strong>\u201eSvim lije\u010dnicima, medicinskim sestrama, tehni\u010darima i voza\u010dima lo\u0161injske Hi<\/strong><strong>tne pomo\u0107i, kao i timu iz Cresa, od srca \u010destitamo Nacionalni dan hitne medicinske pomo\u0107i! Hvala vam \u0161to ste na\u0161a prva linija obrane, \u0161to svojom stru\u010dno\u0161\u0107u i brzinom ulijevate povjerenje i \u0161to ste tu za nas u najte\u017eim trenucima. \u017delimo vam \u0161to manje intervencija, mirne smjene i sretne povratke u bazu!\u201c<\/strong><\/p>\n<\/blockquote>\n<p data-path-to-node=\"11\"><b data-path-to-node=\"11\" data-index-in-node=\"0\">I za kraj, Apel sugra\u0111anima:<\/b> Nemojte \u017euriti u prometu. \u010cuvajte svoje zdravlje i \u017eivote kako bi ovi vrijedni ljudi imali \u0161to manje posla.<\/p>\n<p><iframe title=\"300426 Dan Hitne Pomo\u0107i\" width=\"100%\" height=\"120\" src=\"https:\/\/www.mixcloud.com\/widget\/iframe\/?feed=https%3A%2F%2Fwww.mixcloud.com%2Fradio_jadranka%2F300426-dan-hitne-pomo%25C4%2587i%2F&amp;hide_cover=1\" frameborder=\"0\" allow=\"encrypted-media; fullscreen; autoplay; idle-detection; speaker-selection; web-share;\"><\/iframe><\/p>\n<figure id=\"attachment_15185\" aria-describedby=\"caption-attachment-15185\" style=\"width: 852px\" class=\"wp-caption alignnone\"><img fetchpriority=\"high\" decoding=\"async\" class=\" wp-image-15185\" src=\"https:\/\/radiojadranka.hr\/wp-content\/uploads\/2026\/04\/IMG20260430110153-770x433.jpg\" alt=\"\" width=\"852\" height=\"479\" srcset=\"https:\/\/radiojadranka.hr\/wp-content\/uploads\/2026\/04\/IMG20260430110153-770x433.jpg 770w, https:\/\/radiojadranka.hr\/wp-content\/uploads\/2026\/04\/IMG20260430110153-1170x658.jpg 1170w, https:\/\/radiojadranka.hr\/wp-content\/uploads\/2026\/04\/IMG20260430110153-768x432.jpg 768w, https:\/\/radiojadranka.hr\/wp-content\/uploads\/2026\/04\/IMG20260430110153-1536x864.jpg 1536w, https:\/\/radiojadranka.hr\/wp-content\/uploads\/2026\/04\/IMG20260430110153-2048x1152.jpg 2048w\" sizes=\"(max-width: 852px) 100vw, 852px\" \/><figcaption id=\"caption-attachment-15185\" class=\"wp-caption-text\">oplus_136314880<\/figcaption><\/figure>\n","protected":false},"excerpt":{"rendered":"<p>Danas smo na glavnom trgu imali priliku razgovarati s jednim od pet lo\u0161injskih timova Hitne medicinske pomo\u0107i. Voditeljica ispostave HMP Mali Lo\u0161inj lije\u010dnica Iva Mu\u0161kardin Erdec, uz kolegicu medicinsku sestru Marinu i voza\u010da Dra\u017eena, predstavila je najnoviju opremu i vozila, uklju\u010duju\u0107i i najmoderniji Volkswagen Crafter. Lo\u0161injska Hitna zna\u010dajno je napredovala ...<\/p>\n","protected":false},"author":2,"featured_media":15185,"comment_status":"closed","ping_status":"open","sticky":false,"template":"","format":"audio","meta":{"footnotes":""},"categories":[72],"tags":[],"class_list":["post-15184","post","type-post","status-publish","format-audio","has-post-thumbnail","hentry","category-vijesti","post_format-post-format-audio"],"aioseo_notices":[],"_links":{"self":[{"href":"https:\/\/radiojadranka.hr\/index.php\/wp-json\/wp\/v2\/posts\/15184","targetHints":{"allow":["GET"]}}],"collection":[{"href":"https:\/\/radiojadranka.hr\/index.php\/wp-json\/wp\/v2\/posts"}],"about":[{"href":"https:\/\/radiojadranka.hr\/index.php\/wp-json\/wp\/v2\/types\/post"}],"author":[{"embeddable":true,"href":"https:\/\/radiojadranka.hr\/index.php\/wp-json\/wp\/v2\/users\/2"}],"replies":[{"embeddable":true,"href":"https:\/\/radiojadranka.hr\/index.php\/wp-json\/wp\/v2\/comments?post=15184"}],"version-history":[{"count":5,"href":"https:\/\/radiojadranka.hr\/index.php\/wp-json\/wp\/v2\/posts\/15184\/revisions"}],"predecessor-version":[{"id":15190,"href":"https:\/\/radiojadranka.hr\/index.php\/wp-json\/wp\/v2\/posts\/15184\/revisions\/15190"}],"wp:featuredmedia":[{"embeddable":true,"href":"https:\/\/radiojadranka.hr\/index.php\/wp-json\/wp\/v2\/media\/15185"}],"wp:attachment":[{"href":"https:\/\/radiojadranka.hr\/index.php\/wp-json\/wp\/v2\/media?parent=15184"}],"wp:term":[{"taxonomy":"category","embeddable":true,"href":"https:\/\/radiojadranka.hr\/index.php\/wp-json\/wp\/v2\/categories?post=15184"},{"taxonomy":"post_tag","embeddable":true,"href":"https:\/\/radiojadranka.hr\/index.php\/wp-json\/wp\/v2\/tags?post=15184"}],"curies":[{"name":"wp","href":"https:\/\/api.w.org\/{rel}","templated":true}]}}