{"id":15168,"date":"2026-04-30T13:20:33","date_gmt":"2026-04-30T11:20:33","guid":{"rendered":"https:\/\/radiojadranka.hr\/?p=15168"},"modified":"2026-04-30T13:20:33","modified_gmt":"2026-04-30T11:20:33","slug":"pun-trg-finih-mirisa-ucenici-predstavili-projekt-naucimo-mlade-sve-guste-nase-kuhinje-stare","status":"publish","type":"post","link":"https:\/\/radiojadranka.hr\/index.php\/2026\/04\/30\/pun-trg-finih-mirisa-ucenici-predstavili-projekt-naucimo-mlade-sve-guste-nase-kuhinje-stare\/","title":{"rendered":"Pun trg finih mirisa, u\u010denici predstavili projekt: &#8220;Nau\u010dimo mlade sve gu\u0161te na\u0161e kuhinje stare&#8221;"},"content":{"rendered":"<p data-path-to-node=\"3\">Ispred lo\u0161injske <b data-path-to-node=\"3\" data-index-in-node=\"17\">\u201epe\u0161karije\u201c<\/b> odr\u017eana je tre\u0107a po redu manifestacija kojom su u\u010denici <b data-path-to-node=\"3\" data-index-in-node=\"85\">Srednje \u0161kole Ambroza Hara\u010di\u0107a<\/b>, u suradnji s <b data-path-to-node=\"3\" data-index-in-node=\"130\">Udru\u017eenjem obrtnika Cres-Lo\u0161inj<\/b> i <b data-path-to-node=\"3\" data-index-in-node=\"164\">Turisti\u010dkom zajednicom<\/b>, podsjetili na va\u017enost o\u010duvanja autohtone kuhinje.<\/p>\n<p data-path-to-node=\"5\">U\u010denici su, uz mentorstvo iskusnih kuhara i ugostitelja, pripremali jela prema receptima svojih nona, povezuju\u0107i tako generacije kroz ljubav prema hrani i ba\u0161tini. Na meniju su se na\u0161li lo\u0161injski klasici: <strong>Punjene lignje i jela od janjetine., Fritaja sa \u0161parogama i jajima, \u201eBeleca\u201c \u2013 tradicionalno jelo s doma\u0107om kobasicom i palentom, doma\u0107e pala\u010dinke (papuce) sa suhim gro\u017e\u0111em i \u0161ljivama.<\/strong><\/p>\n<p data-path-to-node=\"8\">Osim hrane, u\u010denici su predstavili i kreativne <b data-path-to-node=\"8\" data-index-in-node=\"47\">bezalkoholne koktele<\/b> te sirupe bazirane na lokalnom bilju poput kadulje, smokvinog lista, lavande i metvice. Posebnu pozornost privukao je <b data-path-to-node=\"8\" data-index-in-node=\"186\">prirodni ledeni \u010daj od kadulje<\/b>, koji je odu\u0161evio brojne turiste i mje\u0161tane.<\/p>\n<h3 data-path-to-node=\"9\">Promocija ugostiteljskih zanimanja<\/h3>\n<p data-path-to-node=\"10\">Glavni cilj ove aktivnosti, kako isti\u010du organizatori, jest motivirati osnovno\u0161kolce za upis u <b data-path-to-node=\"10\" data-index-in-node=\"94\">ugostiteljska usmjerenja<\/b>. Kroz rad na terenu, u\u010denici dobivaju priliku pokazati svoje vje\u0161tine izvan \u0161kolskih klupa, izravno komunicirati s gostima i osjetiti puls pravog zanata.<\/p>\n<blockquote data-path-to-node=\"11\">\n<p data-path-to-node=\"11,0\">\u201e<strong>Prava kuhinja nije samo hrana, nego ljubav, obitelj i uspomena.<\/strong>\u201c \u2013 poru\u010dili su sudionici.<\/p>\n<\/blockquote>\n<p data-path-to-node=\"12\">Ova manifestacija jo\u0161 je jednom potvrdila da Lo\u0161inj ima svijetlu budu\u0107nost u ugostiteljstvu, zahvaljuju\u0107i mladima koji s ponosom nastavljaju tradiciju svojih starih i treba \u010destitati organizatorima.<\/p>\n<p data-path-to-node=\"12\">Poslu\u0161ajte na\u0161 razgovor s trga&#8230;.<\/p>\n<p><iframe title=\"300426 Nau\u010dimo Mlade Sve Gu\u0161te Na\u0161e Kuhinje Stare Live\" width=\"100%\" height=\"120\" src=\"https:\/\/www.mixcloud.com\/widget\/iframe\/?feed=https%3A%2F%2Fwww.mixcloud.com%2Fradio_jadranka%2F300426-nau%25C4%258Dimo-mlade-sve-gu%25C5%25A1te-na%25C5%25A1e-kuhinje-stare-live%2F&amp;hide_cover=1\" frameborder=\"0\" allow=\"encrypted-media; fullscreen; autoplay; idle-detection; speaker-selection; web-share;\"><\/iframe><\/p>\n<div id='gallery-1' class='gallery galleryid-15168 gallery-columns-3 gallery-size-thumbnail'><figure class='gallery-item'>\n\t\t\t<div class='gallery-icon landscape'>\n\t\t\t\t<a href='https:\/\/radiojadranka.hr\/index.php\/2026\/04\/30\/pun-trg-finih-mirisa-ucenici-predstavili-projekt-naucimo-mlade-sve-guste-nase-kuhinje-stare\/img-20260430-wa0033\/'><img decoding=\"async\" width=\"150\" height=\"150\" src=\"https:\/\/radiojadranka.hr\/wp-content\/uploads\/2026\/04\/IMG-20260430-WA0033-150x150.jpg\" class=\"attachment-thumbnail size-thumbnail\" alt=\"\" srcset=\"https:\/\/radiojadranka.hr\/wp-content\/uploads\/2026\/04\/IMG-20260430-WA0033-150x150.jpg 150w, https:\/\/radiojadranka.hr\/wp-content\/uploads\/2026\/04\/IMG-20260430-WA0033-100x100.jpg 100w, https:\/\/radiojadranka.hr\/wp-content\/uploads\/2026\/04\/IMG-20260430-WA0033-370x370.jpg 370w\" sizes=\"(max-width: 150px) 100vw, 150px\" \/><\/a>\n\t\t\t<\/div><\/figure><figure class='gallery-item'>\n\t\t\t<div class='gallery-icon landscape'>\n\t\t\t\t<a href='https:\/\/radiojadranka.hr\/index.php\/2026\/04\/30\/pun-trg-finih-mirisa-ucenici-predstavili-projekt-naucimo-mlade-sve-guste-nase-kuhinje-stare\/img-20260430-wa0039\/'><img decoding=\"async\" width=\"150\" height=\"150\" src=\"https:\/\/radiojadranka.hr\/wp-content\/uploads\/2026\/04\/IMG-20260430-WA0039-150x150.jpg\" class=\"attachment-thumbnail size-thumbnail\" alt=\"\" srcset=\"https:\/\/radiojadranka.hr\/wp-content\/uploads\/2026\/04\/IMG-20260430-WA0039-150x150.jpg 150w, https:\/\/radiojadranka.hr\/wp-content\/uploads\/2026\/04\/IMG-20260430-WA0039-100x100.jpg 100w, https:\/\/radiojadranka.hr\/wp-content\/uploads\/2026\/04\/IMG-20260430-WA0039-370x370.jpg 370w\" sizes=\"(max-width: 150px) 100vw, 150px\" \/><\/a>\n\t\t\t<\/div><\/figure><figure class='gallery-item'>\n\t\t\t<div class='gallery-icon landscape'>\n\t\t\t\t<a href='https:\/\/radiojadranka.hr\/index.php\/2026\/04\/30\/pun-trg-finih-mirisa-ucenici-predstavili-projekt-naucimo-mlade-sve-guste-nase-kuhinje-stare\/img-20260430-wa0052\/'><img decoding=\"async\" width=\"150\" height=\"150\" src=\"https:\/\/radiojadranka.hr\/wp-content\/uploads\/2026\/04\/IMG-20260430-WA0052-150x150.jpg\" class=\"attachment-thumbnail size-thumbnail\" alt=\"\" srcset=\"https:\/\/radiojadranka.hr\/wp-content\/uploads\/2026\/04\/IMG-20260430-WA0052-150x150.jpg 150w, https:\/\/radiojadranka.hr\/wp-content\/uploads\/2026\/04\/IMG-20260430-WA0052-100x100.jpg 100w, https:\/\/radiojadranka.hr\/wp-content\/uploads\/2026\/04\/IMG-20260430-WA0052-370x370.jpg 370w\" sizes=\"(max-width: 150px) 100vw, 150px\" \/><\/a>\n\t\t\t<\/div><\/figure><figure class='gallery-item'>\n\t\t\t<div class='gallery-icon landscape'>\n\t\t\t\t<a href='https:\/\/radiojadranka.hr\/index.php\/2026\/04\/30\/pun-trg-finih-mirisa-ucenici-predstavili-projekt-naucimo-mlade-sve-guste-nase-kuhinje-stare\/img-20260430-wa0055\/'><img loading=\"lazy\" decoding=\"async\" width=\"150\" height=\"150\" src=\"https:\/\/radiojadranka.hr\/wp-content\/uploads\/2026\/04\/IMG-20260430-WA0055-150x150.jpg\" class=\"attachment-thumbnail size-thumbnail\" alt=\"\" srcset=\"https:\/\/radiojadranka.hr\/wp-content\/uploads\/2026\/04\/IMG-20260430-WA0055-150x150.jpg 150w, https:\/\/radiojadranka.hr\/wp-content\/uploads\/2026\/04\/IMG-20260430-WA0055-100x100.jpg 100w, https:\/\/radiojadranka.hr\/wp-content\/uploads\/2026\/04\/IMG-20260430-WA0055-370x370.jpg 370w\" sizes=\"(max-width: 150px) 100vw, 150px\" \/><\/a>\n\t\t\t<\/div><\/figure><figure class='gallery-item'>\n\t\t\t<div class='gallery-icon portrait'>\n\t\t\t\t<a href='https:\/\/radiojadranka.hr\/index.php\/2026\/04\/30\/pun-trg-finih-mirisa-ucenici-predstavili-projekt-naucimo-mlade-sve-guste-nase-kuhinje-stare\/img-20260430-wa0057\/'><img loading=\"lazy\" decoding=\"async\" width=\"150\" height=\"150\" src=\"https:\/\/radiojadranka.hr\/wp-content\/uploads\/2026\/04\/IMG-20260430-WA0057-150x150.jpg\" class=\"attachment-thumbnail size-thumbnail\" alt=\"\" srcset=\"https:\/\/radiojadranka.hr\/wp-content\/uploads\/2026\/04\/IMG-20260430-WA0057-150x150.jpg 150w, https:\/\/radiojadranka.hr\/wp-content\/uploads\/2026\/04\/IMG-20260430-WA0057-100x100.jpg 100w, https:\/\/radiojadranka.hr\/wp-content\/uploads\/2026\/04\/IMG-20260430-WA0057-370x370.jpg 370w\" sizes=\"(max-width: 150px) 100vw, 150px\" \/><\/a>\n\t\t\t<\/div><\/figure><figure class='gallery-item'>\n\t\t\t<div class='gallery-icon portrait'>\n\t\t\t\t<a href='https:\/\/radiojadranka.hr\/index.php\/2026\/04\/30\/pun-trg-finih-mirisa-ucenici-predstavili-projekt-naucimo-mlade-sve-guste-nase-kuhinje-stare\/img-20260430-wa0064\/'><img loading=\"lazy\" decoding=\"async\" width=\"150\" height=\"150\" src=\"https:\/\/radiojadranka.hr\/wp-content\/uploads\/2026\/04\/IMG-20260430-WA0064-150x150.jpg\" class=\"attachment-thumbnail size-thumbnail\" alt=\"\" srcset=\"https:\/\/radiojadranka.hr\/wp-content\/uploads\/2026\/04\/IMG-20260430-WA0064-150x150.jpg 150w, https:\/\/radiojadranka.hr\/wp-content\/uploads\/2026\/04\/IMG-20260430-WA0064-100x100.jpg 100w, https:\/\/radiojadranka.hr\/wp-content\/uploads\/2026\/04\/IMG-20260430-WA0064-370x370.jpg 370w\" sizes=\"(max-width: 150px) 100vw, 150px\" \/><\/a>\n\t\t\t<\/div><\/figure><figure class='gallery-item'>\n\t\t\t<div class='gallery-icon landscape'>\n\t\t\t\t<a href='https:\/\/radiojadranka.hr\/index.php\/2026\/04\/30\/pun-trg-finih-mirisa-ucenici-predstavili-projekt-naucimo-mlade-sve-guste-nase-kuhinje-stare\/img-20260430-wa0076\/'><img loading=\"lazy\" decoding=\"async\" width=\"150\" height=\"150\" src=\"https:\/\/radiojadranka.hr\/wp-content\/uploads\/2026\/04\/IMG-20260430-WA0076-150x150.jpg\" class=\"attachment-thumbnail size-thumbnail\" alt=\"\" srcset=\"https:\/\/radiojadranka.hr\/wp-content\/uploads\/2026\/04\/IMG-20260430-WA0076-150x150.jpg 150w, https:\/\/radiojadranka.hr\/wp-content\/uploads\/2026\/04\/IMG-20260430-WA0076-100x100.jpg 100w, https:\/\/radiojadranka.hr\/wp-content\/uploads\/2026\/04\/IMG-20260430-WA0076-370x370.jpg 370w\" sizes=\"(max-width: 150px) 100vw, 150px\" \/><\/a>\n\t\t\t<\/div><\/figure><figure class='gallery-item'>\n\t\t\t<div class='gallery-icon landscape'>\n\t\t\t\t<a href='https:\/\/radiojadranka.hr\/index.php\/2026\/04\/30\/pun-trg-finih-mirisa-ucenici-predstavili-projekt-naucimo-mlade-sve-guste-nase-kuhinje-stare\/img-20260430-wa0086\/'><img loading=\"lazy\" decoding=\"async\" width=\"150\" height=\"150\" src=\"https:\/\/radiojadranka.hr\/wp-content\/uploads\/2026\/04\/IMG-20260430-WA0086-150x150.jpg\" class=\"attachment-thumbnail size-thumbnail\" alt=\"\" srcset=\"https:\/\/radiojadranka.hr\/wp-content\/uploads\/2026\/04\/IMG-20260430-WA0086-150x150.jpg 150w, https:\/\/radiojadranka.hr\/wp-content\/uploads\/2026\/04\/IMG-20260430-WA0086-100x100.jpg 100w, https:\/\/radiojadranka.hr\/wp-content\/uploads\/2026\/04\/IMG-20260430-WA0086-370x370.jpg 370w\" sizes=\"(max-width: 150px) 100vw, 150px\" \/><\/a>\n\t\t\t<\/div><\/figure><figure class='gallery-item'>\n\t\t\t<div class='gallery-icon landscape'>\n\t\t\t\t<a href='https:\/\/radiojadranka.hr\/index.php\/2026\/04\/30\/pun-trg-finih-mirisa-ucenici-predstavili-projekt-naucimo-mlade-sve-guste-nase-kuhinje-stare\/img-20260430-wa0004\/'><img loading=\"lazy\" decoding=\"async\" width=\"150\" height=\"150\" src=\"https:\/\/radiojadranka.hr\/wp-content\/uploads\/2026\/04\/IMG-20260430-WA0004-150x150.jpg\" class=\"attachment-thumbnail size-thumbnail\" alt=\"\" srcset=\"https:\/\/radiojadranka.hr\/wp-content\/uploads\/2026\/04\/IMG-20260430-WA0004-150x150.jpg 150w, https:\/\/radiojadranka.hr\/wp-content\/uploads\/2026\/04\/IMG-20260430-WA0004-100x100.jpg 100w, https:\/\/radiojadranka.hr\/wp-content\/uploads\/2026\/04\/IMG-20260430-WA0004-370x370.jpg 370w\" sizes=\"(max-width: 150px) 100vw, 150px\" \/><\/a>\n\t\t\t<\/div><\/figure><figure class='gallery-item'>\n\t\t\t<div class='gallery-icon landscape'>\n\t\t\t\t<a href='https:\/\/radiojadranka.hr\/index.php\/2026\/04\/30\/pun-trg-finih-mirisa-ucenici-predstavili-projekt-naucimo-mlade-sve-guste-nase-kuhinje-stare\/img-20260430-wa0013\/'><img loading=\"lazy\" decoding=\"async\" width=\"150\" height=\"150\" src=\"https:\/\/radiojadranka.hr\/wp-content\/uploads\/2026\/04\/IMG-20260430-WA0013-150x150.jpg\" class=\"attachment-thumbnail size-thumbnail\" alt=\"\" srcset=\"https:\/\/radiojadranka.hr\/wp-content\/uploads\/2026\/04\/IMG-20260430-WA0013-150x150.jpg 150w, https:\/\/radiojadranka.hr\/wp-content\/uploads\/2026\/04\/IMG-20260430-WA0013-100x100.jpg 100w, https:\/\/radiojadranka.hr\/wp-content\/uploads\/2026\/04\/IMG-20260430-WA0013-370x370.jpg 370w\" sizes=\"(max-width: 150px) 100vw, 150px\" \/><\/a>\n\t\t\t<\/div><\/figure><figure class='gallery-item'>\n\t\t\t<div class='gallery-icon landscape'>\n\t\t\t\t<a href='https:\/\/radiojadranka.hr\/index.php\/2026\/04\/30\/pun-trg-finih-mirisa-ucenici-predstavili-projekt-naucimo-mlade-sve-guste-nase-kuhinje-stare\/img-20260430-wa0025\/'><img loading=\"lazy\" decoding=\"async\" width=\"150\" height=\"150\" src=\"https:\/\/radiojadranka.hr\/wp-content\/uploads\/2026\/04\/IMG-20260430-WA0025-150x150.jpg\" class=\"attachment-thumbnail size-thumbnail\" alt=\"\" srcset=\"https:\/\/radiojadranka.hr\/wp-content\/uploads\/2026\/04\/IMG-20260430-WA0025-150x150.jpg 150w, https:\/\/radiojadranka.hr\/wp-content\/uploads\/2026\/04\/IMG-20260430-WA0025-100x100.jpg 100w, https:\/\/radiojadranka.hr\/wp-content\/uploads\/2026\/04\/IMG-20260430-WA0025-370x370.jpg 370w\" sizes=\"(max-width: 150px) 100vw, 150px\" \/><\/a>\n\t\t\t<\/div><\/figure><figure class='gallery-item'>\n\t\t\t<div class='gallery-icon landscape'>\n\t\t\t\t<a href='https:\/\/radiojadranka.hr\/index.php\/2026\/04\/30\/pun-trg-finih-mirisa-ucenici-predstavili-projekt-naucimo-mlade-sve-guste-nase-kuhinje-stare\/img-20260430-wa0032\/'><img loading=\"lazy\" decoding=\"async\" width=\"150\" height=\"150\" src=\"https:\/\/radiojadranka.hr\/wp-content\/uploads\/2026\/04\/IMG-20260430-WA0032-150x150.jpg\" class=\"attachment-thumbnail size-thumbnail\" alt=\"\" srcset=\"https:\/\/radiojadranka.hr\/wp-content\/uploads\/2026\/04\/IMG-20260430-WA0032-150x150.jpg 150w, https:\/\/radiojadranka.hr\/wp-content\/uploads\/2026\/04\/IMG-20260430-WA0032-100x100.jpg 100w, https:\/\/radiojadranka.hr\/wp-content\/uploads\/2026\/04\/IMG-20260430-WA0032-370x370.jpg 370w\" sizes=\"(max-width: 150px) 100vw, 150px\" \/><\/a>\n\t\t\t<\/div><\/figure><figure class='gallery-item'>\n\t\t\t<div class='gallery-icon landscape'>\n\t\t\t\t<a href='https:\/\/radiojadranka.hr\/index.php\/2026\/04\/30\/pun-trg-finih-mirisa-ucenici-predstavili-projekt-naucimo-mlade-sve-guste-nase-kuhinje-stare\/img-20260430-wa0030\/'><img loading=\"lazy\" decoding=\"async\" width=\"150\" height=\"150\" src=\"https:\/\/radiojadranka.hr\/wp-content\/uploads\/2026\/04\/IMG-20260430-WA0030-150x150.jpg\" class=\"attachment-thumbnail size-thumbnail\" alt=\"\" srcset=\"https:\/\/radiojadranka.hr\/wp-content\/uploads\/2026\/04\/IMG-20260430-WA0030-150x150.jpg 150w, https:\/\/radiojadranka.hr\/wp-content\/uploads\/2026\/04\/IMG-20260430-WA0030-100x100.jpg 100w, https:\/\/radiojadranka.hr\/wp-content\/uploads\/2026\/04\/IMG-20260430-WA0030-370x370.jpg 370w\" sizes=\"(max-width: 150px) 100vw, 150px\" \/><\/a>\n\t\t\t<\/div><\/figure><figure class='gallery-item'>\n\t\t\t<div class='gallery-icon landscape'>\n\t\t\t\t<a href='https:\/\/radiojadranka.hr\/index.php\/2026\/04\/30\/pun-trg-finih-mirisa-ucenici-predstavili-projekt-naucimo-mlade-sve-guste-nase-kuhinje-stare\/img-20260430-wa0035\/'><img loading=\"lazy\" decoding=\"async\" width=\"150\" height=\"150\" src=\"https:\/\/radiojadranka.hr\/wp-content\/uploads\/2026\/04\/IMG-20260430-WA0035-150x150.jpg\" class=\"attachment-thumbnail size-thumbnail\" alt=\"\" srcset=\"https:\/\/radiojadranka.hr\/wp-content\/uploads\/2026\/04\/IMG-20260430-WA0035-150x150.jpg 150w, https:\/\/radiojadranka.hr\/wp-content\/uploads\/2026\/04\/IMG-20260430-WA0035-100x100.jpg 100w, https:\/\/radiojadranka.hr\/wp-content\/uploads\/2026\/04\/IMG-20260430-WA0035-370x370.jpg 370w\" sizes=\"(max-width: 150px) 100vw, 150px\" \/><\/a>\n\t\t\t<\/div><\/figure>\n\t\t<\/div>\n\n","protected":false},"excerpt":{"rendered":"<p>Ispred lo\u0161injske \u201epe\u0161karije\u201c odr\u017eana je tre\u0107a po redu manifestacija kojom su u\u010denici Srednje \u0161kole Ambroza Hara\u010di\u0107a, u suradnji s Udru\u017eenjem obrtnika Cres-Lo\u0161inj i Turisti\u010dkom zajednicom, podsjetili na va\u017enost o\u010duvanja autohtone kuhinje. U\u010denici su, uz mentorstvo iskusnih kuhara i ugostitelja, pripremali jela prema receptima svojih nona, povezuju\u0107i tako generacije kroz ljubav ...<\/p>\n","protected":false},"author":2,"featured_media":15179,"comment_status":"closed","ping_status":"open","sticky":false,"template":"","format":"audio","meta":{"footnotes":""},"categories":[72],"tags":[],"class_list":["post-15168","post","type-post","status-publish","format-audio","has-post-thumbnail","hentry","category-vijesti","post_format-post-format-audio"],"aioseo_notices":[],"_links":{"self":[{"href":"https:\/\/radiojadranka.hr\/index.php\/wp-json\/wp\/v2\/posts\/15168","targetHints":{"allow":["GET"]}}],"collection":[{"href":"https:\/\/radiojadranka.hr\/index.php\/wp-json\/wp\/v2\/posts"}],"about":[{"href":"https:\/\/radiojadranka.hr\/index.php\/wp-json\/wp\/v2\/types\/post"}],"author":[{"embeddable":true,"href":"https:\/\/radiojadranka.hr\/index.php\/wp-json\/wp\/v2\/users\/2"}],"replies":[{"embeddable":true,"href":"https:\/\/radiojadranka.hr\/index.php\/wp-json\/wp\/v2\/comments?post=15168"}],"version-history":[{"count":1,"href":"https:\/\/radiojadranka.hr\/index.php\/wp-json\/wp\/v2\/posts\/15168\/revisions"}],"predecessor-version":[{"id":15183,"href":"https:\/\/radiojadranka.hr\/index.php\/wp-json\/wp\/v2\/posts\/15168\/revisions\/15183"}],"wp:featuredmedia":[{"embeddable":true,"href":"https:\/\/radiojadranka.hr\/index.php\/wp-json\/wp\/v2\/media\/15179"}],"wp:attachment":[{"href":"https:\/\/radiojadranka.hr\/index.php\/wp-json\/wp\/v2\/media?parent=15168"}],"wp:term":[{"taxonomy":"category","embeddable":true,"href":"https:\/\/radiojadranka.hr\/index.php\/wp-json\/wp\/v2\/categories?post=15168"},{"taxonomy":"post_tag","embeddable":true,"href":"https:\/\/radiojadranka.hr\/index.php\/wp-json\/wp\/v2\/tags?post=15168"}],"curies":[{"name":"wp","href":"https:\/\/api.w.org\/{rel}","templated":true}]}}