{"id":15165,"date":"2026-04-30T12:55:59","date_gmt":"2026-04-30T10:55:59","guid":{"rendered":"https:\/\/radiojadranka.hr\/?p=15165"},"modified":"2026-04-30T12:58:44","modified_gmt":"2026-04-30T10:58:44","slug":"akcija-mladih-reagirala-na-objave-maria-frankovica","status":"publish","type":"post","link":"https:\/\/radiojadranka.hr\/index.php\/2026\/04\/30\/akcija-mladih-reagirala-na-objave-maria-frankovica\/","title":{"rendered":"Akcija mladih reagirala na objave Maria Frankovi\u0107a!"},"content":{"rendered":"<p>Priop\u0107enje Akcije mladih Mali Lo\u0161inj, prenosimo u cijelosti&#8230;<\/p>\n<p>&#8220;Akcija mladih Mali Lo\u0161inj s \u010du\u0111enjem je primila na znanje navode iznesene na konferenciji za medije lo\u0161injske organizacije SDP-a, a koji se ti\u010du navodnog partnerstva i zajedni\u010dkog nastupa u Gradskom vije\u0107u Grada Malog Lo\u0161inja.<\/p>\n<p style=\"font-weight: 400;\">Ovim putem javnost obavje\u0161tavamo da Akcija mladih Mali Lo\u0161inj nije dala, niti je ikoga ovlastila da javno iznosi, bilo kakve izjave o partnerskom ili koalicijskom odnosu s lo\u0161injskim SDP-om. Na\u0161i vije\u0107nici nisu dio niti jednog dogovorenog bloka, a svrstavanje Akcije mladih u &#8220;stabilan blok&#8221; SDP-a predstavlja neistinit i neovla\u0161ten navod koji ne odra\u017eava na\u0161 stvarni politi\u010dki polo\u017eaj.<\/p>\n<p style=\"font-weight: 400;\">Nagla\u0161avamo ono \u0161to je uvijek bilo i ostaje temeljno na\u010delo Akcije mladih Mali Lo\u0161inj: ne pru\u017eamo bezuvjetnu podr\u0161ku nijednoj stranci ni politi\u010dkoj grupaciji, ni SDP-u, ni HDZ-u, ni bilo kojoj drugoj. Svaku odluku, svaki prijedlog i svako glasovanje vije\u0107nici Akcije mladih ocjenjuju isklju\u010divo prema mjerilu dobrobiti gra\u0111ana i razvoja Malog Lo\u0161inja, a ne strana\u010dkih interesa ili koalicijskih dogovora sklopljenih bez na\u0161eg znanja i suglasnosti.<\/p>\n<p style=\"font-weight: 400;\">Istovremeno, smatramo potrebnim podsjetiti javnost da SDP, unato\u010d dugogodi\u0161njoj prisutnosti na lo\u0161injskoj politi\u010dkoj sceni, u zadnjih dvadeset godina nije iznio niti jedan konkretan, razra\u0111en i provediv prijedlog za razvoj Grada.<\/p>\n<p>Va\u017eno je istaknuti da podr\u0161ka Akcije mladih nu\u017eno podrazumijeva postojanje konkretnog rada i rezultata, onoga \u0161to je u djelovanju lo\u0161injskog SDP-a potpuno nevidljivo. Umjesto izmi\u0161ljenih saveza s nama, javnosti bi bilo korisnije objasniti jedinu stvarnu\u00a0 suradnju koja \u010dudnovato postoji u ovome sazivu Vije\u0107a: onu izme\u0111u SDP-a i HDZ-a. Te dvije opcije pokazuju zavidnu razinu suglasja onda kada treba djelovati kontra interesa gra\u0111ana Malog Lo\u0161inja.<\/p>\n<p>Akcija mladih Mali Lo\u0161inj nastavit \u0107e, kao \u0161to je to \u010dinila do sada, raditi na konkretnim prijedlozima i rje\u0161enjima koja su usmjerena prema budu\u0107nosti otoka, prema mladim ljudima koji ovdje \u017eele \u017eivjeti i raditi, prema odr\u017eivom razvoju i prema kvaliteti \u017eivota svih gra\u0111ana. Na\u0161 rad temelji se na \u010dinjenicama, dijalogu i odgovornosti prema zajednici koja nam je ukazala povjerenje. To povjerenje ne\u0107emo niti smijemo kompromitirati ulaskom u unaprijed dogovorene politi\u010dke aran\u017emane koji ne slu\u017ee interesima gra\u0111ana.&#8221;<\/p>\n","protected":false},"excerpt":{"rendered":"<p>Priop\u0107enje Akcije mladih Mali Lo\u0161inj, prenosimo u cijelosti&#8230; &#8220;Akcija mladih Mali Lo\u0161inj s \u010du\u0111enjem je primila na znanje navode iznesene na konferenciji za medije lo\u0161injske organizacije SDP-a, a koji se ti\u010du navodnog partnerstva i zajedni\u010dkog nastupa u Gradskom vije\u0107u Grada Malog Lo\u0161inja. Ovim putem javnost obavje\u0161tavamo da Akcija mladih Mali ...<\/p>\n","protected":false},"author":2,"featured_media":14208,"comment_status":"closed","ping_status":"open","sticky":false,"template":"","format":"audio","meta":{"footnotes":""},"categories":[72],"tags":[],"class_list":["post-15165","post","type-post","status-publish","format-audio","has-post-thumbnail","hentry","category-vijesti","post_format-post-format-audio"],"aioseo_notices":[],"_links":{"self":[{"href":"https:\/\/radiojadranka.hr\/index.php\/wp-json\/wp\/v2\/posts\/15165","targetHints":{"allow":["GET"]}}],"collection":[{"href":"https:\/\/radiojadranka.hr\/index.php\/wp-json\/wp\/v2\/posts"}],"about":[{"href":"https:\/\/radiojadranka.hr\/index.php\/wp-json\/wp\/v2\/types\/post"}],"author":[{"embeddable":true,"href":"https:\/\/radiojadranka.hr\/index.php\/wp-json\/wp\/v2\/users\/2"}],"replies":[{"embeddable":true,"href":"https:\/\/radiojadranka.hr\/index.php\/wp-json\/wp\/v2\/comments?post=15165"}],"version-history":[{"count":1,"href":"https:\/\/radiojadranka.hr\/index.php\/wp-json\/wp\/v2\/posts\/15165\/revisions"}],"predecessor-version":[{"id":15167,"href":"https:\/\/radiojadranka.hr\/index.php\/wp-json\/wp\/v2\/posts\/15165\/revisions\/15167"}],"wp:featuredmedia":[{"embeddable":true,"href":"https:\/\/radiojadranka.hr\/index.php\/wp-json\/wp\/v2\/media\/14208"}],"wp:attachment":[{"href":"https:\/\/radiojadranka.hr\/index.php\/wp-json\/wp\/v2\/media?parent=15165"}],"wp:term":[{"taxonomy":"category","embeddable":true,"href":"https:\/\/radiojadranka.hr\/index.php\/wp-json\/wp\/v2\/categories?post=15165"},{"taxonomy":"post_tag","embeddable":true,"href":"https:\/\/radiojadranka.hr\/index.php\/wp-json\/wp\/v2\/tags?post=15165"}],"curies":[{"name":"wp","href":"https:\/\/api.w.org\/{rel}","templated":true}]}}