{"id":15161,"date":"2026-04-30T10:15:57","date_gmt":"2026-04-30T08:15:57","guid":{"rendered":"https:\/\/radiojadranka.hr\/?p=15161"},"modified":"2026-04-30T10:15:57","modified_gmt":"2026-04-30T08:15:57","slug":"sportski-praznik-rada-u-velom-losinju","status":"publish","type":"post","link":"https:\/\/radiojadranka.hr\/index.php\/2026\/04\/30\/sportski-praznik-rada-u-velom-losinju\/","title":{"rendered":"Sportski praznik rada u Velom Lo\u0161inju"},"content":{"rendered":"<p><span style=\"font-weight: 400;\">Mjesni odbor Veli Lo\u0161inj i ove godine organizira obilje\u017eavanje Praznika rada kroz doga\u0111aj pod nazivom <\/span><b>\u201eSportski praznik rada u Velom Lo\u0161inju\u201c<\/b><span style=\"font-weight: 400;\">, koji \u0107e se odr\u017eati u petak, 1. svibnja 2026. godine s po\u010detkom u 12:00 sati na igrali\u0161tu kod podru\u010dne \u0161kole.<\/span><\/p>\n<p><span style=\"font-weight: 400;\">Program zapo\u010dinje zajedni\u010dkom akcijom \u010di\u0161\u0107enja i ure\u0111enja okoli\u0161a oko \u0161kole, vrti\u0107a i sportskih igrali\u0161ta. Cilj ove inicijative je potaknuti gra\u0111ane na aktivno sudjelovanje u o\u010duvanju prostora u kojem \u017eive. U slu\u010daju ve\u0107eg odaziva, sudionici \u0107e se organizirati i za \u010di\u0161\u0107enje drugih dijelova mjesta, uklju\u010duju\u0107i obalno podru\u010dje i pla\u017ee.<\/span><\/p>\n<p><span style=\"font-weight: 400;\">Nakon radnog dijela, program se nastavlja u opu\u0161tenijem tonu uz niz sportskih i rekreativnih aktivnosti. Posjetitelje o\u010dekuju turniri u nogometu, ko\u0161arci i bo\u0107ama, kao i dru\u0161tvene igre poput bri\u0161kule i tre\u0161ete, ovisno o interesu sudionika.<\/span><\/p>\n<p><span style=\"font-weight: 400;\">Tijekom cijelog dana organizirano je i dru\u017eenje uz gastronomsku ponudu \u2013 dijelit \u0107e se grah i ro\u0161tilj, a posjetitelji mogu donijeti i vlastitu hranu te koristiti zajedni\u010dki ro\u0161tilj.<\/span><\/p>\n<p><span style=\"font-weight: 400;\">Posebna pa\u017enja posve\u0107ena je najmla\u0111ima, za koje \u0107e nakon sportskih aktivnosti biti postavljen dvorac na napuhavanje.<\/span><\/p>\n<p><span style=\"font-weight: 400;\">Organizatori pozivaju sve mje\u0161tane i posjetitelje da se pridru\u017ee i svojim dolaskom doprinesu stvaranju aktivne, povezane i pozitivne zajednice.<\/span><\/p>\n<p>Fotografije s pro\u0161logodi\u0161nje proslave!<\/p>\n<p><img fetchpriority=\"high\" decoding=\"async\" class=\"alignnone size-medium wp-image-15162\" src=\"https:\/\/radiojadranka.hr\/wp-content\/uploads\/2026\/04\/IMG20250501120049-1-770x433.jpg\" alt=\"\" width=\"770\" height=\"433\" srcset=\"https:\/\/radiojadranka.hr\/wp-content\/uploads\/2026\/04\/IMG20250501120049-1-770x433.jpg 770w, https:\/\/radiojadranka.hr\/wp-content\/uploads\/2026\/04\/IMG20250501120049-1-1170x658.jpg 1170w, https:\/\/radiojadranka.hr\/wp-content\/uploads\/2026\/04\/IMG20250501120049-1-768x432.jpg 768w, https:\/\/radiojadranka.hr\/wp-content\/uploads\/2026\/04\/IMG20250501120049-1-1536x864.jpg 1536w, https:\/\/radiojadranka.hr\/wp-content\/uploads\/2026\/04\/IMG20250501120049-1.jpg 1761w\" sizes=\"(max-width: 770px) 100vw, 770px\" \/><\/p>\n","protected":false},"excerpt":{"rendered":"<p>Mjesni odbor Veli Lo\u0161inj i ove godine organizira obilje\u017eavanje Praznika rada kroz doga\u0111aj pod nazivom \u201eSportski praznik rada u Velom Lo\u0161inju\u201c, koji \u0107e se odr\u017eati u petak, 1. svibnja 2026. godine s po\u010detkom u 12:00 sati na igrali\u0161tu kod podru\u010dne \u0161kole. Program zapo\u010dinje zajedni\u010dkom akcijom \u010di\u0161\u0107enja i ure\u0111enja okoli\u0161a oko ...<\/p>\n","protected":false},"author":2,"featured_media":15163,"comment_status":"closed","ping_status":"open","sticky":false,"template":"","format":"audio","meta":{"footnotes":""},"categories":[72],"tags":[],"class_list":["post-15161","post","type-post","status-publish","format-audio","has-post-thumbnail","hentry","category-vijesti","post_format-post-format-audio"],"aioseo_notices":[],"_links":{"self":[{"href":"https:\/\/radiojadranka.hr\/index.php\/wp-json\/wp\/v2\/posts\/15161","targetHints":{"allow":["GET"]}}],"collection":[{"href":"https:\/\/radiojadranka.hr\/index.php\/wp-json\/wp\/v2\/posts"}],"about":[{"href":"https:\/\/radiojadranka.hr\/index.php\/wp-json\/wp\/v2\/types\/post"}],"author":[{"embeddable":true,"href":"https:\/\/radiojadranka.hr\/index.php\/wp-json\/wp\/v2\/users\/2"}],"replies":[{"embeddable":true,"href":"https:\/\/radiojadranka.hr\/index.php\/wp-json\/wp\/v2\/comments?post=15161"}],"version-history":[{"count":1,"href":"https:\/\/radiojadranka.hr\/index.php\/wp-json\/wp\/v2\/posts\/15161\/revisions"}],"predecessor-version":[{"id":15164,"href":"https:\/\/radiojadranka.hr\/index.php\/wp-json\/wp\/v2\/posts\/15161\/revisions\/15164"}],"wp:featuredmedia":[{"embeddable":true,"href":"https:\/\/radiojadranka.hr\/index.php\/wp-json\/wp\/v2\/media\/15163"}],"wp:attachment":[{"href":"https:\/\/radiojadranka.hr\/index.php\/wp-json\/wp\/v2\/media?parent=15161"}],"wp:term":[{"taxonomy":"category","embeddable":true,"href":"https:\/\/radiojadranka.hr\/index.php\/wp-json\/wp\/v2\/categories?post=15161"},{"taxonomy":"post_tag","embeddable":true,"href":"https:\/\/radiojadranka.hr\/index.php\/wp-json\/wp\/v2\/tags?post=15161"}],"curies":[{"name":"wp","href":"https:\/\/api.w.org\/{rel}","templated":true}]}}