{"id":15155,"date":"2026-04-29T19:35:09","date_gmt":"2026-04-29T17:35:09","guid":{"rendered":"https:\/\/radiojadranka.hr\/?p=15155"},"modified":"2026-04-29T19:35:37","modified_gmt":"2026-04-29T17:35:37","slug":"sdp-losinj-u-novom-sastavu-fokus-na-zdravstvo-infrastrukturu-i-konkretna-rjesenja-za-gradane","status":"publish","type":"post","link":"https:\/\/radiojadranka.hr\/index.php\/2026\/04\/29\/sdp-losinj-u-novom-sastavu-fokus-na-zdravstvo-infrastrukturu-i-konkretna-rjesenja-za-gradane\/","title":{"rendered":"SDP Lo\u0161inj u novom sastavu: Fokus na zdravstvo, infrastrukturu i konkretna rje\u0161enja za gra\u0111ane"},"content":{"rendered":"<p data-path-to-node=\"5\"><b data-path-to-node=\"5\" data-index-in-node=\"0\"><span dir=\"auto\">MALI LO\u0160INJ<\/span><\/b><span dir=\"auto\"> \u2013 Na odr\u017eanoj konferenciji za medije, novi predsjednik lo\u0161injskog SDP-a, <\/span><b data-path-to-node=\"5\" data-index-in-node=\"85\"><span dir=\"auto\">Mario Frankovi\u0107<\/span><\/b><span dir=\"auto\"> , i predsjednik \u017eupanijskog SDP-a te aktualni \u017eupan, <\/span><b data-path-to-node=\"5\" data-index-in-node=\"153\"><span dir=\"auto\">Ivica Lukanovi\u0107<\/span><\/b><span dir=\"auto\"> , predstavili su planove za revitalizaciju stranke na otoku te najavili klju\u010dne projekte koji \u0107e obilje\u017eiti predstoje\u0107e razdoblje.<\/span><\/p>\n<h3 data-path-to-node=\"6\"><span dir=\"auto\">Stabilizacija i novi stru\u010dni savjeti<\/span><\/h3>\n<p data-path-to-node=\"7\"><span dir=\"auto\">Mario Frankovi\u0107, koji je nedavno preuzeo kormilo lo\u0161injske organizacije, istaknuo je da je prvi korak bio stabilizacija unutarstrana\u010dkih prilika. <\/span><i data-path-to-node=\"7\" data-index-in-node=\"146\"><span dir=\"auto\">&#8220;Na\u0161 je cilj modernizirati stranku i otvoriti je prema svim gra\u0111anima koji \u017eele boljitak Lo\u0161inja. Uvodimo savjete stru\u010dnjaka koji \u0107e raditi na specifi\u010dnim podru\u010djima, od turizma do socijalne politike, kako bismo ponudili rje\u0161enja utemeljena na znanju, a ne na pukoj ideologiji&#8221;<\/span><\/i><span dir=\"auto\"> , naglasio je <\/span><b data-path-to-node=\"7\" data-index-in-node=\"437\"><span dir=\"auto\">Frankovi\u0107<\/span><\/b><span dir=\"auto\"> .<\/span><\/p>\n<h3 data-path-to-node=\"8\"><span dir=\"auto\">Zdravstvo: Prioritet svih prioriteta<\/span><\/h3>\n<p data-path-to-node=\"9\"><span dir=\"auto\">Jedna od najva\u017enijih tema bila je dostupnost zdravstvene za\u0161tite na otoku. Sugovornici su se slo\u017eili da je trenutno stanje neodr\u017eivo te da su potrebni konkretni iskoraci.<\/span><\/p>\n<ul data-path-to-node=\"10\">\n<li>\n<p data-path-to-node=\"10,0,0\"><b data-path-to-node=\"10,0,0\" data-index-in-node=\"0\"><span dir=\"auto\">Novi Dom zdravlja:<\/span><\/b><span dir=\"auto\"> Potvr\u0111eno je da se nastavlja rad na pripremi projekta novog objekta u Malom Lo\u0161inju koji bi objedinio primarnu i specijalisti\u010dku za\u0161titu.<\/span><\/p>\n<\/li>\n<li>\n<p data-path-to-node=\"10,1,0\"><b data-path-to-node=\"10,1,0\" data-index-in-node=\"0\"><span dir=\"auto\">Zadr\u017eavanje kadrova:<\/span><\/b><span dir=\"auto\"> Ivica Lukanovi\u0107 istaknuo je va\u017enost \u017eupanijskih mjera, uklju\u010duju\u0107i stipendije za medicinsko osoblje i sufinanciranje stanovanja, kako bi se lije\u010dnici i medicinske sestre motivirali na rad na otocima.<\/span><\/p>\n<\/li>\n<\/ul>\n<h3 data-path-to-node=\"11\"><span dir=\"auto\">Infrastrukturni projekti i obrazovanje<\/span><\/h3>\n<p data-path-to-node=\"12\"><span dir=\"auto\">Ivica Lukanovi\u0107 osvrnuo se na kapitalne investicije koje \u017eupanija podupire na Lo\u0161inju. Posebno je istaknuto potpisivanje ugovora za <\/span><b data-path-to-node=\"12\" data-index-in-node=\"137\"><span dir=\"auto\">izgradnju \u0161kolske sportske dvorane<\/span><\/b><span dir=\"auto\"> , projekt koji lo\u0161injski u\u010denici i sporta\u0161i \u010dekaju godinama. <\/span><i data-path-to-node=\"12\" data-index-in-node=\"232\"><span dir=\"auto\">&#8220;\u017delimo omogu\u0107iti jednosmjenski rad u svim \u0161kolama i osigurati vrhunske sportske uvjete. Uz to, nastavljamo s ulaganjima u na\u0161e luke, koje su \u017eila kucavica oto\u010dnog gospodarstva&#8221;<\/span><\/i><span dir=\"auto\"> , izjavio je <\/span><b data-path-to-node=\"12\" data-index-in-node=\"422\"><span dir=\"auto\">Lukanovi\u0107<\/span><\/b><span dir=\"auto\"> .<\/span><\/p>\n<p data-path-to-node=\"3\"><span dir=\"auto\">Osim infrastrukturnih tema, konferencija je rasvijetlila i novu arhitekturu vlasti, odnosno opozicije u Malom Lo\u0161inju. Mario Frankovi\u0107 i Ivica Lukanovi\u0107 objasnili su kako \u0107e SDP djelovati unutar predstavni\u010dkih tijela.<\/span><\/p>\n<h3 data-path-to-node=\"4\"><b data-path-to-node=\"4\" data-index-in-node=\"0\"><span dir=\"auto\">Stabilan blok u Gradskom vije\u0107u<\/span><\/b><\/h3>\n<p data-path-to-node=\"5\"><span dir=\"auto\">Nagla\u0161eno je da SDP trenutno ra\u010duna na podr\u0161ku <\/span><b data-path-to-node=\"5\" data-index-in-node=\"47\"><span dir=\"auto\">osam vije\u0107nika<\/span><\/b><span dir=\"auto\"> u Gradskom vije\u0107u. Ova grupacija predstavlja zna\u010dajan \u010dimbenik i mogu\u0107nost predlaganja konkretnih mjera stabilnosti. Frankovi\u0107 je pojasnio da, iako svi \u010dlanovi te grupacije formalno u\u0161li u SDP, suradnja je neupitna.<\/span><\/p>\n<h3 data-path-to-node=\"6\"><b data-path-to-node=\"6\" data-index-in-node=\"0\"><span dir=\"auto\">\u010clanovi izvan stranke, ali unutar tima<\/span><\/b><\/h3>\n<p data-path-to-node=\"7\"><span dir=\"auto\">Posebno je istaknuto pitanje vije\u0107nika poput <\/span><b data-path-to-node=\"7\" data-index-in-node=\"45\"><span dir=\"auto\">Roberta Cavedonija<\/span><\/b><span dir=\"auto\"> i<strong> Ivana<\/strong><\/span><b data-path-to-node=\"7\" data-index-in-node=\"63\"><span dir=\"auto\"><strong>\u00a0<\/strong>Koharovi\u0107a<\/span><\/b><span dir=\"auto\"> , koji se nisu u\u010dlanili u SDP. <\/span><span dir=\"auto\">Potvr\u0111eno je da oni ostaju dio tima te da je u planu formiranja zajedni\u010dkog <\/span><b data-path-to-node=\"8,0,0\" data-index-in-node=\"93\"><span dir=\"auto\">Kluba vije\u0107nika <\/span><\/b><span dir=\"auto\">. <\/span><span dir=\"auto\">Spomenuta je i suradnja s vije\u0107nicuna<\/span><span dir=\"auto\"> iz Akcije mladih i Jerkom Ku\u0161etom. Nagla\u0161eno je da SDP ostaje partner Akcije mladih te da \u0107e zajedni\u010dki nastupati kod dono\u0161enja klju\u010dnih odluka. <\/span><span dir=\"auto\">Frankovi\u0107 je poru\u010dio da formalno \u010dlanstvo nije uvjet za suradnju. Klju\u010dno je da ovih &#8220;pet sigurnih ruku&#8221; (uz vije\u0107nike SDP-a) djeluje uskla\u0111eno na svakoj sjednici Vije\u0107a.<\/span><\/p>\n<p data-path-to-node=\"7\">Poslu<span dir=\"auto\">\u0161ajte snimku konferencije za medije odrzane u hotelu Punta. Nakon ove konferencije za medije, okupilo se \u010dlanstvo na radnom sastanku s predsjenikom \u017eupanjske organizacije SDP-a.<\/span><\/p>\n<p><iframe title=\"290426 Konferencija Za Medije Sdp Losinj\" width=\"100%\" height=\"120\" src=\"https:\/\/www.mixcloud.com\/widget\/iframe\/?feed=https%3A%2F%2Fwww.mixcloud.com%2Fradio_jadranka%2F290426-konferencija-za-medije-sdp-losinj%2F&amp;hide_cover=1\" frameborder=\"0\" allow=\"encrypted-media; fullscreen; autoplay; idle-detection; speaker-selection; web-share;\"><\/iframe><\/p>\n<div id='gallery-1' class='gallery galleryid-15155 gallery-columns-3 gallery-size-thumbnail'><figure class='gallery-item'>\n\t\t\t<div class='gallery-icon landscape'>\n\t\t\t\t<a href='https:\/\/radiojadranka.hr\/index.php\/2026\/04\/29\/sdp-losinj-u-novom-sastavu-fokus-na-zdravstvo-infrastrukturu-i-konkretna-rjesenja-za-gradane\/img20260429180611\/'><img decoding=\"async\" width=\"150\" height=\"150\" src=\"https:\/\/radiojadranka.hr\/wp-content\/uploads\/2026\/04\/IMG20260429180611-150x150.jpg\" class=\"attachment-thumbnail size-thumbnail\" alt=\"\" srcset=\"https:\/\/radiojadranka.hr\/wp-content\/uploads\/2026\/04\/IMG20260429180611-150x150.jpg 150w, https:\/\/radiojadranka.hr\/wp-content\/uploads\/2026\/04\/IMG20260429180611-100x100.jpg 100w, https:\/\/radiojadranka.hr\/wp-content\/uploads\/2026\/04\/IMG20260429180611-370x370.jpg 370w\" sizes=\"(max-width: 150px) 100vw, 150px\" \/><\/a>\n\t\t\t<\/div><\/figure><figure class='gallery-item'>\n\t\t\t<div class='gallery-icon landscape'>\n\t\t\t\t<a href='https:\/\/radiojadranka.hr\/index.php\/2026\/04\/29\/sdp-losinj-u-novom-sastavu-fokus-na-zdravstvo-infrastrukturu-i-konkretna-rjesenja-za-gradane\/img20260429180609\/'><img decoding=\"async\" width=\"150\" height=\"150\" src=\"https:\/\/radiojadranka.hr\/wp-content\/uploads\/2026\/04\/IMG20260429180609-150x150.jpg\" class=\"attachment-thumbnail size-thumbnail\" alt=\"\" srcset=\"https:\/\/radiojadranka.hr\/wp-content\/uploads\/2026\/04\/IMG20260429180609-150x150.jpg 150w, https:\/\/radiojadranka.hr\/wp-content\/uploads\/2026\/04\/IMG20260429180609-100x100.jpg 100w, https:\/\/radiojadranka.hr\/wp-content\/uploads\/2026\/04\/IMG20260429180609-370x370.jpg 370w\" sizes=\"(max-width: 150px) 100vw, 150px\" \/><\/a>\n\t\t\t<\/div><\/figure><figure class='gallery-item'>\n\t\t\t<div class='gallery-icon landscape'>\n\t\t\t\t<a href='https:\/\/radiojadranka.hr\/index.php\/2026\/04\/29\/sdp-losinj-u-novom-sastavu-fokus-na-zdravstvo-infrastrukturu-i-konkretna-rjesenja-za-gradane\/oplus_136314880-19\/'><img decoding=\"async\" width=\"150\" height=\"150\" src=\"https:\/\/radiojadranka.hr\/wp-content\/uploads\/2026\/04\/IMG20260429180616-150x150.jpg\" class=\"attachment-thumbnail size-thumbnail\" alt=\"\" srcset=\"https:\/\/radiojadranka.hr\/wp-content\/uploads\/2026\/04\/IMG20260429180616-150x150.jpg 150w, https:\/\/radiojadranka.hr\/wp-content\/uploads\/2026\/04\/IMG20260429180616-100x100.jpg 100w, https:\/\/radiojadranka.hr\/wp-content\/uploads\/2026\/04\/IMG20260429180616-370x370.jpg 370w\" sizes=\"(max-width: 150px) 100vw, 150px\" \/><\/a>\n\t\t\t<\/div><\/figure>\n\t\t<\/div>\n\n<p data-path-to-node=\"17\">\n","protected":false},"excerpt":{"rendered":"<p>MALI LO\u0160INJ \u2013 Na odr\u017eanoj konferenciji za medije, novi predsjednik lo\u0161injskog SDP-a, Mario Frankovi\u0107 , i predsjednik \u017eupanijskog SDP-a te aktualni \u017eupan, Ivica Lukanovi\u0107 , predstavili su planove za revitalizaciju stranke na otoku te najavili klju\u010dne projekte koji \u0107e obilje\u017eiti predstoje\u0107e razdoblje. Stabilizacija i novi stru\u010dni savjeti Mario Frankovi\u0107, koji ...<\/p>\n","protected":false},"author":2,"featured_media":15157,"comment_status":"closed","ping_status":"open","sticky":false,"template":"","format":"audio","meta":{"footnotes":""},"categories":[72],"tags":[],"class_list":["post-15155","post","type-post","status-publish","format-audio","has-post-thumbnail","hentry","category-vijesti","post_format-post-format-audio"],"aioseo_notices":[],"_links":{"self":[{"href":"https:\/\/radiojadranka.hr\/index.php\/wp-json\/wp\/v2\/posts\/15155","targetHints":{"allow":["GET"]}}],"collection":[{"href":"https:\/\/radiojadranka.hr\/index.php\/wp-json\/wp\/v2\/posts"}],"about":[{"href":"https:\/\/radiojadranka.hr\/index.php\/wp-json\/wp\/v2\/types\/post"}],"author":[{"embeddable":true,"href":"https:\/\/radiojadranka.hr\/index.php\/wp-json\/wp\/v2\/users\/2"}],"replies":[{"embeddable":true,"href":"https:\/\/radiojadranka.hr\/index.php\/wp-json\/wp\/v2\/comments?post=15155"}],"version-history":[{"count":2,"href":"https:\/\/radiojadranka.hr\/index.php\/wp-json\/wp\/v2\/posts\/15155\/revisions"}],"predecessor-version":[{"id":15160,"href":"https:\/\/radiojadranka.hr\/index.php\/wp-json\/wp\/v2\/posts\/15155\/revisions\/15160"}],"wp:featuredmedia":[{"embeddable":true,"href":"https:\/\/radiojadranka.hr\/index.php\/wp-json\/wp\/v2\/media\/15157"}],"wp:attachment":[{"href":"https:\/\/radiojadranka.hr\/index.php\/wp-json\/wp\/v2\/media?parent=15155"}],"wp:term":[{"taxonomy":"category","embeddable":true,"href":"https:\/\/radiojadranka.hr\/index.php\/wp-json\/wp\/v2\/categories?post=15155"},{"taxonomy":"post_tag","embeddable":true,"href":"https:\/\/radiojadranka.hr\/index.php\/wp-json\/wp\/v2\/tags?post=15155"}],"curies":[{"name":"wp","href":"https:\/\/api.w.org\/{rel}","templated":true}]}}