{"id":15146,"date":"2026-04-29T15:11:37","date_gmt":"2026-04-29T13:11:37","guid":{"rendered":"https:\/\/radiojadranka.hr\/?p=15146"},"modified":"2026-04-29T15:11:37","modified_gmt":"2026-04-29T13:11:37","slug":"potpisan-ugovor-za-izgradnju-skolske-sportske-dvorane-u-malom-losinju","status":"publish","type":"post","link":"https:\/\/radiojadranka.hr\/index.php\/2026\/04\/29\/potpisan-ugovor-za-izgradnju-skolske-sportske-dvorane-u-malom-losinju\/","title":{"rendered":"Potpisan ugovor za izgradnju \u0161kolske sportske dvorane u Malom Lo\u0161inju"},"content":{"rendered":"<p data-start=\"119\" data-end=\"377\">U Osnovnoj \u0161koli Maria Martinoli\u0107a u Malom Lo\u0161inju danas je potpisan ugovor za izgradnju \u0161kolske sportske dvorane, \u010dime je nakon vi\u0161e od 20 godina zapo\u010dela realizacija jednog od najva\u017enijih infrastrukturnih projekata u podru\u010dju obrazovanja i sporta na otoku.<\/p>\n<p data-start=\"379\" data-end=\"559\">Ugovor su potpisali \u017eupan Primorsko-goranske \u017eupanije Ivica Lukanovi\u0107 i predsjednik Uprave tvrtke RADNIK d.d. Kri\u017eevci Mirko Habijanec, \u010dime projekt ulazi u fazu konkretne izvedbe.<\/p>\n<p data-start=\"561\" data-end=\"902\">Rije\u010d je o investiciji vrijednoj 5,01 milijun eura, od \u010dega je \u010dak 4,1 milijun eura osigurano iz bespovratnih sredstava Ministarstva znanosti, obrazovanja i mladih. Primorsko-goranska \u017eupanija nositelj je i prijavitelj projekta, dok je Grad Mali Lo\u0161inj partner koji je tijekom protekla dva desetlje\u0107a kontinuirano radio na njegovoj pripremi.<\/p>\n<p data-start=\"904\" data-end=\"1284\">Projekt ima dugu povijest \u2013 jo\u0161 2003. godine definirano je da \u0107e se sredstva od prodaje starih \u0161kolskih zgrada usmjeriti u izgradnju dvorane. Grad Mali Lo\u0161inj u me\u0111uvremenu je proveo niz aktivnosti \u2013 od prilagodbe prostorno-planske dokumentacije do izrade i modernizacije projektne dokumentacije, a prodajom stare \u0161kole u Zagreba\u010dkoj ulici osigurao je i vlastiti financijski udio.<\/p>\n<p data-start=\"904\" data-end=\"1284\">Potpisivanju ugovora u osnovnoj \u0161koli prisustvoali su \u017eupan Primorsko-goranski Ivica Lukanovi\u0107, gradona\u010delnica Malog Lo\u0161inja Ana Ku\u010di\u0107, pro\u010delnica upravnog odjela za odgoj i obrazovanje Edita Stilin, Mirko Habjanec direktor izvo\u0111a\u010da radova Radnika Kri\u017eevci i ravnateljica \u0161kole Olivela Franko.<\/p>\n<p data-start=\"904\" data-end=\"1284\">Evo i tehni\u010dkih podataka o objektu:<\/p>\n<ul data-path-to-node=\"2\">\n<li>\n<p data-path-to-node=\"2,0,0\"><span class=\"citation-634\">Projekt obuhva\u0107a izgradnju <\/span><b data-path-to-node=\"2,0,0\" data-index-in-node=\"42\"><span class=\"citation-634\">dvodijelne \u0161kolske sportske dvorane<\/span><\/b><span class=\"citation-634 citation-end-634\"> koja \u0107e biti funkcionalno povezana s postoje\u0107om zgradom Osnovne \u0161kole Maria Martinoli\u0107a.<\/span><\/p>\n<\/li>\n<li>\n<p data-path-to-node=\"2,0,0\"><span class=\"citation-632\">Uz samu dvoranu, gradi se i <\/span><b data-path-to-node=\"2,2,0\" data-index-in-node=\"46\"><span class=\"citation-632\">vanjsko sportsko igrali\u0161te<\/span><\/b><span class=\"citation-632 citation-end-632\"> te nova kotlovnica koja \u0107e slu\u017eiti cijelom \u0161kolskom kompleksu.<\/span><\/p>\n<\/li>\n<li>\n<p data-path-to-node=\"2,0,0\">Sama dvorana zauzima povr\u0161inu od otprilike <b data-path-to-node=\"4,0,0\" data-index-in-node=\"70\">600 m\u00b2<\/b>.<\/p>\n<\/li>\n<li>\n<p data-path-to-node=\"2,0,0\"><span class=\"citation-631\">Prema tehni\u010dkim podacima, vanjsko igrali\u0161te prostire se na oko <\/span><b data-path-to-node=\"4,1,0\" data-index-in-node=\"82\"><span class=\"citation-631\">1000 m\u00b2<\/span><\/b><span class=\"citation-631\"> (to\u010dnije dimenzije igrali\u0161ta su <\/span><b data-path-to-node=\"4,1,0\" data-index-in-node=\"122\"><span class=\"citation-631\">52 x 32 metra<\/span><\/b><span class=\"citation-631 citation-end-631\">, \u0161to omogu\u0107uje terene za mali nogomet, rukomet i ko\u0161arku).<\/span><\/p>\n<\/li>\n<\/ul>\n<ul data-path-to-node=\"4\">\n<li>\n<p data-path-to-node=\"4,2,0\">Cijeli zahvat uklju\u010duje i pripadaju\u0107u infrastrukturu te pristupne puteve.<\/p>\n<\/li>\n<\/ul>\n<h3 data-path-to-node=\"5\">Gra\u0111evna struktura i materijali<\/h3>\n<ul data-path-to-node=\"6\">\n<li>\n<p data-path-to-node=\"6,0,0\">Objekt je projektiran kao <b data-path-to-node=\"6,0,0\" data-index-in-node=\"40\">monta\u017ena gra\u0111evina<\/b> od <b data-path-to-node=\"6,0,0\" data-index-in-node=\"62\">prefabriciranih elemenata<\/b>.<\/p>\n<\/li>\n<li>\n<p data-path-to-node=\"6,1,0\">Koriste se najsuvremeniji materijali s naglaskom na visokoj <b data-path-to-node=\"6,1,0\" data-index-in-node=\"84\">toplinskoj izolaciji<\/b>.<\/p>\n<\/li>\n<li>\n<p data-path-to-node=\"6,2,0\"><b data-path-to-node=\"6,2,0\" data-index-in-node=\"0\">Koli\u010dine materijala<\/b>:<\/p>\n<ul data-path-to-node=\"6,2,1\">\n<li>\n<p data-path-to-node=\"6,2,1,0,0\">Utro\u0161ak betona: pribli\u017eno <b data-path-to-node=\"6,2,1,0,0\" data-index-in-node=\"26\">1300 m\u00b3<\/b>.<\/p>\n<\/li>\n<li>\n<p data-path-to-node=\"6,2,1,1,0\">Armatura: oko <b data-path-to-node=\"6,2,1,1,0\" data-index-in-node=\"14\">100 tona<\/b> \u010delika.<\/p>\n<\/li>\n<li>\n<p data-path-to-node=\"6,2,1,2,0\">Oplata: izme\u0111u <b data-path-to-node=\"6,2,1,2,0\" data-index-in-node=\"15\">3000 i 4000 m\u00b2<\/b>.<\/p>\n<\/li>\n<\/ul>\n<\/li>\n<li>\n<p data-path-to-node=\"6,3,0\"><span class=\"citation-630\">\u00a0Na krovu dvorane planirana je ugradnja <\/span><b data-path-to-node=\"6,3,0\" data-index-in-node=\"61\"><span class=\"citation-630\">solarne elektrane<\/span><\/b><span class=\"citation-630 citation-end-630\"> za smanjenje operativnih tro\u0161kova.<\/span><\/p>\n<div class=\"source-inline-chip-container ng-star-inserted\"><\/div>\n<\/li>\n<\/ul>\n<h3 data-path-to-node=\"7\"><span class=\"citation-629 citation-end-629\">Funkcionalni sklopovi<\/span><\/h3>\n<ul data-path-to-node=\"8\">\n<li>\n<p data-path-to-node=\"8,0,0\"><span class=\"citation-628\">\u00a0Dvorana \u0107e biti opremljena kabinetom za nastavnike, svla\u010dionicama, praonicama, ambulantom te <\/span><b data-path-to-node=\"8,0,0\" data-index-in-node=\"107\"><span class=\"citation-628\">teleskopskim tribinama<\/span><\/b><span class=\"citation-628 citation-end-628\"> za gledatelje.<\/span><\/p>\n<\/li>\n<li>\n<p data-path-to-node=\"8,1,0\"><span class=\"citation-627 citation-end-627\">Tehni\u010dki se potpuno odvajaju sustavi grijanja osnovne i srednje \u0161kole, \u010dime se posti\u017eu zna\u010dajne energetske u\u0161tede.<\/span><\/p>\n<\/li>\n<\/ul>\n<p data-path-to-node=\"9\"><strong>Izgradnja bi trebala trajati 16 mjeseci, a izvo\u0111a\u010d radova je tvrtka Radnik Kri\u017eevci.<\/strong><\/p>\n<p><iframe title=\"290426 Potpisivanje Ugovora Za Izgradnju \u0160kolske Sportske Dvorane\" width=\"100%\" height=\"120\" src=\"https:\/\/www.mixcloud.com\/widget\/iframe\/?feed=https%3A%2F%2Fwww.mixcloud.com%2Fradio_jadranka%2F290426-potpisivanje-ugovora-za-izgradnju-%25C5%25A1kolske-sportske-dvorane%2F&amp;hide_cover=1\" frameborder=\"0\" allow=\"encrypted-media; fullscreen; autoplay; idle-detection; speaker-selection; web-share;\"><\/iframe><\/p>\n<div id='gallery-1' class='gallery galleryid-15146 gallery-columns-3 gallery-size-thumbnail'><figure class='gallery-item'>\n\t\t\t<div class='gallery-icon landscape'>\n\t\t\t\t<a href='https:\/\/radiojadranka.hr\/index.php\/2026\/04\/29\/potpisan-ugovor-za-izgradnju-skolske-sportske-dvorane-u-malom-losinju\/img20260429135340\/'><img decoding=\"async\" width=\"150\" height=\"150\" src=\"https:\/\/radiojadranka.hr\/wp-content\/uploads\/2026\/04\/IMG20260429135340-150x150.jpg\" class=\"attachment-thumbnail size-thumbnail\" alt=\"\" srcset=\"https:\/\/radiojadranka.hr\/wp-content\/uploads\/2026\/04\/IMG20260429135340-150x150.jpg 150w, https:\/\/radiojadranka.hr\/wp-content\/uploads\/2026\/04\/IMG20260429135340-100x100.jpg 100w, https:\/\/radiojadranka.hr\/wp-content\/uploads\/2026\/04\/IMG20260429135340-370x370.jpg 370w\" sizes=\"(max-width: 150px) 100vw, 150px\" \/><\/a>\n\t\t\t<\/div><\/figure><figure class='gallery-item'>\n\t\t\t<div class='gallery-icon landscape'>\n\t\t\t\t<a href='https:\/\/radiojadranka.hr\/index.php\/2026\/04\/29\/potpisan-ugovor-za-izgradnju-skolske-sportske-dvorane-u-malom-losinju\/img20260429135112-1\/'><img decoding=\"async\" width=\"150\" height=\"150\" src=\"https:\/\/radiojadranka.hr\/wp-content\/uploads\/2026\/04\/IMG20260429135112-1-150x150.jpg\" class=\"attachment-thumbnail size-thumbnail\" alt=\"\" srcset=\"https:\/\/radiojadranka.hr\/wp-content\/uploads\/2026\/04\/IMG20260429135112-1-150x150.jpg 150w, https:\/\/radiojadranka.hr\/wp-content\/uploads\/2026\/04\/IMG20260429135112-1-100x100.jpg 100w, https:\/\/radiojadranka.hr\/wp-content\/uploads\/2026\/04\/IMG20260429135112-1-370x370.jpg 370w\" sizes=\"(max-width: 150px) 100vw, 150px\" \/><\/a>\n\t\t\t<\/div><\/figure><figure class='gallery-item'>\n\t\t\t<div class='gallery-icon landscape'>\n\t\t\t\t<a href='https:\/\/radiojadranka.hr\/index.php\/2026\/04\/29\/potpisan-ugovor-za-izgradnju-skolske-sportske-dvorane-u-malom-losinju\/img20260429135112\/'><img decoding=\"async\" width=\"150\" height=\"150\" src=\"https:\/\/radiojadranka.hr\/wp-content\/uploads\/2026\/04\/IMG20260429135112-150x150.jpg\" class=\"attachment-thumbnail size-thumbnail\" alt=\"\" srcset=\"https:\/\/radiojadranka.hr\/wp-content\/uploads\/2026\/04\/IMG20260429135112-150x150.jpg 150w, https:\/\/radiojadranka.hr\/wp-content\/uploads\/2026\/04\/IMG20260429135112-100x100.jpg 100w, https:\/\/radiojadranka.hr\/wp-content\/uploads\/2026\/04\/IMG20260429135112-370x370.jpg 370w\" sizes=\"(max-width: 150px) 100vw, 150px\" \/><\/a>\n\t\t\t<\/div><\/figure><figure class='gallery-item'>\n\t\t\t<div class='gallery-icon landscape'>\n\t\t\t\t<a href='https:\/\/radiojadranka.hr\/index.php\/2026\/04\/29\/potpisan-ugovor-za-izgradnju-skolske-sportske-dvorane-u-malom-losinju\/img20260429135126\/'><img loading=\"lazy\" decoding=\"async\" width=\"150\" height=\"150\" src=\"https:\/\/radiojadranka.hr\/wp-content\/uploads\/2026\/04\/IMG20260429135126-150x150.jpg\" class=\"attachment-thumbnail size-thumbnail\" alt=\"\" srcset=\"https:\/\/radiojadranka.hr\/wp-content\/uploads\/2026\/04\/IMG20260429135126-150x150.jpg 150w, https:\/\/radiojadranka.hr\/wp-content\/uploads\/2026\/04\/IMG20260429135126-100x100.jpg 100w, https:\/\/radiojadranka.hr\/wp-content\/uploads\/2026\/04\/IMG20260429135126-370x370.jpg 370w\" sizes=\"(max-width: 150px) 100vw, 150px\" \/><\/a>\n\t\t\t<\/div><\/figure><figure class='gallery-item'>\n\t\t\t<div class='gallery-icon landscape'>\n\t\t\t\t<a href='https:\/\/radiojadranka.hr\/index.php\/2026\/04\/29\/potpisan-ugovor-za-izgradnju-skolske-sportske-dvorane-u-malom-losinju\/img20260429135243\/'><img loading=\"lazy\" decoding=\"async\" width=\"150\" height=\"150\" src=\"https:\/\/radiojadranka.hr\/wp-content\/uploads\/2026\/04\/IMG20260429135243-150x150.jpg\" class=\"attachment-thumbnail size-thumbnail\" alt=\"\" srcset=\"https:\/\/radiojadranka.hr\/wp-content\/uploads\/2026\/04\/IMG20260429135243-150x150.jpg 150w, https:\/\/radiojadranka.hr\/wp-content\/uploads\/2026\/04\/IMG20260429135243-100x100.jpg 100w, https:\/\/radiojadranka.hr\/wp-content\/uploads\/2026\/04\/IMG20260429135243-370x370.jpg 370w\" sizes=\"(max-width: 150px) 100vw, 150px\" \/><\/a>\n\t\t\t<\/div><\/figure>\n\t\t<\/div>\n\n","protected":false},"excerpt":{"rendered":"<p>U Osnovnoj \u0161koli Maria Martinoli\u0107a u Malom Lo\u0161inju danas je potpisan ugovor za izgradnju \u0161kolske sportske dvorane, \u010dime je nakon vi\u0161e od 20 godina zapo\u010dela realizacija jednog od najva\u017enijih infrastrukturnih projekata u podru\u010dju obrazovanja i sporta na otoku. Ugovor su potpisali \u017eupan Primorsko-goranske \u017eupanije Ivica Lukanovi\u0107 i predsjednik Uprave tvrtke ...<\/p>\n","protected":false},"author":2,"featured_media":15147,"comment_status":"closed","ping_status":"open","sticky":false,"template":"","format":"audio","meta":{"footnotes":""},"categories":[72],"tags":[],"class_list":["post-15146","post","type-post","status-publish","format-audio","has-post-thumbnail","hentry","category-vijesti","post_format-post-format-audio"],"aioseo_notices":[],"_links":{"self":[{"href":"https:\/\/radiojadranka.hr\/index.php\/wp-json\/wp\/v2\/posts\/15146","targetHints":{"allow":["GET"]}}],"collection":[{"href":"https:\/\/radiojadranka.hr\/index.php\/wp-json\/wp\/v2\/posts"}],"about":[{"href":"https:\/\/radiojadranka.hr\/index.php\/wp-json\/wp\/v2\/types\/post"}],"author":[{"embeddable":true,"href":"https:\/\/radiojadranka.hr\/index.php\/wp-json\/wp\/v2\/users\/2"}],"replies":[{"embeddable":true,"href":"https:\/\/radiojadranka.hr\/index.php\/wp-json\/wp\/v2\/comments?post=15146"}],"version-history":[{"count":1,"href":"https:\/\/radiojadranka.hr\/index.php\/wp-json\/wp\/v2\/posts\/15146\/revisions"}],"predecessor-version":[{"id":15152,"href":"https:\/\/radiojadranka.hr\/index.php\/wp-json\/wp\/v2\/posts\/15146\/revisions\/15152"}],"wp:featuredmedia":[{"embeddable":true,"href":"https:\/\/radiojadranka.hr\/index.php\/wp-json\/wp\/v2\/media\/15147"}],"wp:attachment":[{"href":"https:\/\/radiojadranka.hr\/index.php\/wp-json\/wp\/v2\/media?parent=15146"}],"wp:term":[{"taxonomy":"category","embeddable":true,"href":"https:\/\/radiojadranka.hr\/index.php\/wp-json\/wp\/v2\/categories?post=15146"},{"taxonomy":"post_tag","embeddable":true,"href":"https:\/\/radiojadranka.hr\/index.php\/wp-json\/wp\/v2\/tags?post=15146"}],"curies":[{"name":"wp","href":"https:\/\/api.w.org\/{rel}","templated":true}]}}