{"id":15143,"date":"2026-04-29T12:27:58","date_gmt":"2026-04-29T10:27:58","guid":{"rendered":"https:\/\/radiojadranka.hr\/?p=15143"},"modified":"2026-04-29T12:27:58","modified_gmt":"2026-04-29T10:27:58","slug":"dojava-o-postavljenoj-bombi-u-srednjoj-skoli-treci-put-u-posljednjih-desetak-dana","status":"publish","type":"post","link":"https:\/\/radiojadranka.hr\/index.php\/2026\/04\/29\/dojava-o-postavljenoj-bombi-u-srednjoj-skoli-treci-put-u-posljednjih-desetak-dana\/","title":{"rendered":"Dojava o postavljenoj bombi u srednjoj \u0161koli, tre\u0107i put u posljednjih desetak dana!"},"content":{"rendered":"<p><span style=\"font-weight: 400;\">U Malom Lo\u0161inju danas je zaprimljena nova dojava o postavljenoj eksplozivnoj napravi u Srednjoj \u0161koli Ambroza Hara\u010di\u0107a, ve\u0107 tre\u0107a po redu.<\/span><\/p>\n<p><span style=\"font-weight: 400;\">Zbog sigurnosnih razloga u\u010denici su evakuirani te se trenutno nalaze na parkirali\u0161tu iznad \u0161kole, dok nadle\u017ene slu\u017ebe provode potrebne provjere i osiguravaju podru\u010dje.<\/span><\/p>\n<p><span style=\"font-weight: 400;\">Na terenu su prisutne hitne slu\u017ebe koje postupaju prema protokolu, a vi\u0161e informacija o\u010dekuje se nakon zavr\u0161etka pregleda objekta.<\/span><\/p>\n<p><span style=\"font-weight: 400;\">Podsjetimo, ovakve dojave shva\u0107aju se ozbiljno te se uvijek provodi potpuna evakuacija i detaljna provjera prostora kako bi se osigurala sigurnost svih sudionika.<\/span><\/p>\n<p><img fetchpriority=\"high\" decoding=\"async\" class=\"alignnone size-medium wp-image-15140\" src=\"https:\/\/radiojadranka.hr\/wp-content\/uploads\/2026\/04\/IMG20260429110512-770x433.jpg\" alt=\"\" width=\"770\" height=\"433\" srcset=\"https:\/\/radiojadranka.hr\/wp-content\/uploads\/2026\/04\/IMG20260429110512-770x433.jpg 770w, https:\/\/radiojadranka.hr\/wp-content\/uploads\/2026\/04\/IMG20260429110512-1170x658.jpg 1170w, https:\/\/radiojadranka.hr\/wp-content\/uploads\/2026\/04\/IMG20260429110512-768x432.jpg 768w, https:\/\/radiojadranka.hr\/wp-content\/uploads\/2026\/04\/IMG20260429110512-1536x864.jpg 1536w, https:\/\/radiojadranka.hr\/wp-content\/uploads\/2026\/04\/IMG20260429110512-2048x1152.jpg 2048w\" sizes=\"(max-width: 770px) 100vw, 770px\" \/><\/p>\n","protected":false},"excerpt":{"rendered":"<p>U Malom Lo\u0161inju danas je zaprimljena nova dojava o postavljenoj eksplozivnoj napravi u Srednjoj \u0161koli Ambroza Hara\u010di\u0107a, ve\u0107 tre\u0107a po redu. Zbog sigurnosnih razloga u\u010denici su evakuirani te se trenutno nalaze na parkirali\u0161tu iznad \u0161kole, dok nadle\u017ene slu\u017ebe provode potrebne provjere i osiguravaju podru\u010dje. Na terenu su prisutne hitne slu\u017ebe ...<\/p>\n","protected":false},"author":2,"featured_media":15140,"comment_status":"closed","ping_status":"open","sticky":false,"template":"","format":"audio","meta":{"footnotes":""},"categories":[72],"tags":[],"class_list":["post-15143","post","type-post","status-publish","format-audio","has-post-thumbnail","hentry","category-vijesti","post_format-post-format-audio"],"aioseo_notices":[],"_links":{"self":[{"href":"https:\/\/radiojadranka.hr\/index.php\/wp-json\/wp\/v2\/posts\/15143","targetHints":{"allow":["GET"]}}],"collection":[{"href":"https:\/\/radiojadranka.hr\/index.php\/wp-json\/wp\/v2\/posts"}],"about":[{"href":"https:\/\/radiojadranka.hr\/index.php\/wp-json\/wp\/v2\/types\/post"}],"author":[{"embeddable":true,"href":"https:\/\/radiojadranka.hr\/index.php\/wp-json\/wp\/v2\/users\/2"}],"replies":[{"embeddable":true,"href":"https:\/\/radiojadranka.hr\/index.php\/wp-json\/wp\/v2\/comments?post=15143"}],"version-history":[{"count":1,"href":"https:\/\/radiojadranka.hr\/index.php\/wp-json\/wp\/v2\/posts\/15143\/revisions"}],"predecessor-version":[{"id":15144,"href":"https:\/\/radiojadranka.hr\/index.php\/wp-json\/wp\/v2\/posts\/15143\/revisions\/15144"}],"wp:featuredmedia":[{"embeddable":true,"href":"https:\/\/radiojadranka.hr\/index.php\/wp-json\/wp\/v2\/media\/15140"}],"wp:attachment":[{"href":"https:\/\/radiojadranka.hr\/index.php\/wp-json\/wp\/v2\/media?parent=15143"}],"wp:term":[{"taxonomy":"category","embeddable":true,"href":"https:\/\/radiojadranka.hr\/index.php\/wp-json\/wp\/v2\/categories?post=15143"},{"taxonomy":"post_tag","embeddable":true,"href":"https:\/\/radiojadranka.hr\/index.php\/wp-json\/wp\/v2\/tags?post=15143"}],"curies":[{"name":"wp","href":"https:\/\/api.w.org\/{rel}","templated":true}]}}