{"id":15136,"date":"2026-04-29T12:23:38","date_gmt":"2026-04-29T10:23:38","guid":{"rendered":"https:\/\/radiojadranka.hr\/?p=15136"},"modified":"2026-04-29T12:31:55","modified_gmt":"2026-04-29T10:31:55","slug":"ucenici-srednje-skole-ambroza-haracica-pripremaju-tradicionalna-jela-za-sutrasnju-manifestaciju","status":"publish","type":"post","link":"https:\/\/radiojadranka.hr\/index.php\/2026\/04\/29\/ucenici-srednje-skole-ambroza-haracica-pripremaju-tradicionalna-jela-za-sutrasnju-manifestaciju\/","title":{"rendered":"U\u010denici Srednje \u0161kole Ambroza Hara\u010di\u0107a pripremaju tradicionalna jela za sutra\u0161nju manifestaciju!"},"content":{"rendered":"<p data-start=\"145\" data-end=\"310\">Uo\u010di sutra\u0161nje manifestacije <strong data-start=\"174\" data-end=\"222\">\u201eNau\u010dimo mlade sve gu\u0161te na\u0161e kuhinje stare\u201c<\/strong>, u Srednjoj \u0161koli Ambroza Hara\u010di\u0107a u Malom Lo\u0161inju vlada radna i kreativna atmosfera.<\/p>\n<p data-start=\"312\" data-end=\"522\">U\u010denici ugostiteljskog smjera zajedno sa svojim mentorima intenzivno se pripremaju za predstavljanje tradicionalnih jela lo\u0161injskog kraja, koje \u0107e posjetitelji imati priliku ku\u0161ati na Trgu Republike Hrvatske.<\/p>\n<p data-start=\"524\" data-end=\"860\">Tijekom priprema razgovarali smo s nastavnicima i mentorima koji sudjeluju u projektu \u2013 Ivanom Milu\u0161i\u0107, Milankom Poldan, Adrianom Nikoli\u0107em, Ivanom Milanovi\u0107em i Fulviom \u00a0Lettich-Gad\u017ea. Svi isti\u010du va\u017enost ovakvih doga\u0111anja za o\u010duvanje kulinarske ba\u0161tine, ali i za prakti\u010dno obrazovanje u\u010denika koji kroz rad stje\u010du konkretna znanja i iskustva.<\/p>\n<p data-start=\"862\" data-end=\"1036\">Nagla\u0161avaju kako je cilj manifestacije povezati tradiciju i suvremeni pristup gastronomiji, ali i potaknuti mlade na razvoj vje\u0161tina koje \u0107e im biti temelj budu\u0107e karijere.<\/p>\n<p data-start=\"1169\" data-end=\"1286\" data-is-last-node=\"\" data-is-only-node=\"\">Sutra nas tako o\u010dekuje spoj znanja, tradicije i mladena\u010dke energije \u2013 uz mirise i okuse autenti\u010dne lo\u0161injske kuhinje. Po\u010detak je ispred Gradske ribarnice u 10 sati.<\/p>\n<p><iframe title=\"290426 Srednja \u0160kola Kuhari\" width=\"100%\" height=\"120\" src=\"https:\/\/www.mixcloud.com\/widget\/iframe\/?feed=https%3A%2F%2Fwww.mixcloud.com%2Fradio_jadranka%2F290426-srednja-%25C5%25A1kola-kuhari%2F&amp;hide_cover=1\" frameborder=\"0\" allow=\"encrypted-media; fullscreen; autoplay; idle-detection; speaker-selection; web-share;\"><\/iframe><\/p>\n<p><img fetchpriority=\"high\" decoding=\"async\" class=\"alignnone wp-image-15141\" src=\"https:\/\/radiojadranka.hr\/wp-content\/uploads\/2026\/04\/IMG-20260429-WA0000-578x770.jpg\" alt=\"\" width=\"294\" height=\"392\" srcset=\"https:\/\/radiojadranka.hr\/wp-content\/uploads\/2026\/04\/IMG-20260429-WA0000-578x770.jpg 578w, https:\/\/radiojadranka.hr\/wp-content\/uploads\/2026\/04\/IMG-20260429-WA0000.jpg 612w\" sizes=\"(max-width: 294px) 100vw, 294px\" \/><\/p>\n<p data-start=\"1169\" data-end=\"1286\" data-is-last-node=\"\" data-is-only-node=\"\"><img decoding=\"async\" class=\"alignnone size-medium wp-image-15137\" src=\"https:\/\/radiojadranka.hr\/wp-content\/uploads\/2026\/04\/naucimo-mlade-sve-guste-nase-kuhinje-639128933736991313_1600_900-770x433.jpeg\" alt=\"\" width=\"770\" height=\"433\" srcset=\"https:\/\/radiojadranka.hr\/wp-content\/uploads\/2026\/04\/naucimo-mlade-sve-guste-nase-kuhinje-639128933736991313_1600_900-770x433.jpeg 770w, https:\/\/radiojadranka.hr\/wp-content\/uploads\/2026\/04\/naucimo-mlade-sve-guste-nase-kuhinje-639128933736991313_1600_900-1170x658.jpeg 1170w, https:\/\/radiojadranka.hr\/wp-content\/uploads\/2026\/04\/naucimo-mlade-sve-guste-nase-kuhinje-639128933736991313_1600_900-768x432.jpeg 768w, https:\/\/radiojadranka.hr\/wp-content\/uploads\/2026\/04\/naucimo-mlade-sve-guste-nase-kuhinje-639128933736991313_1600_900.jpeg 1254w\" sizes=\"(max-width: 770px) 100vw, 770px\" \/><\/p>\n","protected":false},"excerpt":{"rendered":"<p>Uo\u010di sutra\u0161nje manifestacije \u201eNau\u010dimo mlade sve gu\u0161te na\u0161e kuhinje stare\u201c, u Srednjoj \u0161koli Ambroza Hara\u010di\u0107a u Malom Lo\u0161inju vlada radna i kreativna atmosfera. U\u010denici ugostiteljskog smjera zajedno sa svojim mentorima intenzivno se pripremaju za predstavljanje tradicionalnih jela lo\u0161injskog kraja, koje \u0107e posjetitelji imati priliku ku\u0161ati na Trgu Republike Hrvatske. Tijekom ...<\/p>\n","protected":false},"author":2,"featured_media":15137,"comment_status":"closed","ping_status":"open","sticky":false,"template":"","format":"audio","meta":{"footnotes":""},"categories":[72],"tags":[],"class_list":["post-15136","post","type-post","status-publish","format-audio","has-post-thumbnail","hentry","category-vijesti","post_format-post-format-audio"],"aioseo_notices":[],"_links":{"self":[{"href":"https:\/\/radiojadranka.hr\/index.php\/wp-json\/wp\/v2\/posts\/15136","targetHints":{"allow":["GET"]}}],"collection":[{"href":"https:\/\/radiojadranka.hr\/index.php\/wp-json\/wp\/v2\/posts"}],"about":[{"href":"https:\/\/radiojadranka.hr\/index.php\/wp-json\/wp\/v2\/types\/post"}],"author":[{"embeddable":true,"href":"https:\/\/radiojadranka.hr\/index.php\/wp-json\/wp\/v2\/users\/2"}],"replies":[{"embeddable":true,"href":"https:\/\/radiojadranka.hr\/index.php\/wp-json\/wp\/v2\/comments?post=15136"}],"version-history":[{"count":2,"href":"https:\/\/radiojadranka.hr\/index.php\/wp-json\/wp\/v2\/posts\/15136\/revisions"}],"predecessor-version":[{"id":15145,"href":"https:\/\/radiojadranka.hr\/index.php\/wp-json\/wp\/v2\/posts\/15136\/revisions\/15145"}],"wp:featuredmedia":[{"embeddable":true,"href":"https:\/\/radiojadranka.hr\/index.php\/wp-json\/wp\/v2\/media\/15137"}],"wp:attachment":[{"href":"https:\/\/radiojadranka.hr\/index.php\/wp-json\/wp\/v2\/media?parent=15136"}],"wp:term":[{"taxonomy":"category","embeddable":true,"href":"https:\/\/radiojadranka.hr\/index.php\/wp-json\/wp\/v2\/categories?post=15136"},{"taxonomy":"post_tag","embeddable":true,"href":"https:\/\/radiojadranka.hr\/index.php\/wp-json\/wp\/v2\/tags?post=15136"}],"curies":[{"name":"wp","href":"https:\/\/api.w.org\/{rel}","templated":true}]}}