{"id":15118,"date":"2026-04-28T11:49:28","date_gmt":"2026-04-28T09:49:28","guid":{"rendered":"https:\/\/radiojadranka.hr\/?p=15118"},"modified":"2026-04-28T13:46:20","modified_gmt":"2026-04-28T11:46:20","slug":"dvanaest-kornjaca-u-oporavilistu-danas-u-more-ide-ciro-i-to-s-odasiljacema","status":"publish","type":"post","link":"https:\/\/radiojadranka.hr\/index.php\/2026\/04\/28\/dvanaest-kornjaca-u-oporavilistu-danas-u-more-ide-ciro-i-to-s-odasiljacema\/","title":{"rendered":"Dvanaest kornja\u010da u oporavili\u0161tu, danas u more ide &#8220;\u0106iro&#8221; i to s oda\u0161ilja\u010dem!"},"content":{"rendered":"<p data-path-to-node=\"3\"><span dir=\"auto\">U Institutu za istra\u017eivanje i za\u0161titu mora <\/span><b data-path-to-node=\"3\" data-index-in-node=\"43\"><span dir=\"auto\">Plavi svijet<\/span><\/b><span dir=\"auto\"> u Sun\u010danoj uvali trenutno vlada velika gu\u017eva. Oporavili\u0161te za morske kornja\u010de u Malom Lo\u0161inju trenutno brine o \u010dak <\/span><b data-path-to-node=\"3\" data-index-in-node=\"171\"><span dir=\"auto\">12 jedinki<\/span><\/b><span dir=\"auto\"> , \u0161to je najve\u0107i broj pacijenata zabilje\u017een odjednom u povijesti centra.<\/span><\/p>\n<h3 data-path-to-node=\"4\"><span dir=\"auto\">Hladna zima i mar\u010dana bura<\/span><\/h3>\n<p data-path-to-node=\"5\"><span dir=\"auto\">Glavni razlog ovolikog priljeva kornja\u010de je iznimno o\u0161tra zima i dugotrajna mar\u010dana bura koja je naglo snizila temperaturu mora. Budu\u0107i da su morske kornja\u010de hladnokrvne \u017eivotinje, njihova tjelesna temperatura ovisi o okoli\u0161u.<\/span><\/p>\n<ul data-path-to-node=\"6\">\n<li>\n<p data-path-to-node=\"6,0,0\"><b data-path-to-node=\"6,0,0\" data-index-in-node=\"0\"><span dir=\"auto\">Osjetljivost na promjene: <\/span><\/b><span dir=\"auto\">Kornja\u010de mogu tolerirati promjenu temperature do<b> 3 stupnja <\/b><\/span><span dir=\"auto\">na dnevnoj bazi.<\/span><\/p>\n<\/li>\n<li>\n<p data-path-to-node=\"6,1,0\"><b data-path-to-node=\"6,1,0\" data-index-in-node=\"0\"><span dir=\"auto\">Hipotermija:<\/span><\/b><span dir=\"auto\"> Nagli pad temperature uzrokuje letargiju i pothla\u0111enost, zbog \u010dega kornja\u010de postaju nemo\u0107ne i trebaju ljudsku pomo\u0107.<\/span><\/p>\n<\/li>\n<\/ul>\n<h3 data-path-to-node=\"7\"><span dir=\"auto\">\u010ciro odlazi ku\u0107i s &#8220;antenom&#8221;<\/span><\/h3>\n<p data-path-to-node=\"8\"><span dir=\"auto\">Danas je poseban dan za oporavili\u0161te jer se u more vra\u0107a <\/span><b data-path-to-node=\"8\" data-index-in-node=\"57\"><span dir=\"auto\">\u0106iro<\/span><\/b><span dir=\"auto\"> , kornja\u010da prona\u0111ena u prosincu pro\u0161le godine na pla\u017ei Liski, zapletena u morski otpad.<\/span><\/p>\n<ul data-path-to-node=\"9\">\n<li>\n<p data-path-to-node=\"9,0,0\"><b data-path-to-node=\"9,0,0\" data-index-in-node=\"0\"><span dir=\"auto\">Satelitsko pra\u0107enje:<\/span><\/b><span dir=\"auto\"> \u0106iro je opremljen satelitskim oda\u0161ilja\u010dem i metalnim markicama na perajama kako bi stru\u010dnjaci mogli pratiti njegovo kretanje i daljnji oporavak u prirodi.<\/span><\/p>\n<\/li>\n<li>\n<p data-path-to-node=\"9,1,0\"><b data-path-to-node=\"9,1,0\" data-index-in-node=\"0\"><span dir=\"auto\">Planovi za ostale:<\/span><\/b><span dir=\"auto\"> Uz \u0106iru, jo\u0161 je pet kornja\u010da spremno za povratak u more. \u010cekalo se samo da temperatura mora postati optimalna kako bi se izbjegao temperaturni \u0161ok pri izlasku iz grijanih bazena.<\/span><\/p>\n<\/li>\n<\/ul>\n<h3 data-path-to-node=\"10\"><span dir=\"auto\">Prvo gnijezdo u Hrvatskoj<\/span><\/h3>\n<p data-path-to-node=\"11\"><span dir=\"auto\">Zanimljivost koja veseli istra\u017eiva\u010de je i prvo slu\u017ebeno zabilje\u017eeno gnijezdo morskih kornja\u010da u Hrvatskoj, otkriveno pro\u0161le jeseni na Kor\u010duli (Lumbarda). Iako kornja\u010de obi\u010dno migriraju prema Gr\u010dkoj i Turskoj radi razmno\u017eavanja, postoji nada da \u0107e se mlade jedinke iz ovog gnijezda, kada dosegnu spoljnu zrelost za otprilike 20 do 25 godina, ponovno vratiti na jadranske pla\u017ee.<\/span><\/p>\n<h3 data-path-to-node=\"12\"><span dir=\"auto\">Kako mo\u017eete pomo\u0107i?<\/span><\/h3>\n<p data-path-to-node=\"13\"><span dir=\"auto\">Pove\u0107an broj prijavljenih kornja\u010da rezultat je i ve\u0107e svijesti gra\u0111ana. Ako primijetite morsku kornja\u010du koja bespomo\u0107no pluta, zapletena je u otpad ili je nasukana:<\/span><\/p>\n<ol start=\"1\" data-path-to-node=\"14\">\n<li>\n<p data-path-to-node=\"14,0,0\"><b data-path-to-node=\"14,0,0\" data-index-in-node=\"0\"><span dir=\"auto\">Nazovite broj 112.<\/span><\/b><\/p>\n<\/li>\n<li>\n<p data-path-to-node=\"14,1,0\"><span dir=\"auto\">Slu\u017eba \u0107e proslijediti dojavu najbli\u017eem oporavili\u0161tu.<\/span><\/p>\n<\/li>\n<\/ol>\n<hr data-path-to-node=\"15\" \/>\n<p data-path-to-node=\"16\"><i data-path-to-node=\"16\" data-index-in-node=\"0\"><span dir=\"auto\">Svaka spa\u0161ena jedinka va\u017ena je za o\u010duvanje ove ugro\u017eene vrste, stoga nastavimo paziti na na\u0161e morske susjede!<\/span><\/i><\/p>\n<p><iframe title=\"280426 Matea Zekan Kornja\u010de\" width=\"100%\" height=\"120\" src=\"https:\/\/www.mixcloud.com\/widget\/iframe\/?feed=https%3A%2F%2Fwww.mixcloud.com%2Fradio_jadranka%2F280426-matea-zekan-kornja%25C4%258De%2F&amp;hide_cover=1\" frameborder=\"0\" allow=\"encrypted-media; fullscreen; autoplay; idle-detection; speaker-selection; web-share;\"><\/iframe><\/p>\n<div id='gallery-1' class='gallery galleryid-15118 gallery-columns-3 gallery-size-thumbnail'><figure class='gallery-item'>\n\t\t\t<div class='gallery-icon landscape'>\n\t\t\t\t<a href='https:\/\/radiojadranka.hr\/index.php\/2026\/04\/28\/dvanaest-kornjaca-u-oporavilistu-danas-u-more-ide-ciro-i-to-s-odasiljacema\/img-20260428-wa0003\/'><img decoding=\"async\" width=\"150\" height=\"150\" src=\"https:\/\/radiojadranka.hr\/wp-content\/uploads\/2026\/04\/IMG-20260428-WA0003-150x150.jpg\" class=\"attachment-thumbnail size-thumbnail\" alt=\"\" srcset=\"https:\/\/radiojadranka.hr\/wp-content\/uploads\/2026\/04\/IMG-20260428-WA0003-150x150.jpg 150w, https:\/\/radiojadranka.hr\/wp-content\/uploads\/2026\/04\/IMG-20260428-WA0003-100x100.jpg 100w, https:\/\/radiojadranka.hr\/wp-content\/uploads\/2026\/04\/IMG-20260428-WA0003-370x370.jpg 370w\" sizes=\"(max-width: 150px) 100vw, 150px\" \/><\/a>\n\t\t\t<\/div><\/figure><figure class='gallery-item'>\n\t\t\t<div class='gallery-icon landscape'>\n\t\t\t\t<a href='https:\/\/radiojadranka.hr\/index.php\/2026\/04\/28\/dvanaest-kornjaca-u-oporavilistu-danas-u-more-ide-ciro-i-to-s-odasiljacema\/img-20260428-wa0004\/'><img decoding=\"async\" width=\"150\" height=\"150\" src=\"https:\/\/radiojadranka.hr\/wp-content\/uploads\/2026\/04\/IMG-20260428-WA0004-150x150.jpg\" class=\"attachment-thumbnail size-thumbnail\" alt=\"\" srcset=\"https:\/\/radiojadranka.hr\/wp-content\/uploads\/2026\/04\/IMG-20260428-WA0004-150x150.jpg 150w, https:\/\/radiojadranka.hr\/wp-content\/uploads\/2026\/04\/IMG-20260428-WA0004-100x100.jpg 100w, https:\/\/radiojadranka.hr\/wp-content\/uploads\/2026\/04\/IMG-20260428-WA0004-370x370.jpg 370w\" sizes=\"(max-width: 150px) 100vw, 150px\" \/><\/a>\n\t\t\t<\/div><\/figure><figure class='gallery-item'>\n\t\t\t<div class='gallery-icon landscape'>\n\t\t\t\t<a href='https:\/\/radiojadranka.hr\/index.php\/2026\/04\/28\/dvanaest-kornjaca-u-oporavilistu-danas-u-more-ide-ciro-i-to-s-odasiljacema\/img-20260428-wa0005\/'><img decoding=\"async\" width=\"150\" height=\"150\" src=\"https:\/\/radiojadranka.hr\/wp-content\/uploads\/2026\/04\/IMG-20260428-WA0005-150x150.jpg\" class=\"attachment-thumbnail size-thumbnail\" alt=\"\" srcset=\"https:\/\/radiojadranka.hr\/wp-content\/uploads\/2026\/04\/IMG-20260428-WA0005-150x150.jpg 150w, https:\/\/radiojadranka.hr\/wp-content\/uploads\/2026\/04\/IMG-20260428-WA0005-100x100.jpg 100w, https:\/\/radiojadranka.hr\/wp-content\/uploads\/2026\/04\/IMG-20260428-WA0005-370x370.jpg 370w\" sizes=\"(max-width: 150px) 100vw, 150px\" \/><\/a>\n\t\t\t<\/div><\/figure><figure class='gallery-item'>\n\t\t\t<div class='gallery-icon portrait'>\n\t\t\t\t<a href='https:\/\/radiojadranka.hr\/index.php\/2026\/04\/28\/dvanaest-kornjaca-u-oporavilistu-danas-u-more-ide-ciro-i-to-s-odasiljacema\/img20260428101755\/'><img loading=\"lazy\" decoding=\"async\" width=\"150\" height=\"150\" src=\"https:\/\/radiojadranka.hr\/wp-content\/uploads\/2026\/04\/IMG20260428101755-150x150.jpg\" class=\"attachment-thumbnail size-thumbnail\" alt=\"\" srcset=\"https:\/\/radiojadranka.hr\/wp-content\/uploads\/2026\/04\/IMG20260428101755-150x150.jpg 150w, https:\/\/radiojadranka.hr\/wp-content\/uploads\/2026\/04\/IMG20260428101755-100x100.jpg 100w, https:\/\/radiojadranka.hr\/wp-content\/uploads\/2026\/04\/IMG20260428101755-370x370.jpg 370w\" sizes=\"(max-width: 150px) 100vw, 150px\" \/><\/a>\n\t\t\t<\/div><\/figure><figure class='gallery-item'>\n\t\t\t<div class='gallery-icon landscape'>\n\t\t\t\t<a href='https:\/\/radiojadranka.hr\/index.php\/2026\/04\/28\/dvanaest-kornjaca-u-oporavilistu-danas-u-more-ide-ciro-i-to-s-odasiljacema\/img20260428103410\/'><img loading=\"lazy\" decoding=\"async\" width=\"150\" height=\"150\" src=\"https:\/\/radiojadranka.hr\/wp-content\/uploads\/2026\/04\/IMG20260428103410-150x150.jpg\" class=\"attachment-thumbnail size-thumbnail\" alt=\"\" srcset=\"https:\/\/radiojadranka.hr\/wp-content\/uploads\/2026\/04\/IMG20260428103410-150x150.jpg 150w, https:\/\/radiojadranka.hr\/wp-content\/uploads\/2026\/04\/IMG20260428103410-100x100.jpg 100w, https:\/\/radiojadranka.hr\/wp-content\/uploads\/2026\/04\/IMG20260428103410-370x370.jpg 370w\" sizes=\"(max-width: 150px) 100vw, 150px\" \/><\/a>\n\t\t\t<\/div><\/figure>\n\t\t<\/div>\n\n<p>&nbsp;<\/p>\n","protected":false},"excerpt":{"rendered":"<p>U Institutu za istra\u017eivanje i za\u0161titu mora Plavi svijet u Sun\u010danoj uvali trenutno vlada velika gu\u017eva. Oporavili\u0161te za morske kornja\u010de u Malom Lo\u0161inju trenutno brine o \u010dak 12 jedinki , \u0161to je najve\u0107i broj pacijenata zabilje\u017een odjednom u povijesti centra. Hladna zima i mar\u010dana bura Glavni razlog ovolikog priljeva kornja\u010de ...<\/p>\n","protected":false},"author":2,"featured_media":15125,"comment_status":"closed","ping_status":"open","sticky":false,"template":"","format":"audio","meta":{"footnotes":""},"categories":[72],"tags":[],"class_list":["post-15118","post","type-post","status-publish","format-audio","has-post-thumbnail","hentry","category-vijesti","post_format-post-format-audio"],"aioseo_notices":[],"_links":{"self":[{"href":"https:\/\/radiojadranka.hr\/index.php\/wp-json\/wp\/v2\/posts\/15118","targetHints":{"allow":["GET"]}}],"collection":[{"href":"https:\/\/radiojadranka.hr\/index.php\/wp-json\/wp\/v2\/posts"}],"about":[{"href":"https:\/\/radiojadranka.hr\/index.php\/wp-json\/wp\/v2\/types\/post"}],"author":[{"embeddable":true,"href":"https:\/\/radiojadranka.hr\/index.php\/wp-json\/wp\/v2\/users\/2"}],"replies":[{"embeddable":true,"href":"https:\/\/radiojadranka.hr\/index.php\/wp-json\/wp\/v2\/comments?post=15118"}],"version-history":[{"count":3,"href":"https:\/\/radiojadranka.hr\/index.php\/wp-json\/wp\/v2\/posts\/15118\/revisions"}],"predecessor-version":[{"id":15128,"href":"https:\/\/radiojadranka.hr\/index.php\/wp-json\/wp\/v2\/posts\/15118\/revisions\/15128"}],"wp:featuredmedia":[{"embeddable":true,"href":"https:\/\/radiojadranka.hr\/index.php\/wp-json\/wp\/v2\/media\/15125"}],"wp:attachment":[{"href":"https:\/\/radiojadranka.hr\/index.php\/wp-json\/wp\/v2\/media?parent=15118"}],"wp:term":[{"taxonomy":"category","embeddable":true,"href":"https:\/\/radiojadranka.hr\/index.php\/wp-json\/wp\/v2\/categories?post=15118"},{"taxonomy":"post_tag","embeddable":true,"href":"https:\/\/radiojadranka.hr\/index.php\/wp-json\/wp\/v2\/tags?post=15118"}],"curies":[{"name":"wp","href":"https:\/\/api.w.org\/{rel}","templated":true}]}}