{"id":15116,"date":"2026-04-27T14:45:39","date_gmt":"2026-04-27T12:45:39","guid":{"rendered":"https:\/\/radiojadranka.hr\/?p=15116"},"modified":"2026-04-27T14:45:39","modified_gmt":"2026-04-27T12:45:39","slug":"mozemo-losinj-fiksni-dio-racuna-za-smece-skocio-za-105-sustav-kaznjava-obitelji-s-djecom","status":"publish","type":"post","link":"https:\/\/radiojadranka.hr\/index.php\/2026\/04\/27\/mozemo-losinj-fiksni-dio-racuna-za-smece-skocio-za-105-sustav-kaznjava-obitelji-s-djecom\/","title":{"rendered":"Mo\u017eemo! Lo\u0161inj: Fiksni dio ra\u010duna za sme\u0107e sko\u010dio za 105%, sustav ka\u017enjava obitelji s djecom"},"content":{"rendered":"<p>Lo\u0161injski Mo\u017eemo! uputio je priop\u0107enje za medije. Prenosimo ga u cijelosti!<\/p>\n<p><strong>MALI LO\u0160INJ<\/strong>\u00a0\u2013 Lokalna grupa Mo\u017eemo! Lo\u0161inj uputila je javni apel povodom nedavnog poskupljenja i uvo\u0111enja novog modela obra\u010duna odvoza otpada, upozoriv\u0161i kako pove\u0107anje cijena nije popra\u0107eno pravednijom raspodjelom tro\u0161kova te da novi sustav posebno poga\u0111a obitelji s malom djecom.<\/p>\n<p>Prema novom modelu, fiksni dio ra\u010duna za ku\u0107anstva porastao je s 9,29 eura na 19 eura, \u0161to predstavlja pove\u0107anje od 105 posto. Istovremeno, broj uklju\u010denih odlaganja ograni\u010den je na deset mjese\u010dno, odnosno oko 250 litara otpada, dok se svako dodatno odlaganje napla\u0107uje.<\/p>\n<p>Koordinator lokalne grupe Mo\u017eemo! Lo\u0161inj,\u00a0<strong>Ronald Spi\u0161i\u0107<\/strong>, isti\u010de kako takav model \u201eformalno izgleda pravedno, ali u praksi ignorira stvarne \u017eivotne okolnosti gra\u0111ana\u201c.<\/p>\n<p>\u201eObitelji s malom djecom mjese\u010dno koriste izme\u0111u 150 i 240 pelena, \u0161to u volumenu zna\u010di 20 do 30 odlaganja otpada. Time ve\u0107 u startu dva do tri puta prema\u0161uju uklju\u010deni limit i ulaze u dodatne tro\u0161kove. Sustav koji ka\u017enjava roditelje ne mo\u017ee se smatrati pravednim\u201c, poru\u010dio je Spi\u0161i\u0107.<\/p>\n<p>Iz Mo\u017eemo! Lo\u0161inj upozoravaju i na sve \u010de\u0161\u0107e nepravilno odlaganje otpada, pri \u010demu gra\u0111ani mije\u0161ani otpad odla\u017eu u spremnike za recikla\u017eu.<\/p>\n<p>\u201eTo nije pitanje nekulture, nego znak da sustav nema legitimitet. Kada ga gra\u0111ani po\u010dnu zaobilaziti, to zna\u010di da ne odgovara stvarnim uvjetima \u017eivota\u201c, dodaje\u00a0<strong>Krunoslav Koprivnjak<\/strong>\u00a0iz Mo\u017eemo! Lo\u0161inj.<\/p>\n<p>U priop\u0107enju se upozorava i na strukturni problem financiranja sustava. Kako navode, sustav je dimenzioniran prema vr\u0161nom optere\u0107enju tijekom turisti\u010dke sezone, dok stalni stanovnici tijekom cijele godine snose fiksni tro\u0161ak.<\/p>\n<p>\u201eNe postoji jasan mehanizam kojim turisti\u010dki sektor proporcionalno sudjeluje u tro\u0161kovima, dok dio korisnika \u2013 prije svega turisti \u2013 \u010desto nema kartice ili nije upoznat s pravilima, \u0161to dodatno optere\u0107uje sustav\u201c, isti\u010de Koprivnjak.<\/p>\n<p>Kao rje\u0161enje predla\u017eu \u010detiri konkretne mjere:\u00a0uvo\u0111enje najmanje 30 besplatnih odlaganja mjese\u010dno za obitelji s djecom do tri godine, prilagodbu sustava za ku\u0107anstva udaljena od kontejnera kroz hibridni model prikupljanja, uspostavu registra komercijalnog i nekomercijalnog\u00a0smje\u0161taja uz obveznu kontrolu kori\u0161tenja kartica te ve\u0107u transparentnost kroz javno objavljivanje podataka o tro\u0161kovima.<\/p>\n<p>\u201eLo\u0161inj se promovira kao otok vitalnosti, ali vitalnost se mjeri kvalitetom \u017eivota stanovnika, a ne samo brojem no\u0107enja. Sustav otpada mora biti pravedan, transparentan i prilago\u0111en ljudima koji ovdje \u017eive cijele godine\u201c, zaklju\u010dio je Spi\u0161i\u0107.<\/p>\n<p>&nbsp;<\/p>\n<p>&nbsp;<\/p>\n","protected":false},"excerpt":{"rendered":"<p>Lo\u0161injski Mo\u017eemo! uputio je priop\u0107enje za medije. Prenosimo ga u cijelosti! MALI LO\u0160INJ\u00a0\u2013 Lokalna grupa Mo\u017eemo! Lo\u0161inj uputila je javni apel povodom nedavnog poskupljenja i uvo\u0111enja novog modela obra\u010duna odvoza otpada, upozoriv\u0161i kako pove\u0107anje cijena nije popra\u0107eno pravednijom raspodjelom tro\u0161kova te da novi sustav posebno poga\u0111a obitelji s malom djecom. ...<\/p>\n","protected":false},"author":2,"featured_media":14534,"comment_status":"closed","ping_status":"open","sticky":false,"template":"","format":"audio","meta":{"footnotes":""},"categories":[106],"tags":[],"class_list":["post-15116","post","type-post","status-publish","format-audio","has-post-thumbnail","hentry","category-novosti","post_format-post-format-audio"],"aioseo_notices":[],"_links":{"self":[{"href":"https:\/\/radiojadranka.hr\/index.php\/wp-json\/wp\/v2\/posts\/15116","targetHints":{"allow":["GET"]}}],"collection":[{"href":"https:\/\/radiojadranka.hr\/index.php\/wp-json\/wp\/v2\/posts"}],"about":[{"href":"https:\/\/radiojadranka.hr\/index.php\/wp-json\/wp\/v2\/types\/post"}],"author":[{"embeddable":true,"href":"https:\/\/radiojadranka.hr\/index.php\/wp-json\/wp\/v2\/users\/2"}],"replies":[{"embeddable":true,"href":"https:\/\/radiojadranka.hr\/index.php\/wp-json\/wp\/v2\/comments?post=15116"}],"version-history":[{"count":1,"href":"https:\/\/radiojadranka.hr\/index.php\/wp-json\/wp\/v2\/posts\/15116\/revisions"}],"predecessor-version":[{"id":15117,"href":"https:\/\/radiojadranka.hr\/index.php\/wp-json\/wp\/v2\/posts\/15116\/revisions\/15117"}],"wp:featuredmedia":[{"embeddable":true,"href":"https:\/\/radiojadranka.hr\/index.php\/wp-json\/wp\/v2\/media\/14534"}],"wp:attachment":[{"href":"https:\/\/radiojadranka.hr\/index.php\/wp-json\/wp\/v2\/media?parent=15116"}],"wp:term":[{"taxonomy":"category","embeddable":true,"href":"https:\/\/radiojadranka.hr\/index.php\/wp-json\/wp\/v2\/categories?post=15116"},{"taxonomy":"post_tag","embeddable":true,"href":"https:\/\/radiojadranka.hr\/index.php\/wp-json\/wp\/v2\/tags?post=15116"}],"curies":[{"name":"wp","href":"https:\/\/api.w.org\/{rel}","templated":true}]}}