{"id":14817,"date":"2026-03-20T19:03:09","date_gmt":"2026-03-20T18:03:09","guid":{"rendered":"https:\/\/radiojadranka.hr\/?p=14817"},"modified":"2026-03-20T19:05:44","modified_gmt":"2026-03-20T18:05:44","slug":"kazaliste-jak-ponovno-na-sceni-lizistrata-kao-veliki-povratak-kazalista","status":"publish","type":"post","link":"https:\/\/radiojadranka.hr\/index.php\/2026\/03\/20\/kazaliste-jak-ponovno-na-sceni-lizistrata-kao-veliki-povratak-kazalista\/","title":{"rendered":"Kazali\u0161te JAK ponovno na sceni, \u201eLizistrata\u201c kao veliki povratak kazali\u0161ta"},"content":{"rendered":"<p class=\"isSelectedEnd\">Nakon nekoliko godina pauze, kazali\u0161te JAK vra\u0107a se na svoje kazali\u0161ne daske \u2013 i to s bezvremenskom komedijom \u201eLizistrata\u201c gr\u010dkog komediografa Aristofana. Ova predstava ozna\u010dava va\u017ean trenutak za kulturni \u017eivot Malog Lo\u0161inja i simboli\u010dan je novi po\u010detak za ansambl koji ve\u0107 dugi niz godina njeguje kazali\u0161nu umjetnost na otoku. Ovom predstavom JAK nastavlja put koji su prije njih zapo\u010dele generacije predanih kazali\u0161taraca, a osnovao ga je profesor Tomislav Gospodneti\u0107. Njihov trud, ljubav prema kazali\u0161tu i po\u017ertvovan rad temelj su na kojem danas ponovno raste kazali\u0161na scena.<\/p>\n<p class=\"isSelectedEnd\">Predstavu re\u017eira, dramatur\u0161ki oblikuje te potpisuje kostimografiju i glazbu Nikolina Do. U izradi kostima sudjeluju Lorina Starc i Barbara Daki\u0107, dok koreografiju potpisuje ansambl JAK-a. Za svjetlo i ton zadu\u017eeni su Boris \u0160egota i Edi Suba\u0161i\u0107, a vizualni identitet plakata osmislila je \u017deljka Pu\u0161elji\u0107. Na sceni nastupaju: Arlinda Krasni\u0107, Maja Suba\u0161i\u0107, Monika Mio\u010di\u0107, Barbara \u0160urlina Bili\u0107, Elmedin Bjeli\u0107, Antonio Buja\u010di\u0107, Branko Prizmi\u0107, Nata\u0161a Luk\u0161a, Lana Ladi\u0107 i Damjan Stani\u0107.<\/p>\n<p class=\"isSelectedEnd\">Predstava \u201eLizistrata\u201c igra se u Malom Lo\u0161inju, u Kinu Vladimira Nazora, i to 24., 25. i 26. o\u017eujka 2026. godine s po\u010detkom u 20:00 sati.<\/p>\n<p class=\"isSelectedEnd\"><strong>Va\u017ena napomena za publiku: nije mogu\u0107a prethodna rezervacija ulaznica. Na dane izvedbi (24., 25. i 26. o\u017eujka) blagajna Kina bit \u0107e otvorena od 18:30 do 20:00 sati, kada \u0107e se mo\u0107i preuzeti ulaznice za sve tri ve\u010deri.<\/strong><\/p>\n<p class=\"isSelectedEnd\">\u201eLizistrata\u201c donosi sna\u017enu, duhovitu i aktualnu interpretaciju klasika, u izvedbi doma\u0107ih snaga koje se s velikim uzbu\u0111enjem vra\u0107aju publici.<\/p>\n<p class=\"isSelectedEnd\">Hvala svima koji su kroz godine stvarali, \u010duvali i ponovno pokrenuli na\u0161e kazali\u0161te JAK, a mi smo u\u00a0dana\u0161njoj emisiji <strong>Otok kulture<\/strong>, razgovarali smo s Barbarom \u0160urlina Bili\u0107, Nikolinom Do i Arlindom Krasni\u0107.<\/p>\n<p>Poslu\u0161ajte emisiju i vidimo se u kazali\u0161tu!<\/p>\n<p><iframe title=\"200326 Otok Kulture Web\" width=\"100%\" height=\"120\" src=\"https:\/\/www.mixcloud.com\/widget\/iframe\/?feed=https%3A%2F%2Fwww.mixcloud.com%2Fradio_jadranka%2F200326-otok-kulture-web%2F&amp;hide_cover=1\" frameborder=\"0\" allow=\"encrypted-media; fullscreen; autoplay; idle-detection; speaker-selection; web-share;\"><\/iframe><\/p>\n<p><img fetchpriority=\"high\" decoding=\"async\" class=\"alignnone wp-image-14819\" src=\"https:\/\/radiojadranka.hr\/wp-content\/uploads\/2026\/03\/IMG20260318110406-770x425.jpg\" alt=\"\" width=\"603\" height=\"333\" srcset=\"https:\/\/radiojadranka.hr\/wp-content\/uploads\/2026\/03\/IMG20260318110406-770x425.jpg 770w, https:\/\/radiojadranka.hr\/wp-content\/uploads\/2026\/03\/IMG20260318110406-1170x645.jpg 1170w, https:\/\/radiojadranka.hr\/wp-content\/uploads\/2026\/03\/IMG20260318110406-768x424.jpg 768w, https:\/\/radiojadranka.hr\/wp-content\/uploads\/2026\/03\/IMG20260318110406-1536x847.jpg 1536w, https:\/\/radiojadranka.hr\/wp-content\/uploads\/2026\/03\/IMG20260318110406-2048x1129.jpg 2048w\" sizes=\"(max-width: 603px) 100vw, 603px\" \/> <img decoding=\"async\" class=\"alignnone wp-image-14820\" src=\"https:\/\/radiojadranka.hr\/wp-content\/uploads\/2026\/03\/650657751122172099374832567562382331089693304n-544x770.jpg\" alt=\"\" width=\"296\" height=\"419\" srcset=\"https:\/\/radiojadranka.hr\/wp-content\/uploads\/2026\/03\/650657751122172099374832567562382331089693304n-544x770.jpg 544w, https:\/\/radiojadranka.hr\/wp-content\/uploads\/2026\/03\/650657751122172099374832567562382331089693304n-827x1170.jpg 827w, https:\/\/radiojadranka.hr\/wp-content\/uploads\/2026\/03\/650657751122172099374832567562382331089693304n-768x1086.jpg 768w, https:\/\/radiojadranka.hr\/wp-content\/uploads\/2026\/03\/650657751122172099374832567562382331089693304n-1086x1536.jpg 1086w, https:\/\/radiojadranka.hr\/wp-content\/uploads\/2026\/03\/650657751122172099374832567562382331089693304n.jpg 1448w\" sizes=\"(max-width: 296px) 100vw, 296px\" \/><\/p>\n<p>&nbsp;<\/p>\n","protected":false},"excerpt":{"rendered":"<p>Nakon nekoliko godina pauze, kazali\u0161te JAK vra\u0107a se na svoje kazali\u0161ne daske \u2013 i to s bezvremenskom komedijom \u201eLizistrata\u201c gr\u010dkog komediografa Aristofana. Ova predstava ozna\u010dava va\u017ean trenutak za kulturni \u017eivot Malog Lo\u0161inja i simboli\u010dan je novi po\u010detak za ansambl koji ve\u0107 dugi niz godina njeguje kazali\u0161nu umjetnost na otoku. Ovom ...<\/p>\n","protected":false},"author":2,"featured_media":14818,"comment_status":"closed","ping_status":"open","sticky":false,"template":"","format":"audio","meta":{"footnotes":""},"categories":[127],"tags":[],"class_list":["post-14817","post","type-post","status-publish","format-audio","has-post-thumbnail","hentry","category-otok-kulture","post_format-post-format-audio"],"aioseo_notices":[],"_links":{"self":[{"href":"https:\/\/radiojadranka.hr\/index.php\/wp-json\/wp\/v2\/posts\/14817","targetHints":{"allow":["GET"]}}],"collection":[{"href":"https:\/\/radiojadranka.hr\/index.php\/wp-json\/wp\/v2\/posts"}],"about":[{"href":"https:\/\/radiojadranka.hr\/index.php\/wp-json\/wp\/v2\/types\/post"}],"author":[{"embeddable":true,"href":"https:\/\/radiojadranka.hr\/index.php\/wp-json\/wp\/v2\/users\/2"}],"replies":[{"embeddable":true,"href":"https:\/\/radiojadranka.hr\/index.php\/wp-json\/wp\/v2\/comments?post=14817"}],"version-history":[{"count":4,"href":"https:\/\/radiojadranka.hr\/index.php\/wp-json\/wp\/v2\/posts\/14817\/revisions"}],"predecessor-version":[{"id":14824,"href":"https:\/\/radiojadranka.hr\/index.php\/wp-json\/wp\/v2\/posts\/14817\/revisions\/14824"}],"wp:featuredmedia":[{"embeddable":true,"href":"https:\/\/radiojadranka.hr\/index.php\/wp-json\/wp\/v2\/media\/14818"}],"wp:attachment":[{"href":"https:\/\/radiojadranka.hr\/index.php\/wp-json\/wp\/v2\/media?parent=14817"}],"wp:term":[{"taxonomy":"category","embeddable":true,"href":"https:\/\/radiojadranka.hr\/index.php\/wp-json\/wp\/v2\/categories?post=14817"},{"taxonomy":"post_tag","embeddable":true,"href":"https:\/\/radiojadranka.hr\/index.php\/wp-json\/wp\/v2\/tags?post=14817"}],"curies":[{"name":"wp","href":"https:\/\/api.w.org\/{rel}","templated":true}]}}