{"id":14787,"date":"2026-03-17T17:03:14","date_gmt":"2026-03-17T16:03:14","guid":{"rendered":"https:\/\/radiojadranka.hr\/?p=14787"},"modified":"2026-03-17T17:59:32","modified_gmt":"2026-03-17T16:59:32","slug":"a-danas-casna-sestra-ruzica-dodig","status":"publish","type":"post","link":"https:\/\/radiojadranka.hr\/index.php\/2026\/03\/17\/a-danas-casna-sestra-ruzica-dodig\/","title":{"rendered":"A danas, \u010dasna sestra Ru\u017eica Dodig!"},"content":{"rendered":"<p data-start=\"150\" data-end=\"277\">U sklopu ciklusa emisija <strong data-start=\"175\" data-end=\"197\">\u201e\u017dene na\u0161eg grada\u201c<\/strong>, kojima je posve\u0107en mjesec o\u017eujak, danas donosimo jo\u0161 jednu inspirativnu pri\u010du.<\/p>\n<p data-start=\"279\" data-end=\"398\">Go\u0161\u0107a emisije je <strong data-start=\"296\" data-end=\"325\">\u010dasna sestra Ru\u017eica Dodig<\/strong> \u2013 jedinstvena i svestrana osoba koja pomi\u010de granice svakodnevnog poziva.<\/p>\n<p data-start=\"400\" data-end=\"611\">Kao profesorica u srednjoj \u0161koli u\u010denicima predaje <strong data-start=\"451\" data-end=\"472\">filmsku umjetnost<\/strong>, s njima snima filmove i osvaja nagrade na festivalima. Uz to svira gitaru, pjeva s mladima u crkvi i, kako sama ka\u017ee \u2013 rado slu\u0161a i rock.<\/p>\n<p data-start=\"400\" data-end=\"611\">Koji su sve izazovi iza poziva i njezina rada, entuzijazma i odnosa s mladima \u2013 poslu\u0161ajte u emisiji.<\/p>\n<p data-start=\"701\" data-end=\"739\">Emisiju ure\u0111uje i vodi <strong data-start=\"724\" data-end=\"738\">Ena Pervan uz sna\u017enu podr\u0161ku Moby Dick-a, koji ve\u0107 drugu godinu za redom donosi inspirativne pri\u010de na\u0161ih \u017eena! Hvala Vam<\/strong>.<\/p>\n<p><iframe title=\"170326 \u017dene Na\u0161eg Grada Ru\u017eica Dodig Web\" width=\"100%\" height=\"120\" src=\"https:\/\/www.mixcloud.com\/widget\/iframe\/?feed=https%3A%2F%2Fwww.mixcloud.com%2Fradio_jadranka%2F170326-%25C5%25BEene-na%25C5%25A1eg-grada-ru%25C5%25BEica-dodig-web%2F&amp;hide_cover=1\" frameborder=\"0\" allow=\"encrypted-media; fullscreen; autoplay; idle-detection; speaker-selection; web-share;\"><\/iframe><\/p>\n","protected":false},"excerpt":{"rendered":"<p>U sklopu ciklusa emisija \u201e\u017dene na\u0161eg grada\u201c, kojima je posve\u0107en mjesec o\u017eujak, danas donosimo jo\u0161 jednu inspirativnu pri\u010du. Go\u0161\u0107a emisije je \u010dasna sestra Ru\u017eica Dodig \u2013 jedinstvena i svestrana osoba koja pomi\u010de granice svakodnevnog poziva. Kao profesorica u srednjoj \u0161koli u\u010denicima predaje filmsku umjetnost, s njima snima filmove i osvaja ...<\/p>\n","protected":false},"author":2,"featured_media":14788,"comment_status":"closed","ping_status":"open","sticky":false,"template":"","format":"audio","meta":{"footnotes":""},"categories":[165],"tags":[],"class_list":["post-14787","post","type-post","status-publish","format-audio","has-post-thumbnail","hentry","category-zene-naseg-grada","post_format-post-format-audio"],"aioseo_notices":[],"_links":{"self":[{"href":"https:\/\/radiojadranka.hr\/index.php\/wp-json\/wp\/v2\/posts\/14787","targetHints":{"allow":["GET"]}}],"collection":[{"href":"https:\/\/radiojadranka.hr\/index.php\/wp-json\/wp\/v2\/posts"}],"about":[{"href":"https:\/\/radiojadranka.hr\/index.php\/wp-json\/wp\/v2\/types\/post"}],"author":[{"embeddable":true,"href":"https:\/\/radiojadranka.hr\/index.php\/wp-json\/wp\/v2\/users\/2"}],"replies":[{"embeddable":true,"href":"https:\/\/radiojadranka.hr\/index.php\/wp-json\/wp\/v2\/comments?post=14787"}],"version-history":[{"count":4,"href":"https:\/\/radiojadranka.hr\/index.php\/wp-json\/wp\/v2\/posts\/14787\/revisions"}],"predecessor-version":[{"id":14795,"href":"https:\/\/radiojadranka.hr\/index.php\/wp-json\/wp\/v2\/posts\/14787\/revisions\/14795"}],"wp:featuredmedia":[{"embeddable":true,"href":"https:\/\/radiojadranka.hr\/index.php\/wp-json\/wp\/v2\/media\/14788"}],"wp:attachment":[{"href":"https:\/\/radiojadranka.hr\/index.php\/wp-json\/wp\/v2\/media?parent=14787"}],"wp:term":[{"taxonomy":"category","embeddable":true,"href":"https:\/\/radiojadranka.hr\/index.php\/wp-json\/wp\/v2\/categories?post=14787"},{"taxonomy":"post_tag","embeddable":true,"href":"https:\/\/radiojadranka.hr\/index.php\/wp-json\/wp\/v2\/tags?post=14787"}],"curies":[{"name":"wp","href":"https:\/\/api.w.org\/{rel}","templated":true}]}}