{"id":14761,"date":"2026-03-12T10:17:43","date_gmt":"2026-03-12T09:17:43","guid":{"rendered":"https:\/\/radiojadranka.hr\/?p=14761"},"modified":"2026-03-12T10:53:33","modified_gmt":"2026-03-12T09:53:33","slug":"in-memoriam-valter-martinolic","status":"publish","type":"post","link":"https:\/\/radiojadranka.hr\/index.php\/2026\/03\/12\/in-memoriam-valter-martinolic\/","title":{"rendered":"In memoriam: Valter Martinoli\u0107"},"content":{"rendered":"<p data-start=\"179\" data-end=\"293\">Preminuo je Valter Martinoli\u0107, osniva\u010d i dugogodi\u0161nji voditelj Astronomskog dru\u0161tva \u201eLeo Brenner\u201c u Malom Lo\u0161inju.<\/p>\n<p data-start=\"295\" data-end=\"567\">Ro\u0111en 1970. godine, jo\u0161 je kao srednjo\u0161kolac pokrenuo astronomsku sekciju u Pomorskoj \u0161koli u Malom Lo\u0161inju. Godine 1994. osnovao je Astronomsko dru\u0161tvo \u201eLeo Brenner\u201c, kroz koje je godinama poticao interes za astronomiju me\u0111u mladima i podu\u010davao brojne generacije u\u010denika.<\/p>\n<p data-start=\"569\" data-end=\"679\">Kao astronom amater osvojio je prvo mjesto na Messierovu maratonu u Zvjezdarnici Vi\u0161njan 1996. i 1998. godine.<\/p>\n<p data-start=\"681\" data-end=\"944\">Valter je bio i na\u0161 kolega i suradnik. Krajem devedesetih i po\u010detkom dvijetisu\u0107itih na na\u0161em je radiju vodio emisiju posve\u0107enu astronomiji. Kasnije je ostao na\u0161 redoviti slu\u0161atelj \u2013 \u010desto smo se \u010duli i izvan etera te dugo razgovarali o temama koje su ga zanimale.<\/p>\n<p data-start=\"946\" data-end=\"1084\">Bilje\u017eio je meteorolo\u0161ke podatke koje smo objavljivali, pratio velike vulkanske erupcije i njihov utjecaj na atmosferu, a time i na klimu.<\/p>\n<p data-start=\"1086\" data-end=\"1166\">Posljednji ispra\u0107aj bit \u0107e u petak, 13. o\u017eujka u 15 sati na groblju sv. Martina.<\/p>\n<p data-start=\"1086\" data-end=\"1166\">poslu\u0161ajte posljednju na\u0161u emisiju u kojoj je gostovao Valter Martinoli\u0107<\/p>\n<p><iframe title=\"230522 Blitz Valter Martinoli\u0107 .\" width=\"100%\" height=\"120\" src=\"https:\/\/www.mixcloud.com\/widget\/iframe\/?feed=https%3A%2F%2Fwww.mixcloud.com%2Fradio_jadranka%2F230522-blitz-valter-martinoli%25C4%2587%2F&amp;hide_cover=1\" frameborder=\"0\" allow=\"encrypted-media; fullscreen; autoplay; idle-detection; speaker-selection; web-share;\"><\/iframe><\/p>\n<p data-start=\"1086\" data-end=\"1166\">fotografija s dru\u017eenja u povodu pet godina radija u restoranu hotela Istra. Valter Martinoli\u0107 (desno) i Mariano Libero Cherubini (lijevo)<\/p>\n<figure id=\"attachment_14762\" aria-describedby=\"caption-attachment-14762\" style=\"width: 770px\" class=\"wp-caption alignnone\"><img fetchpriority=\"high\" decoding=\"async\" class=\"size-medium wp-image-14762\" src=\"https:\/\/radiojadranka.hr\/wp-content\/uploads\/2026\/03\/IMG_20260312_100934-1-770x770.jpg\" alt=\"\" width=\"770\" height=\"770\" srcset=\"https:\/\/radiojadranka.hr\/wp-content\/uploads\/2026\/03\/IMG_20260312_100934-1-770x770.jpg 770w, https:\/\/radiojadranka.hr\/wp-content\/uploads\/2026\/03\/IMG_20260312_100934-1-1170x1168.jpg 1170w, https:\/\/radiojadranka.hr\/wp-content\/uploads\/2026\/03\/IMG_20260312_100934-1-150x150.jpg 150w, https:\/\/radiojadranka.hr\/wp-content\/uploads\/2026\/03\/IMG_20260312_100934-1-768x767.jpg 768w, https:\/\/radiojadranka.hr\/wp-content\/uploads\/2026\/03\/IMG_20260312_100934-1-100x100.jpg 100w, https:\/\/radiojadranka.hr\/wp-content\/uploads\/2026\/03\/IMG_20260312_100934-1-370x370.jpg 370w\" sizes=\"(max-width: 770px) 100vw, 770px\" \/><figcaption id=\"caption-attachment-14762\" class=\"wp-caption-text\">Oplus_153223168<\/figcaption><\/figure>\n","protected":false},"excerpt":{"rendered":"<p>Preminuo je Valter Martinoli\u0107, osniva\u010d i dugogodi\u0161nji voditelj Astronomskog dru\u0161tva \u201eLeo Brenner\u201c u Malom Lo\u0161inju. Ro\u0111en 1970. godine, jo\u0161 je kao srednjo\u0161kolac pokrenuo astronomsku sekciju u Pomorskoj \u0161koli u Malom Lo\u0161inju. Godine 1994. osnovao je Astronomsko dru\u0161tvo \u201eLeo Brenner\u201c, kroz koje je godinama poticao interes za astronomiju me\u0111u mladima i ...<\/p>\n","protected":false},"author":2,"featured_media":14766,"comment_status":"closed","ping_status":"open","sticky":false,"template":"","format":"audio","meta":{"footnotes":""},"categories":[111],"tags":[],"class_list":["post-14761","post","type-post","status-publish","format-audio","has-post-thumbnail","hentry","category-in-memoriam","post_format-post-format-audio"],"aioseo_notices":[],"_links":{"self":[{"href":"https:\/\/radiojadranka.hr\/index.php\/wp-json\/wp\/v2\/posts\/14761","targetHints":{"allow":["GET"]}}],"collection":[{"href":"https:\/\/radiojadranka.hr\/index.php\/wp-json\/wp\/v2\/posts"}],"about":[{"href":"https:\/\/radiojadranka.hr\/index.php\/wp-json\/wp\/v2\/types\/post"}],"author":[{"embeddable":true,"href":"https:\/\/radiojadranka.hr\/index.php\/wp-json\/wp\/v2\/users\/2"}],"replies":[{"embeddable":true,"href":"https:\/\/radiojadranka.hr\/index.php\/wp-json\/wp\/v2\/comments?post=14761"}],"version-history":[{"count":3,"href":"https:\/\/radiojadranka.hr\/index.php\/wp-json\/wp\/v2\/posts\/14761\/revisions"}],"predecessor-version":[{"id":14764,"href":"https:\/\/radiojadranka.hr\/index.php\/wp-json\/wp\/v2\/posts\/14761\/revisions\/14764"}],"wp:featuredmedia":[{"embeddable":true,"href":"https:\/\/radiojadranka.hr\/index.php\/wp-json\/wp\/v2\/media\/14766"}],"wp:attachment":[{"href":"https:\/\/radiojadranka.hr\/index.php\/wp-json\/wp\/v2\/media?parent=14761"}],"wp:term":[{"taxonomy":"category","embeddable":true,"href":"https:\/\/radiojadranka.hr\/index.php\/wp-json\/wp\/v2\/categories?post=14761"},{"taxonomy":"post_tag","embeddable":true,"href":"https:\/\/radiojadranka.hr\/index.php\/wp-json\/wp\/v2\/tags?post=14761"}],"curies":[{"name":"wp","href":"https:\/\/api.w.org\/{rel}","templated":true}]}}