{"id":14756,"date":"2026-03-10T14:09:42","date_gmt":"2026-03-10T13:09:42","guid":{"rendered":"https:\/\/radiojadranka.hr\/?p=14756"},"modified":"2026-03-10T14:09:47","modified_gmt":"2026-03-10T13:09:47","slug":"vino-i-vino-no-mjesavina-vina-i-mineralne-izuzetna-emisija-o-edukaciji-u-malom-losinju-gost-sommelier-josip-oriskovic","status":"publish","type":"post","link":"https:\/\/radiojadranka.hr\/index.php\/2026\/03\/10\/vino-i-vino-no-mjesavina-vina-i-mineralne-izuzetna-emisija-o-edukaciji-u-malom-losinju-gost-sommelier-josip-oriskovic\/","title":{"rendered":"Vino i vino, no mje\u0161avina vina i mineralne&#8230;. izuzetna emisija o edukaciji u Malom Lo\u0161inju. Gost sommelier Josip Ori\u0161kovi\u0107!"},"content":{"rendered":"<p data-start=\"106\" data-end=\"356\">U programu na\u0161eg radija razgovarali smo s <strong data-start=\"140\" data-end=\"163\">Josipom Ori\u0161kovi\u0107em<\/strong>, renomiranim sommelierom koji ovih dana u Malom Lo\u0161inju vodi sommelierske radionice u sklopu edukacijskog programa Obrtni\u010dke komore Primorsko-goranske \u017eupanije i Turisti\u010dke zajednice Kvarnera.<\/p>\n<p data-start=\"358\" data-end=\"736\">Rije\u010d je o dvodnevnoj edukaciji koja se odr\u017eava u <strong data-start=\"408\" data-end=\"431\">Deveron Gastro Pubu<\/strong>, a dio je programa godine u kojoj <strong data-start=\"466\" data-end=\"524\">Kvarner nosi titulu Europske regije gastronomije 2026.<\/strong> Radionice vode sommelieri <strong data-start=\"551\" data-end=\"589\">Josip Ori\u0161kovi\u0107 i Marinela Mrkonja<\/strong>, a polaznici kroz ukupno 12 \u0161kolskih sati upoznaju svijet vina, osnove sommelierske profesije, kulturu ku\u0161anja te povezivanje vina i gastronomije.<\/p>\n<p data-start=\"738\" data-end=\"1007\">U razgovoru s Josipom Ori\u0161kovi\u0107em dotaknuli smo se brojnih zanimljivih tema \u2013 od razvoja vinske kulture na Kvarneru i u Hrvatskoj, preko va\u017enosti edukacije u ugostiteljstvu, do toga kako pravilno ku\u0161ati vino i za\u0161to je sommelier danas sve va\u017enija karika u gastronomiji.<\/p>\n<p data-start=\"1009\" data-end=\"1052\"><strong data-start=\"1009\" data-end=\"1052\">Poslu\u0161ajte snimku razgovora u nastavku.<\/strong><\/p>\n<p>&nbsp;<\/p>\n<p><iframe title=\"100326 Josip Ori\u0161kovi\u0107\" width=\"100%\" height=\"120\" src=\"https:\/\/www.mixcloud.com\/widget\/iframe\/?feed=https%3A%2F%2Fwww.mixcloud.com%2Fradio_jadranka%2F100326-josip-ori%25C5%25A1kovi%25C4%2587%2F&amp;hide_cover=1\" frameborder=\"0\" allow=\"encrypted-media; fullscreen; autoplay; idle-detection; speaker-selection; web-share;\"><\/iframe><\/p>\n<p><img fetchpriority=\"high\" decoding=\"async\" class=\"alignnone size-medium wp-image-14753\" src=\"https:\/\/radiojadranka.hr\/wp-content\/uploads\/2026\/03\/IMG20260310102047-770x433.jpg\" alt=\"\" width=\"770\" height=\"433\" srcset=\"https:\/\/radiojadranka.hr\/wp-content\/uploads\/2026\/03\/IMG20260310102047-770x433.jpg 770w, https:\/\/radiojadranka.hr\/wp-content\/uploads\/2026\/03\/IMG20260310102047-1170x658.jpg 1170w, https:\/\/radiojadranka.hr\/wp-content\/uploads\/2026\/03\/IMG20260310102047-768x432.jpg 768w, https:\/\/radiojadranka.hr\/wp-content\/uploads\/2026\/03\/IMG20260310102047-1536x864.jpg 1536w, https:\/\/radiojadranka.hr\/wp-content\/uploads\/2026\/03\/IMG20260310102047.jpg 1761w\" sizes=\"(max-width: 770px) 100vw, 770px\" \/><\/p>\n","protected":false},"excerpt":{"rendered":"<p>U programu na\u0161eg radija razgovarali smo s Josipom Ori\u0161kovi\u0107em, renomiranim sommelierom koji ovih dana u Malom Lo\u0161inju vodi sommelierske radionice u sklopu edukacijskog programa Obrtni\u010dke komore Primorsko-goranske \u017eupanije i Turisti\u010dke zajednice Kvarnera. Rije\u010d je o dvodnevnoj edukaciji koja se odr\u017eava u Deveron Gastro Pubu, a dio je programa godine u ...<\/p>\n","protected":false},"author":2,"featured_media":14753,"comment_status":"closed","ping_status":"open","sticky":false,"template":"","format":"audio","meta":{"footnotes":""},"categories":[72],"tags":[],"class_list":["post-14756","post","type-post","status-publish","format-audio","has-post-thumbnail","hentry","category-vijesti","post_format-post-format-audio"],"aioseo_notices":[],"_links":{"self":[{"href":"https:\/\/radiojadranka.hr\/index.php\/wp-json\/wp\/v2\/posts\/14756","targetHints":{"allow":["GET"]}}],"collection":[{"href":"https:\/\/radiojadranka.hr\/index.php\/wp-json\/wp\/v2\/posts"}],"about":[{"href":"https:\/\/radiojadranka.hr\/index.php\/wp-json\/wp\/v2\/types\/post"}],"author":[{"embeddable":true,"href":"https:\/\/radiojadranka.hr\/index.php\/wp-json\/wp\/v2\/users\/2"}],"replies":[{"embeddable":true,"href":"https:\/\/radiojadranka.hr\/index.php\/wp-json\/wp\/v2\/comments?post=14756"}],"version-history":[{"count":1,"href":"https:\/\/radiojadranka.hr\/index.php\/wp-json\/wp\/v2\/posts\/14756\/revisions"}],"predecessor-version":[{"id":14757,"href":"https:\/\/radiojadranka.hr\/index.php\/wp-json\/wp\/v2\/posts\/14756\/revisions\/14757"}],"wp:featuredmedia":[{"embeddable":true,"href":"https:\/\/radiojadranka.hr\/index.php\/wp-json\/wp\/v2\/media\/14753"}],"wp:attachment":[{"href":"https:\/\/radiojadranka.hr\/index.php\/wp-json\/wp\/v2\/media?parent=14756"}],"wp:term":[{"taxonomy":"category","embeddable":true,"href":"https:\/\/radiojadranka.hr\/index.php\/wp-json\/wp\/v2\/categories?post=14756"},{"taxonomy":"post_tag","embeddable":true,"href":"https:\/\/radiojadranka.hr\/index.php\/wp-json\/wp\/v2\/tags?post=14756"}],"curies":[{"name":"wp","href":"https:\/\/api.w.org\/{rel}","templated":true}]}}