{"id":14751,"date":"2026-03-10T13:23:37","date_gmt":"2026-03-10T12:23:37","guid":{"rendered":"https:\/\/radiojadranka.hr\/?p=14751"},"modified":"2026-03-10T13:23:37","modified_gmt":"2026-03-10T12:23:37","slug":"zene-naseg-grada-danas-je-s-nama-jelena-basta","status":"publish","type":"post","link":"https:\/\/radiojadranka.hr\/index.php\/2026\/03\/10\/zene-naseg-grada-danas-je-s-nama-jelena-basta\/","title":{"rendered":"\u017dene na\u0161eg grada, danas je s nama Jelena Basta!"},"content":{"rendered":"<p class=\"isSelectedEnd\">S po\u010detkom o\u017eujka, mjeseca posve\u0107enog \u017eenama, nastavljamo pro\u0161logodi\u0161nju suradnju s Moby Dick Gelateria u realizaciji emisija <strong>\u201e\u017dene na\u0161eg grada\u201c<\/strong>.<\/p>\n<p class=\"isSelectedEnd\">Svakog utorka u 12 i 30 u programu na\u0161eg radija razgovaramo sa zanimljivim i inspirativnim \u017eenama na\u0161eg grada. Podsjetimo, pro\u0161le godine s nama su bile Ileana Br\u010di\u0107, Ana Bani\u0107, Senka Stojanovi\u0107 i Jadranka Hofmann, a pro\u0161log utorka sezonu smo otvorili razgovorom s Barbarom \u0160urlinom Bili\u0107.<\/p>\n<p class=\"isSelectedEnd\">Danas je na\u0161a go\u0161\u0107a <strong>Jelena Basta<\/strong>, s kojom \u0107emo razgovarati o njezinu \u017eivotnom i poslovnom putu, svakodnevici te iskustvima koja oblikuju \u017eene na\u0161ega grada.<\/p>\n<p>Slu\u0161amo se utorkom u 12 i 30, a repriza emisije je u srijedu u 20 sati.<br \/>\nHvala \u0161to ste s nama!<\/p>\n<p>&nbsp;<\/p>\n<p><iframe title=\"100326 \u017dene Na\u0161eg Grada - Jelena Basta\" width=\"100%\" height=\"120\" src=\"https:\/\/www.mixcloud.com\/widget\/iframe\/?feed=https%3A%2F%2Fwww.mixcloud.com%2Fradio_jadranka%2F100326-%25C5%25BEene-na%25C5%25A1eg-grada-jelena-basta%2F&amp;hide_cover=1\" frameborder=\"0\" allow=\"encrypted-media; fullscreen; autoplay; idle-detection; speaker-selection; web-share;\"><\/iframe><\/p>\n<p><img fetchpriority=\"high\" decoding=\"async\" class=\"alignnone size-full wp-image-14752\" src=\"https:\/\/radiojadranka.hr\/wp-content\/uploads\/2026\/03\/IMG-20260310-WA0000.jpg\" alt=\"\" width=\"688\" height=\"584\" \/><\/p>\n","protected":false},"excerpt":{"rendered":"<p>S po\u010detkom o\u017eujka, mjeseca posve\u0107enog \u017eenama, nastavljamo pro\u0161logodi\u0161nju suradnju s Moby Dick Gelateria u realizaciji emisija \u201e\u017dene na\u0161eg grada\u201c. Svakog utorka u 12 i 30 u programu na\u0161eg radija razgovaramo sa zanimljivim i inspirativnim \u017eenama na\u0161eg grada. Podsjetimo, pro\u0161le godine s nama su bile Ileana Br\u010di\u0107, Ana Bani\u0107, Senka Stojanovi\u0107 ...<\/p>\n","protected":false},"author":2,"featured_media":14752,"comment_status":"closed","ping_status":"open","sticky":false,"template":"","format":"audio","meta":{"footnotes":""},"categories":[165],"tags":[],"class_list":["post-14751","post","type-post","status-publish","format-audio","has-post-thumbnail","hentry","category-zene-naseg-grada","post_format-post-format-audio"],"aioseo_notices":[],"_links":{"self":[{"href":"https:\/\/radiojadranka.hr\/index.php\/wp-json\/wp\/v2\/posts\/14751","targetHints":{"allow":["GET"]}}],"collection":[{"href":"https:\/\/radiojadranka.hr\/index.php\/wp-json\/wp\/v2\/posts"}],"about":[{"href":"https:\/\/radiojadranka.hr\/index.php\/wp-json\/wp\/v2\/types\/post"}],"author":[{"embeddable":true,"href":"https:\/\/radiojadranka.hr\/index.php\/wp-json\/wp\/v2\/users\/2"}],"replies":[{"embeddable":true,"href":"https:\/\/radiojadranka.hr\/index.php\/wp-json\/wp\/v2\/comments?post=14751"}],"version-history":[{"count":1,"href":"https:\/\/radiojadranka.hr\/index.php\/wp-json\/wp\/v2\/posts\/14751\/revisions"}],"predecessor-version":[{"id":14754,"href":"https:\/\/radiojadranka.hr\/index.php\/wp-json\/wp\/v2\/posts\/14751\/revisions\/14754"}],"wp:featuredmedia":[{"embeddable":true,"href":"https:\/\/radiojadranka.hr\/index.php\/wp-json\/wp\/v2\/media\/14752"}],"wp:attachment":[{"href":"https:\/\/radiojadranka.hr\/index.php\/wp-json\/wp\/v2\/media?parent=14751"}],"wp:term":[{"taxonomy":"category","embeddable":true,"href":"https:\/\/radiojadranka.hr\/index.php\/wp-json\/wp\/v2\/categories?post=14751"},{"taxonomy":"post_tag","embeddable":true,"href":"https:\/\/radiojadranka.hr\/index.php\/wp-json\/wp\/v2\/tags?post=14751"}],"curies":[{"name":"wp","href":"https:\/\/api.w.org\/{rel}","templated":true}]}}