{"id":14731,"date":"2026-03-05T14:48:07","date_gmt":"2026-03-05T13:48:07","guid":{"rendered":"https:\/\/radiojadranka.hr\/?p=14731"},"modified":"2026-03-05T14:48:07","modified_gmt":"2026-03-05T13:48:07","slug":"u-petak-6-ozujka-2026-akcija-dobrovoljnog-darivanja-krvi-u-malom-losinju","status":"publish","type":"post","link":"https:\/\/radiojadranka.hr\/index.php\/2026\/03\/05\/u-petak-6-ozujka-2026-akcija-dobrovoljnog-darivanja-krvi-u-malom-losinju\/","title":{"rendered":"U petak 6. o\u017eujka 2026. akcija dobrovoljnog darivanja krvi u Malom Lo\u0161inju"},"content":{"rendered":"<div class=\"flex flex-col text-sm pb-25\">\n<article class=\"text-token-text-primary w-full focus:outline-none [--shadow-height:45px] has-data-writing-block:pointer-events-none has-data-writing-block:-mt-(--shadow-height) has-data-writing-block:pt-(--shadow-height) [&amp;:has([data-writing-block])&gt;*]:pointer-events-auto scroll-mt-[calc(var(--header-height)+min(200px,max(70px,20svh)))]\" dir=\"auto\" tabindex=\"-1\" data-turn-id=\"request-WEB:bdccf744-1de1-4495-9886-1697e977f62e-18\" data-testid=\"conversation-turn-38\" data-scroll-anchor=\"true\" data-turn=\"assistant\">\n<div class=\"text-base my-auto mx-auto pb-10 [--thread-content-margin:--spacing(4)] @w-sm\/main:[--thread-content-margin:--spacing(6)] @w-lg\/main:[--thread-content-margin:--spacing(16)] px-(--thread-content-margin)\">\n<div class=\"[--thread-content-max-width:40rem] @w-lg\/main:[--thread-content-max-width:48rem] mx-auto max-w-(--thread-content-max-width) flex-1 group\/turn-messages focus-visible:outline-hidden relative flex w-full min-w-0 flex-col agent-turn\" tabindex=\"-1\">\n<div class=\"flex max-w-full flex-col grow\">\n<div class=\"min-h-8 text-message relative flex w-full flex-col items-end gap-2 text-start break-words whitespace-normal [.text-message+&amp;]:mt-1\" dir=\"auto\" data-message-author-role=\"assistant\" data-message-id=\"2d7fb6fe-3e94-427a-ac84-b81901f31dbb\" data-message-model-slug=\"gpt-5-2\">\n<div class=\"flex w-full flex-col gap-1 empty:hidden first:pt-[1px]\">\n<div class=\"markdown prose dark:prose-invert w-full wrap-break-word dark markdown-new-styling\">\n<p data-start=\"108\" data-end=\"253\">U Malom Lo\u0161inju u petak, 6. o\u017eujka 2026. godine, odr\u017eat \u0107e se redovna akcija dobrovoljnog darivanja krvi. Akcija \u0107e trajati od <strong data-start=\"235\" data-end=\"252\">10 do 16 sati<\/strong>.<\/p>\n<p data-start=\"255\" data-end=\"478\">Darivanje krvi organizira se u <strong data-start=\"286\" data-end=\"332\">prostoru Odgojnog doma, u dvorani \u201ePetica\u201c<\/strong>, a Gradsko dru\u0161tvo Crvenog kri\u017ea Malog Lo\u0161inja poziva\u00a0 postoje\u0107e darivatelje, ali i one koji to tek \u017eele postati, da se odazovu i sudjeluju u ovoj humanitarnoj aktivnosti.<\/p>\n<p data-start=\"480\" data-end=\"723\">Darivanjem krvi spa\u0161avaju se \u017eivoti i poma\u017ee najpotrebitijima, a svaka doza krvi mo\u017ee pomo\u0107i u lije\u010denju vi\u0161e pacijenata. Posebno se pozivaju <strong data-start=\"622\" data-end=\"664\">zdrave osobe u dobi od 18 do 65 godina<\/strong> da izdvoje malo vremena i u\u010dine veliko djelo solidarnosti.<\/p>\n<p data-start=\"725\" data-end=\"886\">Podsje\u0107amo kako je krv nezamjenjiv lijek koji se ne mo\u017ee proizvesti umjetnim putem, zbog \u010dega je odaziv gra\u0111ana iznimno va\u017ean za stabilnost zdravstvenog sustava.<\/p>\n<p data-start=\"888\" data-end=\"980\" data-is-last-node=\"\" data-is-only-node=\"\">Organizatori pozivaju sve sugra\u0111ane da se u petak odazovu akciji i poka\u017eu humanost na djelu.<\/p>\n<p data-start=\"888\" data-end=\"980\" data-is-last-node=\"\" data-is-only-node=\"\">Ravnatelj Crvenog kri\u017ea Antonio Badurina danas je gostovao u na\u0161em programu. Govorilo se i o drugim aktivnostima Crvenog kri\u017ea na Cresu, Lo\u0161inju i manjim otocima. Poslu\u0161ajte<\/p>\n<\/div>\n<\/div>\n<\/div>\n<\/div>\n<div class=\"z-0 flex min-h-[46px] justify-start\"><\/div>\n<\/div>\n<\/div>\n<\/article>\n<\/div>\n<p><iframe title=\"050326 Antonio Badurina Crveni Kri\u017e\" width=\"100%\" height=\"120\" src=\"https:\/\/www.mixcloud.com\/widget\/iframe\/?feed=https%3A%2F%2Fwww.mixcloud.com%2Fradio_jadranka%2F050326-antonio-badurina-crveni-kri%25C5%25BE%2F&amp;hide_cover=1\" frameborder=\"0\" allow=\"encrypted-media; fullscreen; autoplay; idle-detection; speaker-selection; web-share;\"><\/iframe><\/p>\n<figure id=\"attachment_14729\" aria-describedby=\"caption-attachment-14729\" style=\"width: 433px\" class=\"wp-caption alignnone\"><img fetchpriority=\"high\" decoding=\"async\" class=\"size-medium wp-image-14729\" src=\"https:\/\/radiojadranka.hr\/wp-content\/uploads\/2026\/03\/IMG20260305103737_01-433x770.jpg\" alt=\"\" width=\"433\" height=\"770\" srcset=\"https:\/\/radiojadranka.hr\/wp-content\/uploads\/2026\/03\/IMG20260305103737_01-433x770.jpg 433w, https:\/\/radiojadranka.hr\/wp-content\/uploads\/2026\/03\/IMG20260305103737_01-658x1170.jpg 658w, https:\/\/radiojadranka.hr\/wp-content\/uploads\/2026\/03\/IMG20260305103737_01-768x1365.jpg 768w, https:\/\/radiojadranka.hr\/wp-content\/uploads\/2026\/03\/IMG20260305103737_01-864x1536.jpg 864w, https:\/\/radiojadranka.hr\/wp-content\/uploads\/2026\/03\/IMG20260305103737_01-1152x2048.jpg 1152w, https:\/\/radiojadranka.hr\/wp-content\/uploads\/2026\/03\/IMG20260305103737_01-scaled.jpg 1440w\" sizes=\"(max-width: 433px) 100vw, 433px\" \/><figcaption id=\"caption-attachment-14729\" class=\"wp-caption-text\">oplus_136314912<\/figcaption><\/figure>\n","protected":false},"excerpt":{"rendered":"<p>U Malom Lo\u0161inju u petak, 6. o\u017eujka 2026. godine, odr\u017eat \u0107e se redovna akcija dobrovoljnog darivanja krvi. Akcija \u0107e trajati od 10 do 16 sati. Darivanje krvi organizira se u prostoru Odgojnog doma, u dvorani \u201ePetica\u201c, a Gradsko dru\u0161tvo Crvenog kri\u017ea Malog Lo\u0161inja poziva\u00a0 postoje\u0107e darivatelje, ali i one koji ...<\/p>\n","protected":false},"author":2,"featured_media":14729,"comment_status":"closed","ping_status":"open","sticky":false,"template":"","format":"audio","meta":{"footnotes":""},"categories":[72],"tags":[],"class_list":["post-14731","post","type-post","status-publish","format-audio","has-post-thumbnail","hentry","category-vijesti","post_format-post-format-audio"],"aioseo_notices":[],"_links":{"self":[{"href":"https:\/\/radiojadranka.hr\/index.php\/wp-json\/wp\/v2\/posts\/14731","targetHints":{"allow":["GET"]}}],"collection":[{"href":"https:\/\/radiojadranka.hr\/index.php\/wp-json\/wp\/v2\/posts"}],"about":[{"href":"https:\/\/radiojadranka.hr\/index.php\/wp-json\/wp\/v2\/types\/post"}],"author":[{"embeddable":true,"href":"https:\/\/radiojadranka.hr\/index.php\/wp-json\/wp\/v2\/users\/2"}],"replies":[{"embeddable":true,"href":"https:\/\/radiojadranka.hr\/index.php\/wp-json\/wp\/v2\/comments?post=14731"}],"version-history":[{"count":1,"href":"https:\/\/radiojadranka.hr\/index.php\/wp-json\/wp\/v2\/posts\/14731\/revisions"}],"predecessor-version":[{"id":14732,"href":"https:\/\/radiojadranka.hr\/index.php\/wp-json\/wp\/v2\/posts\/14731\/revisions\/14732"}],"wp:featuredmedia":[{"embeddable":true,"href":"https:\/\/radiojadranka.hr\/index.php\/wp-json\/wp\/v2\/media\/14729"}],"wp:attachment":[{"href":"https:\/\/radiojadranka.hr\/index.php\/wp-json\/wp\/v2\/media?parent=14731"}],"wp:term":[{"taxonomy":"category","embeddable":true,"href":"https:\/\/radiojadranka.hr\/index.php\/wp-json\/wp\/v2\/categories?post=14731"},{"taxonomy":"post_tag","embeddable":true,"href":"https:\/\/radiojadranka.hr\/index.php\/wp-json\/wp\/v2\/tags?post=14731"}],"curies":[{"name":"wp","href":"https:\/\/api.w.org\/{rel}","templated":true}]}}