{"id":14721,"date":"2026-03-02T13:30:02","date_gmt":"2026-03-02T12:30:02","guid":{"rendered":"https:\/\/radiojadranka.hr\/?p=14721"},"modified":"2026-03-03T15:04:30","modified_gmt":"2026-03-03T14:04:30","slug":"dalibor-cvitkovic-direktor-turisticke-zajednice-o-turistickim-manifestacijama-u-2026","status":"publish","type":"post","link":"https:\/\/radiojadranka.hr\/index.php\/2026\/03\/02\/dalibor-cvitkovic-direktor-turisticke-zajednice-o-turistickim-manifestacijama-u-2026\/","title":{"rendered":"Dalibor Cvitkovi\u0107 direktor turisti\u010dke zajednice o turisti\u010dkim manifestacijama u 2026."},"content":{"rendered":"<p data-start=\"183\" data-end=\"371\">U na\u0161em programu gostovao je direktor Turisti\u010dke zajednice Grada Malog Lo\u0161inja, Dalibor Cvitkovi\u0107, koji je predstavio manifestacije i doga\u0111anja koja nas uskoro o\u010dekuju na podru\u010dju Lo\u0161inja.<\/p>\n<p data-start=\"373\" data-end=\"566\">U razgovoru je najavio bogat kalendar proljetnih i predsezonskih doga\u0111anja, ali i niz edukacija namijenjenih iznajmljiva\u010dima, s ciljem podizanja kvalitete usluge i dodatnog ja\u010danja destinacije.<\/p>\n<p data-start=\"568\" data-end=\"799\">Poseban naglasak stavljen je na program \u201eApsyrtides\u201c, kroz koji iznajmljiva\u010di obilaze otoke, upoznaju prirodnu i kulturnu ba\u0161tinu te stje\u010du dodatna znanja kako bi svojim gostima mogli prenijeti autenti\u010dne pri\u010de o Lo\u0161inju i okolici.<\/p>\n<p data-start=\"801\" data-end=\"899\">Poslu\u0161ajte snimku i doznajte \u0161to nas sve o\u010dekuje u nadolaze\u0107em razdoblju!<\/p>\n<p>&nbsp;<\/p>\n<p><iframe title=\"020326 Dalibor Cvitkovic\" width=\"100%\" height=\"120\" src=\"https:\/\/www.mixcloud.com\/widget\/iframe\/?feed=https%3A%2F%2Fwww.mixcloud.com%2Fradio_jadranka%2F020326-dalibor-cvitkovic%2F&amp;hide_cover=1\" frameborder=\"0\" allow=\"encrypted-media; fullscreen; autoplay; idle-detection; speaker-selection; web-share;\"><\/iframe><\/p>\n<p><img fetchpriority=\"high\" decoding=\"async\" class=\"alignnone size-medium wp-image-13487\" src=\"https:\/\/radiojadranka.hr\/wp-content\/uploads\/2025\/08\/IMG20250812112508_01-344x770.jpg\" alt=\"\" width=\"344\" height=\"770\" srcset=\"https:\/\/radiojadranka.hr\/wp-content\/uploads\/2025\/08\/IMG20250812112508_01-344x770.jpg 344w, https:\/\/radiojadranka.hr\/wp-content\/uploads\/2025\/08\/IMG20250812112508_01-523x1170.jpg 523w, https:\/\/radiojadranka.hr\/wp-content\/uploads\/2025\/08\/IMG20250812112508_01.jpg 641w\" sizes=\"(max-width: 344px) 100vw, 344px\" \/><\/p>\n","protected":false},"excerpt":{"rendered":"<p>U na\u0161em programu gostovao je direktor Turisti\u010dke zajednice Grada Malog Lo\u0161inja, Dalibor Cvitkovi\u0107, koji je predstavio manifestacije i doga\u0111anja koja nas uskoro o\u010dekuju na podru\u010dju Lo\u0161inja. U razgovoru je najavio bogat kalendar proljetnih i predsezonskih doga\u0111anja, ali i niz edukacija namijenjenih iznajmljiva\u010dima, s ciljem podizanja kvalitete usluge i dodatnog ja\u010danja ...<\/p>\n","protected":false},"author":2,"featured_media":12412,"comment_status":"closed","ping_status":"open","sticky":false,"template":"","format":"audio","meta":{"footnotes":""},"categories":[72],"tags":[],"class_list":["post-14721","post","type-post","status-publish","format-audio","has-post-thumbnail","hentry","category-vijesti","post_format-post-format-audio"],"aioseo_notices":[],"_links":{"self":[{"href":"https:\/\/radiojadranka.hr\/index.php\/wp-json\/wp\/v2\/posts\/14721","targetHints":{"allow":["GET"]}}],"collection":[{"href":"https:\/\/radiojadranka.hr\/index.php\/wp-json\/wp\/v2\/posts"}],"about":[{"href":"https:\/\/radiojadranka.hr\/index.php\/wp-json\/wp\/v2\/types\/post"}],"author":[{"embeddable":true,"href":"https:\/\/radiojadranka.hr\/index.php\/wp-json\/wp\/v2\/users\/2"}],"replies":[{"embeddable":true,"href":"https:\/\/radiojadranka.hr\/index.php\/wp-json\/wp\/v2\/comments?post=14721"}],"version-history":[{"count":1,"href":"https:\/\/radiojadranka.hr\/index.php\/wp-json\/wp\/v2\/posts\/14721\/revisions"}],"predecessor-version":[{"id":14722,"href":"https:\/\/radiojadranka.hr\/index.php\/wp-json\/wp\/v2\/posts\/14721\/revisions\/14722"}],"wp:featuredmedia":[{"embeddable":true,"href":"https:\/\/radiojadranka.hr\/index.php\/wp-json\/wp\/v2\/media\/12412"}],"wp:attachment":[{"href":"https:\/\/radiojadranka.hr\/index.php\/wp-json\/wp\/v2\/media?parent=14721"}],"wp:term":[{"taxonomy":"category","embeddable":true,"href":"https:\/\/radiojadranka.hr\/index.php\/wp-json\/wp\/v2\/categories?post=14721"},{"taxonomy":"post_tag","embeddable":true,"href":"https:\/\/radiojadranka.hr\/index.php\/wp-json\/wp\/v2\/tags?post=14721"}],"curies":[{"name":"wp","href":"https:\/\/api.w.org\/{rel}","templated":true}]}}