{"id":14513,"date":"2026-02-04T11:49:10","date_gmt":"2026-02-04T10:49:10","guid":{"rendered":"https:\/\/radiojadranka.hr\/?p=14513"},"modified":"2026-02-05T09:49:12","modified_gmt":"2026-02-05T08:49:12","slug":"osnovana-lokalna-grupa-mozemo-losinjs","status":"publish","type":"post","link":"https:\/\/radiojadranka.hr\/index.php\/2026\/02\/04\/osnovana-lokalna-grupa-mozemo-losinjs\/","title":{"rendered":"Osnovana lokalna grupa Mo\u017eemo! Lo\u0161inj"},"content":{"rendered":"<p data-start=\"198\" data-end=\"438\">Politi\u010dka platforma <strong data-start=\"218\" data-end=\"229\">Mo\u017eemo!<\/strong> slu\u017ebeno je osnovala svoju lokalnu grupu <strong data-start=\"271\" data-end=\"289\">Mo\u017eemo! Lo\u0161inj<\/strong>, \u010dime nastavlja \u0161irenje participativnog, zeleno-lijevog modela politike diljem Hrvatske. Za koordinatora lokalne grupe izabran je <strong data-start=\"420\" data-end=\"437\">Ronald Spi\u0161i\u0107<\/strong>.<\/p>\n<p data-start=\"440\" data-end=\"710\">Osnivanje lokalne grupe odgovor je na sve izra\u017eeniju potrebu gra\u0111anki i gra\u0111ana otoka Lo\u0161inja za transparentnijim upravljanjem, sna\u017enijom za\u0161titom javnih dobara te ve\u0107im uklju\u010divanjem lokalne zajednice u dono\u0161enje odluka koje izravno utje\u010du na kvalitetu \u017eivota na otoku.<\/p>\n<p data-start=\"712\" data-end=\"915\">Iz Mo\u017eemo! Lo\u0161inj poru\u010duju kako \u017eele biti glas onih koji vjeruju da otok mo\u017ee i mora biti mjesto kvalitetnog \u017eivota za svoje stanovnike, a ne isklju\u010divo prostor sezonskih interesa i kratkoro\u010dnih profita.<\/p>\n<p data-start=\"917\" data-end=\"990\">Svoj \u0107e politi\u010dki i dru\u0161tveni anga\u017eman usmjeriti na tri klju\u010dna podru\u010dja:<\/p>\n<p data-start=\"992\" data-end=\"1177\"><strong data-start=\"992\" data-end=\"1039\">1. Odr\u017eivo upravljanje resursima i okoli\u0161em<\/strong><br data-start=\"1039\" data-end=\"1042\" \/>\u2013 za\u0161tita voda kao javnog dobra, odgovorno gospodarenje otpadom, o\u010duvanje obale i mora te za\u0161tita prirodnih i zajedni\u010dkih resursa otoka<\/p>\n<p data-start=\"1179\" data-end=\"1416\"><strong data-start=\"1179\" data-end=\"1215\">2. Gospodarstvo i infrastruktura<\/strong><br data-start=\"1215\" data-end=\"1218\" \/>\u2013 razvoj odr\u017eivog turizma koji po\u0161tuje prostor i lokalnu zajednicu, unapre\u0111enje prometne povezanosti otoka, ja\u010danje lokalne poljoprivrede te energetska samodostatnost kroz obnovljive izvore energije<\/p>\n<p data-start=\"1418\" data-end=\"1624\"><strong data-start=\"1418\" data-end=\"1464\">3. Kvaliteta \u017eivota i dru\u0161tvena pravednost<\/strong><br data-start=\"1464\" data-end=\"1467\" \/>\u2013 priu\u0161tivo stanovanje za lokalno stanovni\u0161tvo, dostupna i kvalitetna zdravstvena skrb te javne politike koje omogu\u0107uju dostojanstven \u017eivot za sve generacije<\/p>\n<p data-start=\"1626\" data-end=\"1858\">Lokalna grupa <strong data-start=\"1640\" data-end=\"1658\">Mo\u017eemo! Lo\u0161inj<\/strong> poziva sve zainteresirane sugra\u0111anke i sugra\u0111ane koji \u017eele aktivno sudjelovati u razvoju svoje zajednice da se uklju\u010de u rad grupe i doprinesu stvaranju pravednijeg, zelenijeg i solidarnijeg Lo\u0161inja.<\/p>\n<p data-start=\"1860\" data-end=\"2003\">Vi\u0161e informacija o budu\u0107im aktivnostima dostupno je na slu\u017ebenoj Facebook stranici:<br data-start=\"1943\" data-end=\"1946\" \/>\ud83d\udc49 <a class=\"decorated-link\" href=\"https:\/\/www.facebook.com\/profile.php?id=61579790169972\" target=\"_new\" rel=\"noopener\" data-start=\"1949\" data-end=\"2003\">https:\/\/www.facebook.com\/profile.php?id=61579790169972<\/a><\/p>\n<p data-start=\"1860\" data-end=\"2003\"><img fetchpriority=\"high\" decoding=\"async\" class=\"alignnone size-medium wp-image-14534\" src=\"https:\/\/radiojadranka.hr\/wp-content\/uploads\/2026\/02\/IMG-20260204-WA0011-770x512.jpg\" alt=\"\" width=\"770\" height=\"512\" srcset=\"https:\/\/radiojadranka.hr\/wp-content\/uploads\/2026\/02\/IMG-20260204-WA0011-770x512.jpg 770w, https:\/\/radiojadranka.hr\/wp-content\/uploads\/2026\/02\/IMG-20260204-WA0011-1170x778.jpg 1170w, https:\/\/radiojadranka.hr\/wp-content\/uploads\/2026\/02\/IMG-20260204-WA0011-768x511.jpg 768w, https:\/\/radiojadranka.hr\/wp-content\/uploads\/2026\/02\/IMG-20260204-WA0011-1536x1021.jpg 1536w, https:\/\/radiojadranka.hr\/wp-content\/uploads\/2026\/02\/IMG-20260204-WA0011.jpg 1600w\" sizes=\"(max-width: 770px) 100vw, 770px\" \/><\/p>\n","protected":false},"excerpt":{"rendered":"<p>Politi\u010dka platforma Mo\u017eemo! slu\u017ebeno je osnovala svoju lokalnu grupu Mo\u017eemo! Lo\u0161inj, \u010dime nastavlja \u0161irenje participativnog, zeleno-lijevog modela politike diljem Hrvatske. Za koordinatora lokalne grupe izabran je Ronald Spi\u0161i\u0107. Osnivanje lokalne grupe odgovor je na sve izra\u017eeniju potrebu gra\u0111anki i gra\u0111ana otoka Lo\u0161inja za transparentnijim upravljanjem, sna\u017enijom za\u0161titom javnih dobara te ...<\/p>\n","protected":false},"author":2,"featured_media":14534,"comment_status":"closed","ping_status":"open","sticky":false,"template":"","format":"audio","meta":{"footnotes":""},"categories":[72],"tags":[],"class_list":["post-14513","post","type-post","status-publish","format-audio","has-post-thumbnail","hentry","category-vijesti","post_format-post-format-audio"],"aioseo_notices":[],"_links":{"self":[{"href":"https:\/\/radiojadranka.hr\/index.php\/wp-json\/wp\/v2\/posts\/14513","targetHints":{"allow":["GET"]}}],"collection":[{"href":"https:\/\/radiojadranka.hr\/index.php\/wp-json\/wp\/v2\/posts"}],"about":[{"href":"https:\/\/radiojadranka.hr\/index.php\/wp-json\/wp\/v2\/types\/post"}],"author":[{"embeddable":true,"href":"https:\/\/radiojadranka.hr\/index.php\/wp-json\/wp\/v2\/users\/2"}],"replies":[{"embeddable":true,"href":"https:\/\/radiojadranka.hr\/index.php\/wp-json\/wp\/v2\/comments?post=14513"}],"version-history":[{"count":2,"href":"https:\/\/radiojadranka.hr\/index.php\/wp-json\/wp\/v2\/posts\/14513\/revisions"}],"predecessor-version":[{"id":14535,"href":"https:\/\/radiojadranka.hr\/index.php\/wp-json\/wp\/v2\/posts\/14513\/revisions\/14535"}],"wp:featuredmedia":[{"embeddable":true,"href":"https:\/\/radiojadranka.hr\/index.php\/wp-json\/wp\/v2\/media\/14534"}],"wp:attachment":[{"href":"https:\/\/radiojadranka.hr\/index.php\/wp-json\/wp\/v2\/media?parent=14513"}],"wp:term":[{"taxonomy":"category","embeddable":true,"href":"https:\/\/radiojadranka.hr\/index.php\/wp-json\/wp\/v2\/categories?post=14513"},{"taxonomy":"post_tag","embeddable":true,"href":"https:\/\/radiojadranka.hr\/index.php\/wp-json\/wp\/v2\/tags?post=14513"}],"curies":[{"name":"wp","href":"https:\/\/api.w.org\/{rel}","templated":true}]}}