{"id":14504,"date":"2026-02-04T09:37:18","date_gmt":"2026-02-04T08:37:18","guid":{"rendered":"https:\/\/radiojadranka.hr\/?p=14504"},"modified":"2026-02-04T09:43:01","modified_gmt":"2026-02-04T08:43:01","slug":"mario-frankovic-novi-je-ravnatelj-zupanijske-lucke-uprave-mali-losinjc","status":"publish","type":"post","link":"https:\/\/radiojadranka.hr\/index.php\/2026\/02\/04\/mario-frankovic-novi-je-ravnatelj-zupanijske-lucke-uprave-mali-losinjc\/","title":{"rendered":"Mario Frankovi\u0107 novi je ravnatelj \u017dupanijske lu\u010dke uprave Mali Lo\u0161inj"},"content":{"rendered":"<p>Upravno vije\u0107e \u017dupanijske lu\u010dke uprave Mali Lo\u0161inj donijelo je odluku o imenovanju Maria Frankovi\u0107a iz Malog Lo\u0161inja za ravnatelja \u017dupanijske lu\u010dke uprave Mali Lo\u0161inj. Kako poru\u010duju iz \u017eupanije Natje\u010dajna komisija njegov plan i program rada za \u010detverogodi\u0161nje razdoblje ocijenila je razvojnim, realnim i usmjerenim napretku i razvoju \u017dupanijske lu\u010dke uprave Mali Lo\u0161inj. Dolaskom na novu funkciju Frankovi\u0107 vi\u0161e ne\u0107e biti \u010dlan Gradskog vije\u0107a grada Malog Lo\u0161inja, a pretpostavlja se da \u0107e umjesto njega u vije\u0107e u\u0107i Ivan Koharovi\u0107.<\/p>\n<p>Podsjetimo, u upravno vije\u0107e uz Marka Satali\u0107a predstavnika ministarstva i Elvisa \u017divkovi\u0107a predstavnika grada imenovana su nova tri \u010dlana iz redova Primorsko goranske \u017eupanije, Mauro Rube\u0161a, Luka Obradovi\u0107 i za predsjednika vije\u0107a Sa\u0161a \u0110uji\u0107.<\/p>\n<p><img fetchpriority=\"high\" decoding=\"async\" class=\"alignnone size-medium wp-image-14505\" src=\"https:\/\/radiojadranka.hr\/wp-content\/uploads\/2026\/02\/Mario-Frankovic-1-770x595.jpg\" alt=\"\" width=\"770\" height=\"595\" srcset=\"https:\/\/radiojadranka.hr\/wp-content\/uploads\/2026\/02\/Mario-Frankovic-1-770x595.jpg 770w, https:\/\/radiojadranka.hr\/wp-content\/uploads\/2026\/02\/Mario-Frankovic-1-1170x905.jpg 1170w, https:\/\/radiojadranka.hr\/wp-content\/uploads\/2026\/02\/Mario-Frankovic-1-768x594.jpg 768w, https:\/\/radiojadranka.hr\/wp-content\/uploads\/2026\/02\/Mario-Frankovic-1.jpg 1384w\" sizes=\"(max-width: 770px) 100vw, 770px\" \/><\/p>\n<p>&nbsp;<\/p>\n","protected":false},"excerpt":{"rendered":"<p>Upravno vije\u0107e \u017dupanijske lu\u010dke uprave Mali Lo\u0161inj donijelo je odluku o imenovanju Maria Frankovi\u0107a iz Malog Lo\u0161inja za ravnatelja \u017dupanijske lu\u010dke uprave Mali Lo\u0161inj. Kako poru\u010duju iz \u017eupanije Natje\u010dajna komisija njegov plan i program rada za \u010detverogodi\u0161nje razdoblje ocijenila je razvojnim, realnim i usmjerenim napretku i razvoju \u017dupanijske lu\u010dke uprave ...<\/p>\n","protected":false},"author":2,"featured_media":14510,"comment_status":"closed","ping_status":"open","sticky":false,"template":"","format":"audio","meta":{"footnotes":""},"categories":[72],"tags":[],"class_list":["post-14504","post","type-post","status-publish","format-audio","has-post-thumbnail","hentry","category-vijesti","post_format-post-format-audio"],"aioseo_notices":[],"_links":{"self":[{"href":"https:\/\/radiojadranka.hr\/index.php\/wp-json\/wp\/v2\/posts\/14504","targetHints":{"allow":["GET"]}}],"collection":[{"href":"https:\/\/radiojadranka.hr\/index.php\/wp-json\/wp\/v2\/posts"}],"about":[{"href":"https:\/\/radiojadranka.hr\/index.php\/wp-json\/wp\/v2\/types\/post"}],"author":[{"embeddable":true,"href":"https:\/\/radiojadranka.hr\/index.php\/wp-json\/wp\/v2\/users\/2"}],"replies":[{"embeddable":true,"href":"https:\/\/radiojadranka.hr\/index.php\/wp-json\/wp\/v2\/comments?post=14504"}],"version-history":[{"count":1,"href":"https:\/\/radiojadranka.hr\/index.php\/wp-json\/wp\/v2\/posts\/14504\/revisions"}],"predecessor-version":[{"id":14506,"href":"https:\/\/radiojadranka.hr\/index.php\/wp-json\/wp\/v2\/posts\/14504\/revisions\/14506"}],"wp:featuredmedia":[{"embeddable":true,"href":"https:\/\/radiojadranka.hr\/index.php\/wp-json\/wp\/v2\/media\/14510"}],"wp:attachment":[{"href":"https:\/\/radiojadranka.hr\/index.php\/wp-json\/wp\/v2\/media?parent=14504"}],"wp:term":[{"taxonomy":"category","embeddable":true,"href":"https:\/\/radiojadranka.hr\/index.php\/wp-json\/wp\/v2\/categories?post=14504"},{"taxonomy":"post_tag","embeddable":true,"href":"https:\/\/radiojadranka.hr\/index.php\/wp-json\/wp\/v2\/tags?post=14504"}],"curies":[{"name":"wp","href":"https:\/\/api.w.org\/{rel}","templated":true}]}}