{"id":14445,"date":"2026-01-15T12:50:10","date_gmt":"2026-01-15T11:50:10","guid":{"rendered":"https:\/\/radiojadranka.hr\/?p=14445"},"modified":"2026-01-15T12:50:10","modified_gmt":"2026-01-15T11:50:10","slug":"najava-karnevala-barbara-surlina-bilic-i-katarina-begic","status":"publish","type":"post","link":"https:\/\/radiojadranka.hr\/index.php\/2026\/01\/15\/najava-karnevala-barbara-surlina-bilic-i-katarina-begic\/","title":{"rendered":"Najava Karnevala &#8211; Barbara \u0160urlina Bili\u0107 i Katarina Begi\u0107"},"content":{"rendered":"<p><iframe title=\"150126 Rsp Najava Karnevala, Barbara \u0160urlina Bili\u0107 I Katarina Begi\u0107\" width=\"100%\" height=\"120\" src=\"https:\/\/www.mixcloud.com\/widget\/iframe\/?feed=https%3A%2F%2Fwww.mixcloud.com%2Fradio_jadranka%2F150126-rsp-najava-karnevala-barbara-%25C5%25A1urlina-bili%25C4%2587-i-katarina-begi%25C4%2587%2F&amp;hide_cover=1\" frameborder=\"0\" allow=\"encrypted-media; fullscreen; autoplay; idle-detection; speaker-selection; web-share;\"><\/iframe><br \/>\nUredila i vodila: Ena Pervan<br \/>\nTonski obradio: Igor Bori\u0107<\/p>\n","protected":false},"excerpt":{"rendered":"<p>Uredila i vodila: Ena Pervan Tonski obradio: Igor Bori\u0107<\/p>\n","protected":false},"author":1,"featured_media":14446,"comment_status":"closed","ping_status":"open","sticky":false,"template":"","format":"audio","meta":{"footnotes":""},"categories":[68],"tags":[],"class_list":["post-14445","post","type-post","status-publish","format-audio","has-post-thumbnail","hentry","category-rsp","post_format-post-format-audio"],"aioseo_notices":[],"_links":{"self":[{"href":"https:\/\/radiojadranka.hr\/index.php\/wp-json\/wp\/v2\/posts\/14445","targetHints":{"allow":["GET"]}}],"collection":[{"href":"https:\/\/radiojadranka.hr\/index.php\/wp-json\/wp\/v2\/posts"}],"about":[{"href":"https:\/\/radiojadranka.hr\/index.php\/wp-json\/wp\/v2\/types\/post"}],"author":[{"embeddable":true,"href":"https:\/\/radiojadranka.hr\/index.php\/wp-json\/wp\/v2\/users\/1"}],"replies":[{"embeddable":true,"href":"https:\/\/radiojadranka.hr\/index.php\/wp-json\/wp\/v2\/comments?post=14445"}],"version-history":[{"count":1,"href":"https:\/\/radiojadranka.hr\/index.php\/wp-json\/wp\/v2\/posts\/14445\/revisions"}],"predecessor-version":[{"id":14447,"href":"https:\/\/radiojadranka.hr\/index.php\/wp-json\/wp\/v2\/posts\/14445\/revisions\/14447"}],"wp:featuredmedia":[{"embeddable":true,"href":"https:\/\/radiojadranka.hr\/index.php\/wp-json\/wp\/v2\/media\/14446"}],"wp:attachment":[{"href":"https:\/\/radiojadranka.hr\/index.php\/wp-json\/wp\/v2\/media?parent=14445"}],"wp:term":[{"taxonomy":"category","embeddable":true,"href":"https:\/\/radiojadranka.hr\/index.php\/wp-json\/wp\/v2\/categories?post=14445"},{"taxonomy":"post_tag","embeddable":true,"href":"https:\/\/radiojadranka.hr\/index.php\/wp-json\/wp\/v2\/tags?post=14445"}],"curies":[{"name":"wp","href":"https:\/\/api.w.org\/{rel}","templated":true}]}}