{"id":14415,"date":"2025-12-30T14:55:58","date_gmt":"2025-12-30T13:55:58","guid":{"rendered":"https:\/\/radiojadranka.hr\/?p=14415"},"modified":"2025-12-30T15:00:54","modified_gmt":"2025-12-30T14:00:54","slug":"novogodisnja-kupanja-na-velom-zalu-i-1-1-2026-u-kampu-cikat","status":"publish","type":"post","link":"https:\/\/radiojadranka.hr\/index.php\/2025\/12\/30\/novogodisnja-kupanja-na-velom-zalu-i-1-1-2026-u-kampu-cikat\/","title":{"rendered":"Novogodi\u0161nja kupanja na Velom \u017ealu i 1.1.2026. u Kampu \u010cikat"},"content":{"rendered":"<p>Tradicionalno novogodi\u0161nje kupanje na Velom \u017ealu okupilo je poprili\u010dan broj posjetitelja, a tek tre\u0107ina prisutnih odva\u017eila se okupati! More je bilo 14,7 a zrak 10 stupnjeva celzijevih, no osje\u0107aj hladno\u0107e bio je poprili\u010dan i za nas u skija\u0161kim jaknama. Stotinjak kupa\u010da nakon kupanja ugrijalose kuhanim vinom i fritulama! U Kampu \u010cikat 1.1. od 11 sati odr\u017eat \u0107e se tre\u0107i put za redom novogodi\u0161nje kupanja, a natjecat \u0107e se i u vo\u017enji sup-om po timovima iz <em>\u00a0Slova\u010dke, Slovenije, Njema\u010dke, Poljske, Hrvatske\u2026 <\/em><\/p>\n<p>Ina\u010de, u kampu trenuta\u010dno ima 1.652 gosta, 11% vi\u0161e nego lani na isti dan. Na 31.12. pribli\u017eiti \u0107emo se 2.000 gostiju, izjavio je Petar Nino Krni\u0107 direktor marketinga Jadranka kampova pri Jadranka turizmu! Poslu\u0161ajte prilog s Velog \u017eala i iz na\u0161eg studija!<\/p>\n<p><iframe title=\"301225 Novogodi\u0161nje Kupanje Na Velom \u017dalu I U Kampu \u010cikat\" width=\"100%\" height=\"120\" src=\"https:\/\/www.mixcloud.com\/widget\/iframe\/?feed=https%3A%2F%2Fwww.mixcloud.com%2Fradio_jadranka%2F301225-novogodi%25C5%25A1nje-kupanje-na-velom-%25C5%25BEalu-i-u-kampu-%25C4%258Dikat%2F&amp;hide_cover=1\" frameborder=\"0\" allow=\"encrypted-media; fullscreen; autoplay; idle-detection; speaker-selection; web-share;\"><\/iframe><\/p>\n<div id='gallery-1' class='gallery galleryid-14415 gallery-columns-3 gallery-size-thumbnail'><figure class='gallery-item'>\n\t\t\t<div class='gallery-icon landscape'>\n\t\t\t\t<a href='https:\/\/radiojadranka.hr\/index.php\/2025\/12\/30\/novogodisnja-kupanja-na-velom-zalu-i-1-1-2026-u-kampu-cikat\/oplus_2097152-39\/'><img decoding=\"async\" width=\"150\" height=\"150\" src=\"https:\/\/radiojadranka.hr\/wp-content\/uploads\/2025\/12\/IMG20251230121319-150x150.jpg\" class=\"attachment-thumbnail size-thumbnail\" alt=\"\" srcset=\"https:\/\/radiojadranka.hr\/wp-content\/uploads\/2025\/12\/IMG20251230121319-150x150.jpg 150w, https:\/\/radiojadranka.hr\/wp-content\/uploads\/2025\/12\/IMG20251230121319-100x100.jpg 100w, https:\/\/radiojadranka.hr\/wp-content\/uploads\/2025\/12\/IMG20251230121319-370x370.jpg 370w\" sizes=\"(max-width: 150px) 100vw, 150px\" \/><\/a>\n\t\t\t<\/div><\/figure><figure class='gallery-item'>\n\t\t\t<div class='gallery-icon landscape'>\n\t\t\t\t<a href='https:\/\/radiojadranka.hr\/index.php\/2025\/12\/30\/novogodisnja-kupanja-na-velom-zalu-i-1-1-2026-u-kampu-cikat\/oplus_2097152-38\/'><img decoding=\"async\" width=\"150\" height=\"150\" src=\"https:\/\/radiojadranka.hr\/wp-content\/uploads\/2025\/12\/IMG20251230121030-150x150.jpg\" class=\"attachment-thumbnail size-thumbnail\" alt=\"\" srcset=\"https:\/\/radiojadranka.hr\/wp-content\/uploads\/2025\/12\/IMG20251230121030-150x150.jpg 150w, https:\/\/radiojadranka.hr\/wp-content\/uploads\/2025\/12\/IMG20251230121030-100x100.jpg 100w, https:\/\/radiojadranka.hr\/wp-content\/uploads\/2025\/12\/IMG20251230121030-370x370.jpg 370w\" sizes=\"(max-width: 150px) 100vw, 150px\" \/><\/a>\n\t\t\t<\/div><\/figure><figure class='gallery-item'>\n\t\t\t<div class='gallery-icon landscape'>\n\t\t\t\t<a href='https:\/\/radiojadranka.hr\/index.php\/2025\/12\/30\/novogodisnja-kupanja-na-velom-zalu-i-1-1-2026-u-kampu-cikat\/oplus_2097152-37\/'><img decoding=\"async\" width=\"150\" height=\"150\" src=\"https:\/\/radiojadranka.hr\/wp-content\/uploads\/2025\/12\/IMG20251230114731-150x150.jpg\" class=\"attachment-thumbnail size-thumbnail\" alt=\"\" srcset=\"https:\/\/radiojadranka.hr\/wp-content\/uploads\/2025\/12\/IMG20251230114731-150x150.jpg 150w, https:\/\/radiojadranka.hr\/wp-content\/uploads\/2025\/12\/IMG20251230114731-100x100.jpg 100w, https:\/\/radiojadranka.hr\/wp-content\/uploads\/2025\/12\/IMG20251230114731-370x370.jpg 370w\" sizes=\"(max-width: 150px) 100vw, 150px\" \/><\/a>\n\t\t\t<\/div><\/figure><figure class='gallery-item'>\n\t\t\t<div class='gallery-icon portrait'>\n\t\t\t\t<a href='https:\/\/radiojadranka.hr\/index.php\/2025\/12\/30\/novogodisnja-kupanja-na-velom-zalu-i-1-1-2026-u-kampu-cikat\/oplus_136314912-7\/'><img loading=\"lazy\" decoding=\"async\" width=\"150\" height=\"150\" src=\"https:\/\/radiojadranka.hr\/wp-content\/uploads\/2025\/12\/IMG20251230114640-150x150.jpg\" class=\"attachment-thumbnail size-thumbnail\" alt=\"\" srcset=\"https:\/\/radiojadranka.hr\/wp-content\/uploads\/2025\/12\/IMG20251230114640-150x150.jpg 150w, https:\/\/radiojadranka.hr\/wp-content\/uploads\/2025\/12\/IMG20251230114640-100x100.jpg 100w, https:\/\/radiojadranka.hr\/wp-content\/uploads\/2025\/12\/IMG20251230114640-370x370.jpg 370w\" sizes=\"(max-width: 150px) 100vw, 150px\" \/><\/a>\n\t\t\t<\/div><\/figure><figure class='gallery-item'>\n\t\t\t<div class='gallery-icon landscape'>\n\t\t\t\t<a href='https:\/\/radiojadranka.hr\/index.php\/2025\/12\/30\/novogodisnja-kupanja-na-velom-zalu-i-1-1-2026-u-kampu-cikat\/599820346_1442887264504087_6525808564688542344_n\/'><img loading=\"lazy\" decoding=\"async\" width=\"150\" height=\"150\" src=\"https:\/\/radiojadranka.hr\/wp-content\/uploads\/2025\/12\/599820346_1442887264504087_6525808564688542344_n-150x150.jpg\" class=\"attachment-thumbnail size-thumbnail\" alt=\"\" srcset=\"https:\/\/radiojadranka.hr\/wp-content\/uploads\/2025\/12\/599820346_1442887264504087_6525808564688542344_n-150x150.jpg 150w, https:\/\/radiojadranka.hr\/wp-content\/uploads\/2025\/12\/599820346_1442887264504087_6525808564688542344_n-100x100.jpg 100w, https:\/\/radiojadranka.hr\/wp-content\/uploads\/2025\/12\/599820346_1442887264504087_6525808564688542344_n-370x370.jpg 370w\" sizes=\"(max-width: 150px) 100vw, 150px\" \/><\/a>\n\t\t\t<\/div><\/figure>\n\t\t<\/div>\n\n","protected":false},"excerpt":{"rendered":"<p>Tradicionalno novogodi\u0161nje kupanje na Velom \u017ealu okupilo je poprili\u010dan broj posjetitelja, a tek tre\u0107ina prisutnih odva\u017eila se okupati! More je bilo 14,7 a zrak 10 stupnjeva celzijevih, no osje\u0107aj hladno\u0107e bio je poprili\u010dan i za nas u skija\u0161kim jaknama. Stotinjak kupa\u010da nakon kupanja ugrijalose kuhanim vinom i fritulama! U Kampu ...<\/p>\n","protected":false},"author":2,"featured_media":14419,"comment_status":"closed","ping_status":"open","sticky":false,"template":"","format":"audio","meta":{"footnotes":""},"categories":[72],"tags":[],"class_list":["post-14415","post","type-post","status-publish","format-audio","has-post-thumbnail","hentry","category-vijesti","post_format-post-format-audio"],"aioseo_notices":[],"_links":{"self":[{"href":"https:\/\/radiojadranka.hr\/index.php\/wp-json\/wp\/v2\/posts\/14415","targetHints":{"allow":["GET"]}}],"collection":[{"href":"https:\/\/radiojadranka.hr\/index.php\/wp-json\/wp\/v2\/posts"}],"about":[{"href":"https:\/\/radiojadranka.hr\/index.php\/wp-json\/wp\/v2\/types\/post"}],"author":[{"embeddable":true,"href":"https:\/\/radiojadranka.hr\/index.php\/wp-json\/wp\/v2\/users\/2"}],"replies":[{"embeddable":true,"href":"https:\/\/radiojadranka.hr\/index.php\/wp-json\/wp\/v2\/comments?post=14415"}],"version-history":[{"count":1,"href":"https:\/\/radiojadranka.hr\/index.php\/wp-json\/wp\/v2\/posts\/14415\/revisions"}],"predecessor-version":[{"id":14421,"href":"https:\/\/radiojadranka.hr\/index.php\/wp-json\/wp\/v2\/posts\/14415\/revisions\/14421"}],"wp:featuredmedia":[{"embeddable":true,"href":"https:\/\/radiojadranka.hr\/index.php\/wp-json\/wp\/v2\/media\/14419"}],"wp:attachment":[{"href":"https:\/\/radiojadranka.hr\/index.php\/wp-json\/wp\/v2\/media?parent=14415"}],"wp:term":[{"taxonomy":"category","embeddable":true,"href":"https:\/\/radiojadranka.hr\/index.php\/wp-json\/wp\/v2\/categories?post=14415"},{"taxonomy":"post_tag","embeddable":true,"href":"https:\/\/radiojadranka.hr\/index.php\/wp-json\/wp\/v2\/tags?post=14415"}],"curies":[{"name":"wp","href":"https:\/\/api.w.org\/{rel}","templated":true}]}}