{"id":14396,"date":"2025-12-24T12:28:47","date_gmt":"2025-12-24T11:28:47","guid":{"rendered":"https:\/\/radiojadranka.hr\/?p=14396"},"modified":"2025-12-24T12:40:29","modified_gmt":"2025-12-24T11:40:29","slug":"rino-antoninic-otvorio-24-prozor-naseg-adventskog-kalendaraaa","status":"publish","type":"post","link":"https:\/\/radiojadranka.hr\/index.php\/2025\/12\/24\/rino-antoninic-otvorio-24-prozor-naseg-adventskog-kalendaraaa\/","title":{"rendered":"Rino Antonini\u0107 otvorio 24 prozor na\u0161eg adventskog kalendara!"},"content":{"rendered":"<p>Rino Antonini\u0107 otvorio je posljednju \u0161kuru ovogodi\u0161njeg adventskog kalendara na kojem su se nalazili crte\u017ei na\u0161ih osnovno\u0161kolaca! Hvala \u010dasnoj sestri Katarini i u\u010denicima na prekrasnim crte\u017eima koje mo\u017eete vidjeti na na\u0161oj adventskoj ku\u0107ici! Zaista im hvala na predanosti i radosti s kojom su svakog dana dolazili i otkrivali svoje radove!<\/p>\n<p>Poslu\u0161ajte Rina Antonini\u0107a!<\/p>\n<p><iframe title=\"241225 Rino Antonini\u0107\" width=\"100%\" height=\"120\" src=\"https:\/\/www.mixcloud.com\/widget\/iframe\/?feed=https%3A%2F%2Fwww.mixcloud.com%2Fradio_jadranka%2F241225-rino-antonini%25C4%2587%2F&amp;hide_cover=1\" frameborder=\"0\" allow=\"encrypted-media; fullscreen; autoplay; idle-detection; speaker-selection; web-share;\"><\/iframe><\/p>\n<p><img fetchpriority=\"high\" decoding=\"async\" class=\"alignnone wp-image-14398\" src=\"https:\/\/radiojadranka.hr\/wp-content\/uploads\/2025\/12\/IMG20251224110353-354x770.jpg\" alt=\"\" width=\"265\" height=\"577\" srcset=\"https:\/\/radiojadranka.hr\/wp-content\/uploads\/2025\/12\/IMG20251224110353-354x770.jpg 354w, https:\/\/radiojadranka.hr\/wp-content\/uploads\/2025\/12\/IMG20251224110353-537x1170.jpg 537w, https:\/\/radiojadranka.hr\/wp-content\/uploads\/2025\/12\/IMG20251224110353-768x1672.jpg 768w, https:\/\/radiojadranka.hr\/wp-content\/uploads\/2025\/12\/IMG20251224110353-705x1536.jpg 705w, https:\/\/radiojadranka.hr\/wp-content\/uploads\/2025\/12\/IMG20251224110353.jpg 790w\" sizes=\"(max-width: 265px) 100vw, 265px\" \/> <img decoding=\"async\" class=\"alignnone size-medium wp-image-14400\" src=\"https:\/\/radiojadranka.hr\/wp-content\/uploads\/2025\/12\/IMG20251224110541-770x354.jpg\" alt=\"\" width=\"770\" height=\"354\" srcset=\"https:\/\/radiojadranka.hr\/wp-content\/uploads\/2025\/12\/IMG20251224110541-770x354.jpg 770w, https:\/\/radiojadranka.hr\/wp-content\/uploads\/2025\/12\/IMG20251224110541-1170x538.jpg 1170w, https:\/\/radiojadranka.hr\/wp-content\/uploads\/2025\/12\/IMG20251224110541-768x353.jpg 768w, https:\/\/radiojadranka.hr\/wp-content\/uploads\/2025\/12\/IMG20251224110541-1536x706.jpg 1536w, https:\/\/radiojadranka.hr\/wp-content\/uploads\/2025\/12\/IMG20251224110541.jpg 1720w\" sizes=\"(max-width: 770px) 100vw, 770px\" \/><\/p>\n","protected":false},"excerpt":{"rendered":"<p>Rino Antonini\u0107 otvorio je posljednju \u0161kuru ovogodi\u0161njeg adventskog kalendara na kojem su se nalazili crte\u017ei na\u0161ih osnovno\u0161kolaca! Hvala \u010dasnoj sestri Katarini i u\u010denicima na prekrasnim crte\u017eima koje mo\u017eete vidjeti na na\u0161oj adventskoj ku\u0107ici! Zaista im hvala na predanosti i radosti s kojom su svakog dana dolazili i otkrivali svoje radove! ...<\/p>\n","protected":false},"author":2,"featured_media":14405,"comment_status":"closed","ping_status":"open","sticky":false,"template":"","format":"audio","meta":{"footnotes":""},"categories":[72],"tags":[],"class_list":["post-14396","post","type-post","status-publish","format-audio","has-post-thumbnail","hentry","category-vijesti","post_format-post-format-audio"],"aioseo_notices":[],"_links":{"self":[{"href":"https:\/\/radiojadranka.hr\/index.php\/wp-json\/wp\/v2\/posts\/14396","targetHints":{"allow":["GET"]}}],"collection":[{"href":"https:\/\/radiojadranka.hr\/index.php\/wp-json\/wp\/v2\/posts"}],"about":[{"href":"https:\/\/radiojadranka.hr\/index.php\/wp-json\/wp\/v2\/types\/post"}],"author":[{"embeddable":true,"href":"https:\/\/radiojadranka.hr\/index.php\/wp-json\/wp\/v2\/users\/2"}],"replies":[{"embeddable":true,"href":"https:\/\/radiojadranka.hr\/index.php\/wp-json\/wp\/v2\/comments?post=14396"}],"version-history":[{"count":2,"href":"https:\/\/radiojadranka.hr\/index.php\/wp-json\/wp\/v2\/posts\/14396\/revisions"}],"predecessor-version":[{"id":14403,"href":"https:\/\/radiojadranka.hr\/index.php\/wp-json\/wp\/v2\/posts\/14396\/revisions\/14403"}],"wp:featuredmedia":[{"embeddable":true,"href":"https:\/\/radiojadranka.hr\/index.php\/wp-json\/wp\/v2\/media\/14405"}],"wp:attachment":[{"href":"https:\/\/radiojadranka.hr\/index.php\/wp-json\/wp\/v2\/media?parent=14396"}],"wp:term":[{"taxonomy":"category","embeddable":true,"href":"https:\/\/radiojadranka.hr\/index.php\/wp-json\/wp\/v2\/categories?post=14396"},{"taxonomy":"post_tag","embeddable":true,"href":"https:\/\/radiojadranka.hr\/index.php\/wp-json\/wp\/v2\/tags?post=14396"}],"curies":[{"name":"wp","href":"https:\/\/api.w.org\/{rel}","templated":true}]}}