{"id":14391,"date":"2025-12-25T08:00:48","date_gmt":"2025-12-25T07:00:48","guid":{"rendered":"https:\/\/radiojadranka.hr\/?p=14391"},"modified":"2025-12-24T09:54:02","modified_gmt":"2025-12-24T08:54:02","slug":"sretan-vam-bozic-uz-koncert-puhackog-orkestra-josip-kasman","status":"publish","type":"post","link":"https:\/\/radiojadranka.hr\/index.php\/2025\/12\/25\/sretan-vam-bozic-uz-koncert-puhackog-orkestra-josip-kasman\/","title":{"rendered":"Sretan Vam Bo\u017ei\u0107 uz koncert puha\u010dkog orkestra Josip Ka\u0161man!"},"content":{"rendered":"<p>Dragi slu\u0161atelji, sretan Vam Bo\u017ei\u0107! U blagdanskom ozra\u010dju radosti i zajedni\u0161tva, slijedi <strong>snimka ovogodi\u0161njeg bo\u017ei\u0107no-novogodi\u0161njeg koncerta Puha\u010dkog orkestra \u201eJosip Ka\u0161man\u201c iz Malog Lo\u0161inja<\/strong>, i vjerujemo da \u0107emo zajedno u\u017eivati u poznatim melodijama i toplini glazbe koja ve\u0107 generacijama, ve\u0107 150 godina oboga\u0107uje \u017eivot na\u0161ega grada.<\/p>\n<p>Za kvalitetu zvuka zaslu\u017eni su <strong>ton majstori \u0110ani Kuljani\u0107 i Andreas Lovri\u0107<\/strong>, dok kroz program vodi <strong>Lu\u010dano Nikoli\u0107<\/strong>, svojim prepoznatljivim i toplim stilom. \u010cestitamo i zahvaljujemo na\u0161im puha\u010dima na ustrajnosti i kvaliteti!<\/p>\n<p>Sretan i blagoslovljen Bo\u017ei\u0107 svima i u\u017eivajte u glazbi!<\/p>\n<p><iframe title=\"251225 Bozicni Koncert Puha\u010dkog Orkestra Josip Ka\u0161man 2025\" width=\"100%\" height=\"120\" src=\"https:\/\/www.mixcloud.com\/widget\/iframe\/?feed=https%3A%2F%2Fwww.mixcloud.com%2Fradio_jadranka%2F251225-bozicni-koncert-puha%25C4%258Dkog-orkestra-josip-ka%25C5%25A1man-2025%2F&amp;hide_cover=1\" frameborder=\"0\" allow=\"encrypted-media; fullscreen; autoplay; idle-detection; speaker-selection; web-share;\"><\/iframe><\/p>\n<p><img fetchpriority=\"high\" decoding=\"async\" class=\"alignnone size-medium wp-image-14393\" src=\"https:\/\/radiojadranka.hr\/wp-content\/uploads\/2025\/12\/IMG-20251224-WA0000-770x578.jpg\" alt=\"\" width=\"770\" height=\"578\" srcset=\"https:\/\/radiojadranka.hr\/wp-content\/uploads\/2025\/12\/IMG-20251224-WA0000-770x578.jpg 770w, https:\/\/radiojadranka.hr\/wp-content\/uploads\/2025\/12\/IMG-20251224-WA0000-1170x878.jpg 1170w, https:\/\/radiojadranka.hr\/wp-content\/uploads\/2025\/12\/IMG-20251224-WA0000-768x576.jpg 768w, https:\/\/radiojadranka.hr\/wp-content\/uploads\/2025\/12\/IMG-20251224-WA0000-1536x1152.jpg 1536w, https:\/\/radiojadranka.hr\/wp-content\/uploads\/2025\/12\/IMG-20251224-WA0000.jpg 1600w\" sizes=\"(max-width: 770px) 100vw, 770px\" \/><\/p>\n","protected":false},"excerpt":{"rendered":"<p>Dragi slu\u0161atelji, sretan Vam Bo\u017ei\u0107! U blagdanskom ozra\u010dju radosti i zajedni\u0161tva, slijedi snimka ovogodi\u0161njeg bo\u017ei\u0107no-novogodi\u0161njeg koncerta Puha\u010dkog orkestra \u201eJosip Ka\u0161man\u201c iz Malog Lo\u0161inja, i vjerujemo da \u0107emo zajedno u\u017eivati u poznatim melodijama i toplini glazbe koja ve\u0107 generacijama, ve\u0107 150 godina oboga\u0107uje \u017eivot na\u0161ega grada. Za kvalitetu zvuka zaslu\u017eni su ...<\/p>\n","protected":false},"author":2,"featured_media":14393,"comment_status":"closed","ping_status":"open","sticky":false,"template":"","format":"audio","meta":{"footnotes":""},"categories":[72],"tags":[],"class_list":["post-14391","post","type-post","status-publish","format-audio","has-post-thumbnail","hentry","category-vijesti","post_format-post-format-audio"],"aioseo_notices":[],"_links":{"self":[{"href":"https:\/\/radiojadranka.hr\/index.php\/wp-json\/wp\/v2\/posts\/14391","targetHints":{"allow":["GET"]}}],"collection":[{"href":"https:\/\/radiojadranka.hr\/index.php\/wp-json\/wp\/v2\/posts"}],"about":[{"href":"https:\/\/radiojadranka.hr\/index.php\/wp-json\/wp\/v2\/types\/post"}],"author":[{"embeddable":true,"href":"https:\/\/radiojadranka.hr\/index.php\/wp-json\/wp\/v2\/users\/2"}],"replies":[{"embeddable":true,"href":"https:\/\/radiojadranka.hr\/index.php\/wp-json\/wp\/v2\/comments?post=14391"}],"version-history":[{"count":1,"href":"https:\/\/radiojadranka.hr\/index.php\/wp-json\/wp\/v2\/posts\/14391\/revisions"}],"predecessor-version":[{"id":14394,"href":"https:\/\/radiojadranka.hr\/index.php\/wp-json\/wp\/v2\/posts\/14391\/revisions\/14394"}],"wp:featuredmedia":[{"embeddable":true,"href":"https:\/\/radiojadranka.hr\/index.php\/wp-json\/wp\/v2\/media\/14393"}],"wp:attachment":[{"href":"https:\/\/radiojadranka.hr\/index.php\/wp-json\/wp\/v2\/media?parent=14391"}],"wp:term":[{"taxonomy":"category","embeddable":true,"href":"https:\/\/radiojadranka.hr\/index.php\/wp-json\/wp\/v2\/categories?post=14391"},{"taxonomy":"post_tag","embeddable":true,"href":"https:\/\/radiojadranka.hr\/index.php\/wp-json\/wp\/v2\/tags?post=14391"}],"curies":[{"name":"wp","href":"https:\/\/api.w.org\/{rel}","templated":true}]}}