{"id":14382,"date":"2025-12-23T09:09:55","date_gmt":"2025-12-23T08:09:55","guid":{"rendered":"https:\/\/radiojadranka.hr\/?p=14382"},"modified":"2025-12-23T09:09:55","modified_gmt":"2025-12-23T08:09:55","slug":"zupna-crkva-nakon-100-dnevnih-radova-blagoslovljena-donosimo-i-rasporede-euharistija-tijekom-blagdana-s-nama-je-zupnik-don-robert-zubovic","status":"publish","type":"post","link":"https:\/\/radiojadranka.hr\/index.php\/2025\/12\/23\/zupna-crkva-nakon-100-dnevnih-radova-blagoslovljena-donosimo-i-rasporede-euharistija-tijekom-blagdana-s-nama-je-zupnik-don-robert-zubovic\/","title":{"rendered":"\u017dupna crkva nakon 100 dnevnih radova blagoslovljena, donosimo i rasporede euharistija tijekom blagdana, s nama je \u017eupnik Don Robert Zubovi\u0107!"},"content":{"rendered":"<div dir=\"auto\">Sve\u010danim misnim slavljem\u00a0 blagoslovljena je obnovljena \u017dupna crkva u Malom Lo\u0161inju. Nakon to\u010dno 100 dana obnove, Bo\u017eji dom je zasjao u novom, obnovljenom ruhu.<\/div>\n<div dir=\"auto\">Pred nama su blagdani a s nama u programu \u017eupnik Don Roberto Zubovi\u0107! Poslu\u0161ajte&#8230;<\/div>\n<div dir=\"auto\"><\/div>\n<div dir=\"auto\">\n<p><iframe title=\"221225 Don Robert Zubovic\" width=\"100%\" height=\"120\" src=\"https:\/\/www.mixcloud.com\/widget\/iframe\/?feed=https%3A%2F%2Fwww.mixcloud.com%2Fradio_jadranka%2F221225-don-robert-zubovic%2F&amp;hide_cover=1\" frameborder=\"0\" allow=\"encrypted-media; fullscreen; autoplay; idle-detection; speaker-selection; web-share;\"><\/iframe><\/p>\n<\/div>\n<div dir=\"auto\"><\/div>\n<div dir=\"auto\"><img fetchpriority=\"high\" decoding=\"async\" class=\"alignnone size-medium wp-image-14383\" src=\"https:\/\/radiojadranka.hr\/wp-content\/uploads\/2025\/12\/IMG-20251209-WA0033-770x433.jpg\" alt=\"\" width=\"770\" height=\"433\" srcset=\"https:\/\/radiojadranka.hr\/wp-content\/uploads\/2025\/12\/IMG-20251209-WA0033-770x433.jpg 770w, https:\/\/radiojadranka.hr\/wp-content\/uploads\/2025\/12\/IMG-20251209-WA0033-1170x658.jpg 1170w, https:\/\/radiojadranka.hr\/wp-content\/uploads\/2025\/12\/IMG-20251209-WA0033-768x432.jpg 768w, https:\/\/radiojadranka.hr\/wp-content\/uploads\/2025\/12\/IMG-20251209-WA0033-1536x864.jpg 1536w, https:\/\/radiojadranka.hr\/wp-content\/uploads\/2025\/12\/IMG-20251209-WA0033.jpg 1920w\" sizes=\"(max-width: 770px) 100vw, 770px\" \/><\/div>\n","protected":false},"excerpt":{"rendered":"<p>Sve\u010danim misnim slavljem\u00a0 blagoslovljena je obnovljena \u017dupna crkva u Malom Lo\u0161inju. Nakon to\u010dno 100 dana obnove, Bo\u017eji dom je zasjao u novom, obnovljenom ruhu. Pred nama su blagdani a s nama u programu \u017eupnik Don Roberto Zubovi\u0107! Poslu\u0161ajte&#8230;<\/p>\n","protected":false},"author":2,"featured_media":14383,"comment_status":"closed","ping_status":"open","sticky":false,"template":"","format":"audio","meta":{"footnotes":""},"categories":[72],"tags":[],"class_list":["post-14382","post","type-post","status-publish","format-audio","has-post-thumbnail","hentry","category-vijesti","post_format-post-format-audio"],"aioseo_notices":[],"_links":{"self":[{"href":"https:\/\/radiojadranka.hr\/index.php\/wp-json\/wp\/v2\/posts\/14382","targetHints":{"allow":["GET"]}}],"collection":[{"href":"https:\/\/radiojadranka.hr\/index.php\/wp-json\/wp\/v2\/posts"}],"about":[{"href":"https:\/\/radiojadranka.hr\/index.php\/wp-json\/wp\/v2\/types\/post"}],"author":[{"embeddable":true,"href":"https:\/\/radiojadranka.hr\/index.php\/wp-json\/wp\/v2\/users\/2"}],"replies":[{"embeddable":true,"href":"https:\/\/radiojadranka.hr\/index.php\/wp-json\/wp\/v2\/comments?post=14382"}],"version-history":[{"count":1,"href":"https:\/\/radiojadranka.hr\/index.php\/wp-json\/wp\/v2\/posts\/14382\/revisions"}],"predecessor-version":[{"id":14384,"href":"https:\/\/radiojadranka.hr\/index.php\/wp-json\/wp\/v2\/posts\/14382\/revisions\/14384"}],"wp:featuredmedia":[{"embeddable":true,"href":"https:\/\/radiojadranka.hr\/index.php\/wp-json\/wp\/v2\/media\/14383"}],"wp:attachment":[{"href":"https:\/\/radiojadranka.hr\/index.php\/wp-json\/wp\/v2\/media?parent=14382"}],"wp:term":[{"taxonomy":"category","embeddable":true,"href":"https:\/\/radiojadranka.hr\/index.php\/wp-json\/wp\/v2\/categories?post=14382"},{"taxonomy":"post_tag","embeddable":true,"href":"https:\/\/radiojadranka.hr\/index.php\/wp-json\/wp\/v2\/tags?post=14382"}],"curies":[{"name":"wp","href":"https:\/\/api.w.org\/{rel}","templated":true}]}}