{"id":14368,"date":"2025-12-22T14:50:51","date_gmt":"2025-12-22T13:50:51","guid":{"rendered":"https:\/\/radiojadranka.hr\/?p=14368"},"modified":"2025-12-22T14:58:14","modified_gmt":"2025-12-22T13:58:14","slug":"cak-cetiri-prozora-donosimo-dana-malena-kabalin-lena-koharovic-i-bruno-nekic-sali-saganic-te-originalni-loren-bilic-i-martin-toic-poslusajteaabb","status":"publish","type":"post","link":"https:\/\/radiojadranka.hr\/index.php\/2025\/12\/22\/cak-cetiri-prozora-donosimo-dana-malena-kabalin-lena-koharovic-i-bruno-nekic-sali-saganic-te-originalni-loren-bilic-i-martin-toic-poslusajteaabb\/","title":{"rendered":"\u010cak \u010detiri prozora donosimo danas, Malena Kabalin, Lena Koharovi\u0107 i Bruno Neki\u0107, Sali Sagani\u0107 te originalni Loren Bili\u0107 i Martin Toi\u0107 s apelom protiv petardi, a danas i 3a! Poslu\u0161ajte!"},"content":{"rendered":"<p>Nekoliko dana u jednoj objavi! Danas su s nama bili u\u010denici 3a razreda,<\/p>\n<p>&nbsp;<\/p>\n<p>Malena Kabalin<\/p>\n<p><iframe title=\"181225 Malena Kabalin\" width=\"100%\" height=\"120\" src=\"https:\/\/www.mixcloud.com\/widget\/iframe\/?feed=https%3A%2F%2Fwww.mixcloud.com%2Fradio_jadranka%2F181225-malena-kabalin%2F&amp;hide_cover=1\" frameborder=\"0\" allow=\"encrypted-media; fullscreen; autoplay; idle-detection; speaker-selection; web-share;\"><\/iframe><\/p>\n<figure id=\"attachment_14369\" aria-describedby=\"caption-attachment-14369\" style=\"width: 354px\" class=\"wp-caption alignnone\"><img fetchpriority=\"high\" decoding=\"async\" class=\"wp-image-14369 size-medium\" src=\"https:\/\/radiojadranka.hr\/wp-content\/uploads\/2025\/12\/IMG20251218130721-1-354x770.jpg\" alt=\"\" width=\"354\" height=\"770\" srcset=\"https:\/\/radiojadranka.hr\/wp-content\/uploads\/2025\/12\/IMG20251218130721-1-354x770.jpg 354w, https:\/\/radiojadranka.hr\/wp-content\/uploads\/2025\/12\/IMG20251218130721-1-537x1170.jpg 537w, https:\/\/radiojadranka.hr\/wp-content\/uploads\/2025\/12\/IMG20251218130721-1-768x1672.jpg 768w, https:\/\/radiojadranka.hr\/wp-content\/uploads\/2025\/12\/IMG20251218130721-1-705x1536.jpg 705w, https:\/\/radiojadranka.hr\/wp-content\/uploads\/2025\/12\/IMG20251218130721-1-941x2048.jpg 941w, https:\/\/radiojadranka.hr\/wp-content\/uploads\/2025\/12\/IMG20251218130721-1-scaled.jpg 1176w\" sizes=\"(max-width: 354px) 100vw, 354px\" \/><figcaption id=\"caption-attachment-14369\" class=\"wp-caption-text\">Malena Kabalina<\/figcaption><\/figure>\n<p><iframe title=\"181225 Lena I Bruno\" width=\"100%\" height=\"120\" src=\"https:\/\/www.mixcloud.com\/widget\/iframe\/?feed=https%3A%2F%2Fwww.mixcloud.com%2Fradio_jadranka%2F181225-lena-i-bruno%2F&amp;hide_cover=1\" frameborder=\"0\" allow=\"encrypted-media; fullscreen; autoplay; idle-detection; speaker-selection; web-share;\"><\/iframe><\/p>\n<figure id=\"attachment_14370\" aria-describedby=\"caption-attachment-14370\" style=\"width: 352px\" class=\"wp-caption alignnone\"><img decoding=\"async\" class=\"wp-image-14370\" src=\"https:\/\/radiojadranka.hr\/wp-content\/uploads\/2025\/12\/IMG20251219123627-353x770.jpg\" alt=\"\" width=\"352\" height=\"768\" srcset=\"https:\/\/radiojadranka.hr\/wp-content\/uploads\/2025\/12\/IMG20251219123627-353x770.jpg 353w, https:\/\/radiojadranka.hr\/wp-content\/uploads\/2025\/12\/IMG20251219123627-537x1170.jpg 537w, https:\/\/radiojadranka.hr\/wp-content\/uploads\/2025\/12\/IMG20251219123627-768x1673.jpg 768w, https:\/\/radiojadranka.hr\/wp-content\/uploads\/2025\/12\/IMG20251219123627-705x1536.jpg 705w, https:\/\/radiojadranka.hr\/wp-content\/uploads\/2025\/12\/IMG20251219123627-940x2048.jpg 940w, https:\/\/radiojadranka.hr\/wp-content\/uploads\/2025\/12\/IMG20251219123627-scaled.jpg 1175w\" sizes=\"(max-width: 352px) 100vw, 352px\" \/><figcaption id=\"caption-attachment-14370\" class=\"wp-caption-text\">Bruno Neki\u0107 i Lena Koharovi\u0107<\/figcaption><\/figure>\n<p><iframe title=\"201225 Sali Sagani\u0107\" width=\"100%\" height=\"120\" src=\"https:\/\/www.mixcloud.com\/widget\/iframe\/?feed=https%3A%2F%2Fwww.mixcloud.com%2Fradio_jadranka%2F201225-sali-sagani%25C4%2587%2F&amp;hide_cover=1\" frameborder=\"0\" allow=\"encrypted-media; fullscreen; autoplay; idle-detection; speaker-selection; web-share;\"><\/iframe><\/p>\n<figure id=\"attachment_14373\" aria-describedby=\"caption-attachment-14373\" style=\"width: 770px\" class=\"wp-caption alignnone\"><img decoding=\"async\" class=\"wp-image-14373 size-medium\" src=\"https:\/\/radiojadranka.hr\/wp-content\/uploads\/2025\/12\/IMG20251220111039-770x354.jpg\" alt=\"\" width=\"770\" height=\"354\" srcset=\"https:\/\/radiojadranka.hr\/wp-content\/uploads\/2025\/12\/IMG20251220111039-770x354.jpg 770w, https:\/\/radiojadranka.hr\/wp-content\/uploads\/2025\/12\/IMG20251220111039-1170x537.jpg 1170w, https:\/\/radiojadranka.hr\/wp-content\/uploads\/2025\/12\/IMG20251220111039-768x353.jpg 768w, https:\/\/radiojadranka.hr\/wp-content\/uploads\/2025\/12\/IMG20251220111039-1536x705.jpg 1536w, https:\/\/radiojadranka.hr\/wp-content\/uploads\/2025\/12\/IMG20251220111039-2048x941.jpg 2048w\" sizes=\"(max-width: 770px) 100vw, 770px\" \/><figcaption id=\"caption-attachment-14373\" class=\"wp-caption-text\">Sali Sagani\u0107<\/figcaption><\/figure>\n<p><iframe title=\"211225 Loren I Martin\" width=\"100%\" height=\"120\" src=\"https:\/\/www.mixcloud.com\/widget\/iframe\/?feed=https%3A%2F%2Fwww.mixcloud.com%2Fradio_jadranka%2F211225-loren-i-martin%2F&amp;hide_cover=1\" frameborder=\"0\" allow=\"encrypted-media; fullscreen; autoplay; idle-detection; speaker-selection; web-share;\"><\/iframe><\/p>\n<figure style=\"width: 354px\" class=\"wp-caption alignnone\"><img loading=\"lazy\" decoding=\"async\" class=\"wp-image-14371 size-medium\" src=\"https:\/\/radiojadranka.hr\/wp-content\/uploads\/2025\/12\/IMG20251221113817-354x770.jpg\" alt=\"\" width=\"354\" height=\"770\" srcset=\"https:\/\/radiojadranka.hr\/wp-content\/uploads\/2025\/12\/IMG20251221113817-354x770.jpg 354w, https:\/\/radiojadranka.hr\/wp-content\/uploads\/2025\/12\/IMG20251221113817-537x1170.jpg 537w, https:\/\/radiojadranka.hr\/wp-content\/uploads\/2025\/12\/IMG20251221113817-768x1672.jpg 768w, https:\/\/radiojadranka.hr\/wp-content\/uploads\/2025\/12\/IMG20251221113817-705x1536.jpg 705w, https:\/\/radiojadranka.hr\/wp-content\/uploads\/2025\/12\/IMG20251221113817-941x2048.jpg 941w, https:\/\/radiojadranka.hr\/wp-content\/uploads\/2025\/12\/IMG20251221113817-scaled.jpg 1176w\" sizes=\"(max-width: 354px) 100vw, 354px\" \/><figcaption class=\"wp-caption-text\">Martin Toi\u0107 i Loren Bili\u0107<\/figcaption><\/figure>\n<p>&nbsp;<\/p>\n<p><iframe title=\"221225 3a\" width=\"100%\" height=\"120\" src=\"https:\/\/www.mixcloud.com\/widget\/iframe\/?feed=https%3A%2F%2Fwww.mixcloud.com%2Fradio_jadranka%2F221225-3a%2F&amp;hide_cover=1\" frameborder=\"0\" allow=\"encrypted-media; fullscreen; autoplay; idle-detection; speaker-selection; web-share;\"><\/iframe><\/p>\n<figure id=\"attachment_14372\" aria-describedby=\"caption-attachment-14372\" style=\"width: 353px\" class=\"wp-caption alignnone\"><img loading=\"lazy\" decoding=\"async\" class=\"wp-image-14372 size-medium\" src=\"https:\/\/radiojadranka.hr\/wp-content\/uploads\/2025\/12\/IMG20251222130027-353x770.jpg\" alt=\"\" width=\"353\" height=\"770\" srcset=\"https:\/\/radiojadranka.hr\/wp-content\/uploads\/2025\/12\/IMG20251222130027-353x770.jpg 353w, https:\/\/radiojadranka.hr\/wp-content\/uploads\/2025\/12\/IMG20251222130027-537x1170.jpg 537w, https:\/\/radiojadranka.hr\/wp-content\/uploads\/2025\/12\/IMG20251222130027-768x1673.jpg 768w, https:\/\/radiojadranka.hr\/wp-content\/uploads\/2025\/12\/IMG20251222130027-705x1536.jpg 705w, https:\/\/radiojadranka.hr\/wp-content\/uploads\/2025\/12\/IMG20251222130027-940x2048.jpg 940w, https:\/\/radiojadranka.hr\/wp-content\/uploads\/2025\/12\/IMG20251222130027-scaled.jpg 1175w\" sizes=\"(max-width: 353px) 100vw, 353px\" \/><figcaption id=\"caption-attachment-14372\" class=\"wp-caption-text\">Stina Dragoslavi\u0107 iz ekipe 3a<\/figcaption><\/figure>\n","protected":false},"excerpt":{"rendered":"<p>Nekoliko dana u jednoj objavi! Danas su s nama bili u\u010denici 3a razreda, &nbsp; Malena Kabalin &nbsp;<\/p>\n","protected":false},"author":2,"featured_media":14371,"comment_status":"closed","ping_status":"open","sticky":false,"template":"","format":"audio","meta":{"footnotes":""},"categories":[72],"tags":[],"class_list":["post-14368","post","type-post","status-publish","format-audio","has-post-thumbnail","hentry","category-vijesti","post_format-post-format-audio"],"aioseo_notices":[],"_links":{"self":[{"href":"https:\/\/radiojadranka.hr\/index.php\/wp-json\/wp\/v2\/posts\/14368","targetHints":{"allow":["GET"]}}],"collection":[{"href":"https:\/\/radiojadranka.hr\/index.php\/wp-json\/wp\/v2\/posts"}],"about":[{"href":"https:\/\/radiojadranka.hr\/index.php\/wp-json\/wp\/v2\/types\/post"}],"author":[{"embeddable":true,"href":"https:\/\/radiojadranka.hr\/index.php\/wp-json\/wp\/v2\/users\/2"}],"replies":[{"embeddable":true,"href":"https:\/\/radiojadranka.hr\/index.php\/wp-json\/wp\/v2\/comments?post=14368"}],"version-history":[{"count":5,"href":"https:\/\/radiojadranka.hr\/index.php\/wp-json\/wp\/v2\/posts\/14368\/revisions"}],"predecessor-version":[{"id":14380,"href":"https:\/\/radiojadranka.hr\/index.php\/wp-json\/wp\/v2\/posts\/14368\/revisions\/14380"}],"wp:featuredmedia":[{"embeddable":true,"href":"https:\/\/radiojadranka.hr\/index.php\/wp-json\/wp\/v2\/media\/14371"}],"wp:attachment":[{"href":"https:\/\/radiojadranka.hr\/index.php\/wp-json\/wp\/v2\/media?parent=14368"}],"wp:term":[{"taxonomy":"category","embeddable":true,"href":"https:\/\/radiojadranka.hr\/index.php\/wp-json\/wp\/v2\/categories?post=14368"},{"taxonomy":"post_tag","embeddable":true,"href":"https:\/\/radiojadranka.hr\/index.php\/wp-json\/wp\/v2\/tags?post=14368"}],"curies":[{"name":"wp","href":"https:\/\/api.w.org\/{rel}","templated":true}]}}