{"id":14347,"date":"2025-12-19T10:05:38","date_gmt":"2025-12-19T09:05:38","guid":{"rendered":"https:\/\/radiojadranka.hr\/?p=14347"},"modified":"2025-12-19T10:06:45","modified_gmt":"2025-12-19T09:06:45","slug":"radovi-na-zupnoj-crkvi-su-zavrsili-u-nedjelju-u-1030-blagoslov","status":"publish","type":"post","link":"https:\/\/radiojadranka.hr\/index.php\/2025\/12\/19\/radovi-na-zupnoj-crkvi-su-zavrsili-u-nedjelju-u-1030-blagoslov\/","title":{"rendered":"Radovi na \u017eupnoj crkvi su zavr\u0161ili, u nedjelju u 10:30 blagoslov!"},"content":{"rendered":"<p>U programu na\u0161eg radija gostovao je Don Roberto Zubovi\u0107 \u017eupnik malolo\u0161injske \u017eupe Ro\u0111enja Bla\u017eene Djevice Marije, a emisiju smo posvetili radovima na ure\u0111enju crkve uo\u0107i 350 godi\u0161njice od po\u010detka njezine izgradnje. Zahvalio se \u017eupnik svima koji su pomogli i darovali za ure\u0111enje \u017eupne crkve.\u00a0 Sljede\u0107a godina u kojoj \u0107e se obilje\u017eavati 350 obljetnica, nosit \u0107e slogan &#8220;Gradimo \u017eivu crkvu&#8221; 1676&#8211;2026. U tjednu koji je pred nama, u 10,30 u ponedjeljak \u0107e \u017eupnik gostovati u na\u0161em programu, te \u0107emo najaviti euharistijska slavlja i obrede ovog Bo\u017ei\u0107a!<\/p>\n<p>&nbsp;<\/p>\n<p><iframe title=\"181225 Don Roberto Zubovic\" width=\"100%\" height=\"120\" src=\"https:\/\/www.mixcloud.com\/widget\/iframe\/?feed=https%3A%2F%2Fwww.mixcloud.com%2Fradio_jadranka%2F181225-don-roberto-zubovic%2F&amp;hide_cover=1\" frameborder=\"0\" allow=\"encrypted-media; fullscreen; autoplay; idle-detection; speaker-selection; web-share;\"><\/iframe><\/p>\n<p><img fetchpriority=\"high\" decoding=\"async\" class=\"alignnone wp-image-14358 size-medium\" src=\"https:\/\/radiojadranka.hr\/wp-content\/uploads\/2025\/12\/IMG20251218120432-scaled-e1766135115689-569x770.jpg\" alt=\"\" width=\"569\" height=\"770\" srcset=\"https:\/\/radiojadranka.hr\/wp-content\/uploads\/2025\/12\/IMG20251218120432-scaled-e1766135115689-569x770.jpg 569w, https:\/\/radiojadranka.hr\/wp-content\/uploads\/2025\/12\/IMG20251218120432-scaled-e1766135115689-865x1170.jpg 865w, https:\/\/radiojadranka.hr\/wp-content\/uploads\/2025\/12\/IMG20251218120432-scaled-e1766135115689-768x1039.jpg 768w, https:\/\/radiojadranka.hr\/wp-content\/uploads\/2025\/12\/IMG20251218120432-scaled-e1766135115689-1135x1536.jpg 1135w, https:\/\/radiojadranka.hr\/wp-content\/uploads\/2025\/12\/IMG20251218120432-scaled-e1766135115689.jpg 1173w\" sizes=\"(max-width: 569px) 100vw, 569px\" \/><\/p>\n","protected":false},"excerpt":{"rendered":"<p>U programu na\u0161eg radija gostovao je Don Roberto Zubovi\u0107 \u017eupnik malolo\u0161injske \u017eupe Ro\u0111enja Bla\u017eene Djevice Marije, a emisiju smo posvetili radovima na ure\u0111enju crkve uo\u0107i 350 godi\u0161njice od po\u010detka njezine izgradnje. Zahvalio se \u017eupnik svima koji su pomogli i darovali za ure\u0111enje \u017eupne crkve.\u00a0 Sljede\u0107a godina u kojoj \u0107e se ...<\/p>\n","protected":false},"author":2,"featured_media":14356,"comment_status":"closed","ping_status":"open","sticky":false,"template":"","format":"audio","meta":{"footnotes":""},"categories":[72],"tags":[],"class_list":["post-14347","post","type-post","status-publish","format-audio","has-post-thumbnail","hentry","category-vijesti","post_format-post-format-audio"],"aioseo_notices":[],"_links":{"self":[{"href":"https:\/\/radiojadranka.hr\/index.php\/wp-json\/wp\/v2\/posts\/14347","targetHints":{"allow":["GET"]}}],"collection":[{"href":"https:\/\/radiojadranka.hr\/index.php\/wp-json\/wp\/v2\/posts"}],"about":[{"href":"https:\/\/radiojadranka.hr\/index.php\/wp-json\/wp\/v2\/types\/post"}],"author":[{"embeddable":true,"href":"https:\/\/radiojadranka.hr\/index.php\/wp-json\/wp\/v2\/users\/2"}],"replies":[{"embeddable":true,"href":"https:\/\/radiojadranka.hr\/index.php\/wp-json\/wp\/v2\/comments?post=14347"}],"version-history":[{"count":2,"href":"https:\/\/radiojadranka.hr\/index.php\/wp-json\/wp\/v2\/posts\/14347\/revisions"}],"predecessor-version":[{"id":14361,"href":"https:\/\/radiojadranka.hr\/index.php\/wp-json\/wp\/v2\/posts\/14347\/revisions\/14361"}],"wp:featuredmedia":[{"embeddable":true,"href":"https:\/\/radiojadranka.hr\/index.php\/wp-json\/wp\/v2\/media\/14356"}],"wp:attachment":[{"href":"https:\/\/radiojadranka.hr\/index.php\/wp-json\/wp\/v2\/media?parent=14347"}],"wp:term":[{"taxonomy":"category","embeddable":true,"href":"https:\/\/radiojadranka.hr\/index.php\/wp-json\/wp\/v2\/categories?post=14347"},{"taxonomy":"post_tag","embeddable":true,"href":"https:\/\/radiojadranka.hr\/index.php\/wp-json\/wp\/v2\/tags?post=14347"}],"curies":[{"name":"wp","href":"https:\/\/api.w.org\/{rel}","templated":true}]}}