{"id":14325,"date":"2025-12-17T19:56:47","date_gmt":"2025-12-17T18:56:47","guid":{"rendered":"https:\/\/radiojadranka.hr\/?p=14325"},"modified":"2025-12-17T19:58:02","modified_gmt":"2025-12-17T18:58:02","slug":"donosimo-pricu-o-dvije-skure-s-nase-adventske-kucice-danas-je-s-nama-bila-mara-begic-a-jucer-cijeli-2b-razred","status":"publish","type":"post","link":"https:\/\/radiojadranka.hr\/index.php\/2025\/12\/17\/donosimo-pricu-o-dvije-skure-s-nase-adventske-kucice-danas-je-s-nama-bila-mara-begic-a-jucer-cijeli-2b-razred\/","title":{"rendered":"Donosimo pri\u010du o dvije \u0161kure s na\u0161e adventske ku\u0107ice! Danas je s nama bila Mara Begi\u0107 a ju\u010der cijeli 2b razred"},"content":{"rendered":"<p>Jo\u0161 sedam \u0161kura treba skinuti do Bo\u017ei\u0107a! Izbrojala je tako na\u0161a dana\u0161nja slikarica Mara Begi\u0107! Skinuli smo jo\u0161 dvije \u0161kure! Ju\u010der su s nama bili u\u010denici 2b razreda i \u010dasna sestra Katarina Miki\u0107 a danas Mara! Zanimljive informacije o adventu i Bo\u017ei\u0107u smo doznali! Poslu\u0161ajte<\/p>\n<p><img decoding=\"async\" class=\"alignnone wp-image-14326\" src=\"https:\/\/radiojadranka.hr\/wp-content\/uploads\/2025\/12\/IMG20251217130815-353x770.jpg\" alt=\"\" width=\"144\" height=\"314\" srcset=\"https:\/\/radiojadranka.hr\/wp-content\/uploads\/2025\/12\/IMG20251217130815-353x770.jpg 353w, https:\/\/radiojadranka.hr\/wp-content\/uploads\/2025\/12\/IMG20251217130815-537x1170.jpg 537w, https:\/\/radiojadranka.hr\/wp-content\/uploads\/2025\/12\/IMG20251217130815-768x1674.jpg 768w, https:\/\/radiojadranka.hr\/wp-content\/uploads\/2025\/12\/IMG20251217130815-705x1536.jpg 705w, https:\/\/radiojadranka.hr\/wp-content\/uploads\/2025\/12\/IMG20251217130815.jpg 921w\" sizes=\"(max-width: 144px) 100vw, 144px\" \/><\/p>\n<p><iframe title=\"171225 Mara Begi\u0107\" width=\"100%\" height=\"120\" src=\"https:\/\/www.mixcloud.com\/widget\/iframe\/?feed=https%3A%2F%2Fwww.mixcloud.com%2Fradio_jadranka%2F171225-mara-begi%25C4%2587%2F&amp;hide_cover=1\" frameborder=\"0\" allow=\"encrypted-media; fullscreen; autoplay; idle-detection; speaker-selection; web-share;\"><\/iframe><\/p>\n<div id='gallery-1' class='gallery galleryid-14325 gallery-columns-3 gallery-size-thumbnail'><figure class='gallery-item'>\n\t\t\t<div class='gallery-icon portrait'>\n\t\t\t\t<a href='https:\/\/radiojadranka.hr\/index.php\/2025\/12\/17\/donosimo-pricu-o-dvije-skure-s-nase-adventske-kucice-danas-je-s-nama-bila-mara-begic-a-jucer-cijeli-2b-razred\/img20251216130620\/'><img decoding=\"async\" width=\"150\" height=\"150\" src=\"https:\/\/radiojadranka.hr\/wp-content\/uploads\/2025\/12\/IMG20251216130620-150x150.jpg\" class=\"attachment-thumbnail size-thumbnail\" alt=\"\" srcset=\"https:\/\/radiojadranka.hr\/wp-content\/uploads\/2025\/12\/IMG20251216130620-150x150.jpg 150w, https:\/\/radiojadranka.hr\/wp-content\/uploads\/2025\/12\/IMG20251216130620-100x100.jpg 100w, https:\/\/radiojadranka.hr\/wp-content\/uploads\/2025\/12\/IMG20251216130620-370x370.jpg 370w\" sizes=\"(max-width: 150px) 100vw, 150px\" \/><\/a>\n\t\t\t<\/div><\/figure><figure class='gallery-item'>\n\t\t\t<div class='gallery-icon portrait'>\n\t\t\t\t<a href='https:\/\/radiojadranka.hr\/index.php\/2025\/12\/17\/donosimo-pricu-o-dvije-skure-s-nase-adventske-kucice-danas-je-s-nama-bila-mara-begic-a-jucer-cijeli-2b-razred\/img20251216130517-2\/'><img decoding=\"async\" width=\"150\" height=\"150\" src=\"https:\/\/radiojadranka.hr\/wp-content\/uploads\/2025\/12\/IMG20251216130517-1-150x150.jpg\" class=\"attachment-thumbnail size-thumbnail\" alt=\"\" srcset=\"https:\/\/radiojadranka.hr\/wp-content\/uploads\/2025\/12\/IMG20251216130517-1-150x150.jpg 150w, https:\/\/radiojadranka.hr\/wp-content\/uploads\/2025\/12\/IMG20251216130517-1-100x100.jpg 100w, https:\/\/radiojadranka.hr\/wp-content\/uploads\/2025\/12\/IMG20251216130517-1-370x370.jpg 370w\" sizes=\"(max-width: 150px) 100vw, 150px\" \/><\/a>\n\t\t\t<\/div><\/figure><figure class='gallery-item'>\n\t\t\t<div class='gallery-icon landscape'>\n\t\t\t\t<a href='https:\/\/radiojadranka.hr\/index.php\/2025\/12\/17\/donosimo-pricu-o-dvije-skure-s-nase-adventske-kucice-danas-je-s-nama-bila-mara-begic-a-jucer-cijeli-2b-razred\/img20251216131938\/'><img loading=\"lazy\" decoding=\"async\" width=\"150\" height=\"150\" src=\"https:\/\/radiojadranka.hr\/wp-content\/uploads\/2025\/12\/IMG20251216131938-150x150.jpg\" class=\"attachment-thumbnail size-thumbnail\" alt=\"\" srcset=\"https:\/\/radiojadranka.hr\/wp-content\/uploads\/2025\/12\/IMG20251216131938-150x150.jpg 150w, https:\/\/radiojadranka.hr\/wp-content\/uploads\/2025\/12\/IMG20251216131938-100x100.jpg 100w, https:\/\/radiojadranka.hr\/wp-content\/uploads\/2025\/12\/IMG20251216131938-370x370.jpg 370w\" sizes=\"(max-width: 150px) 100vw, 150px\" \/><\/a>\n\t\t\t<\/div><\/figure>\n\t\t<\/div>\n\n<p>&nbsp;<\/p>\n<p><iframe title=\"161225 2b Razred\" width=\"100%\" height=\"120\" src=\"https:\/\/www.mixcloud.com\/widget\/iframe\/?feed=https%3A%2F%2Fwww.mixcloud.com%2Fradio_jadranka%2F161225-2b-razred%2F&amp;hide_cover=1\" frameborder=\"0\" allow=\"encrypted-media; fullscreen; autoplay; idle-detection; speaker-selection; web-share;\"><\/iframe><\/p>\n","protected":false},"excerpt":{"rendered":"<p>Jo\u0161 sedam \u0161kura treba skinuti do Bo\u017ei\u0107a! Izbrojala je tako na\u0161a dana\u0161nja slikarica Mara Begi\u0107! Skinuli smo jo\u0161 dvije \u0161kure! Ju\u010der su s nama bili u\u010denici 2b razreda i \u010dasna sestra Katarina Miki\u0107 a danas Mara! Zanimljive informacije o adventu i Bo\u017ei\u0107u smo doznali! Poslu\u0161ajte &nbsp;<\/p>\n","protected":false},"author":2,"featured_media":14326,"comment_status":"closed","ping_status":"open","sticky":false,"template":"","format":"audio","meta":{"footnotes":""},"categories":[72],"tags":[],"class_list":["post-14325","post","type-post","status-publish","format-audio","has-post-thumbnail","hentry","category-vijesti","post_format-post-format-audio"],"aioseo_notices":[],"_links":{"self":[{"href":"https:\/\/radiojadranka.hr\/index.php\/wp-json\/wp\/v2\/posts\/14325","targetHints":{"allow":["GET"]}}],"collection":[{"href":"https:\/\/radiojadranka.hr\/index.php\/wp-json\/wp\/v2\/posts"}],"about":[{"href":"https:\/\/radiojadranka.hr\/index.php\/wp-json\/wp\/v2\/types\/post"}],"author":[{"embeddable":true,"href":"https:\/\/radiojadranka.hr\/index.php\/wp-json\/wp\/v2\/users\/2"}],"replies":[{"embeddable":true,"href":"https:\/\/radiojadranka.hr\/index.php\/wp-json\/wp\/v2\/comments?post=14325"}],"version-history":[{"count":1,"href":"https:\/\/radiojadranka.hr\/index.php\/wp-json\/wp\/v2\/posts\/14325\/revisions"}],"predecessor-version":[{"id":14330,"href":"https:\/\/radiojadranka.hr\/index.php\/wp-json\/wp\/v2\/posts\/14325\/revisions\/14330"}],"wp:featuredmedia":[{"embeddable":true,"href":"https:\/\/radiojadranka.hr\/index.php\/wp-json\/wp\/v2\/media\/14326"}],"wp:attachment":[{"href":"https:\/\/radiojadranka.hr\/index.php\/wp-json\/wp\/v2\/media?parent=14325"}],"wp:term":[{"taxonomy":"category","embeddable":true,"href":"https:\/\/radiojadranka.hr\/index.php\/wp-json\/wp\/v2\/categories?post=14325"},{"taxonomy":"post_tag","embeddable":true,"href":"https:\/\/radiojadranka.hr\/index.php\/wp-json\/wp\/v2\/tags?post=14325"}],"curies":[{"name":"wp","href":"https:\/\/api.w.org\/{rel}","templated":true}]}}