{"id":14307,"date":"2025-12-16T15:09:55","date_gmt":"2025-12-16T14:09:55","guid":{"rendered":"https:\/\/radiojadranka.hr\/?p=14307"},"modified":"2025-12-16T15:19:38","modified_gmt":"2025-12-16T14:19:38","slug":"deset-ekipa-na-bozicnom-humanitarnom-malonogometnom-turniru-i-jos-puno-drugih-najava-antonio-bujacic","status":"publish","type":"post","link":"https:\/\/radiojadranka.hr\/index.php\/2025\/12\/16\/deset-ekipa-na-bozicnom-humanitarnom-malonogometnom-turniru-i-jos-puno-drugih-najava-antonio-bujacic\/","title":{"rendered":"Deset ekipa na Bo\u017ei\u0107nom humanitarnom malonogometnom turniru, i jo\u0161 puno drugih najava &#8211;  Antonio Buja\u010di\u0107"},"content":{"rendered":"<p>Od malonogometnog turnira, stad-up-a sve do Savjeta mladih, sve to bile su teme dana\u0161njeg razgovora s Antoniom Buja\u010di\u0107em!<\/p>\n<p><iframe title=\"161225 Blitz Antonio Bujacic\" width=\"100%\" height=\"120\" src=\"https:\/\/www.mixcloud.com\/widget\/iframe\/?feed=https%3A%2F%2Fwww.mixcloud.com%2Fradio_jadranka%2F161225-blitz-antonio-bujacic%2F&amp;hide_cover=1\" frameborder=\"0\" allow=\"encrypted-media; fullscreen; autoplay; idle-detection; speaker-selection; web-share;\"><\/iframe><\/p>\n<figure id=\"attachment_14314\" aria-describedby=\"caption-attachment-14314\" style=\"width: 353px\" class=\"wp-caption alignnone\"><img fetchpriority=\"high\" decoding=\"async\" class=\"size-medium wp-image-14314\" src=\"https:\/\/radiojadranka.hr\/wp-content\/uploads\/2025\/12\/IMG20251216123252-353x770.jpg\" alt=\"\" width=\"353\" height=\"770\" srcset=\"https:\/\/radiojadranka.hr\/wp-content\/uploads\/2025\/12\/IMG20251216123252-353x770.jpg 353w, https:\/\/radiojadranka.hr\/wp-content\/uploads\/2025\/12\/IMG20251216123252-537x1170.jpg 537w, https:\/\/radiojadranka.hr\/wp-content\/uploads\/2025\/12\/IMG20251216123252-768x1673.jpg 768w, https:\/\/radiojadranka.hr\/wp-content\/uploads\/2025\/12\/IMG20251216123252-705x1536.jpg 705w, https:\/\/radiojadranka.hr\/wp-content\/uploads\/2025\/12\/IMG20251216123252-940x2048.jpg 940w, https:\/\/radiojadranka.hr\/wp-content\/uploads\/2025\/12\/IMG20251216123252-scaled.jpg 1175w\" sizes=\"(max-width: 353px) 100vw, 353px\" \/><figcaption id=\"caption-attachment-14314\" class=\"wp-caption-text\">oplus_136314912<\/figcaption><\/figure>\n","protected":false},"excerpt":{"rendered":"<p>Od malonogometnog turnira, stad-up-a sve do Savjeta mladih, sve to bile su teme dana\u0161njeg razgovora s Antoniom Buja\u010di\u0107em!<\/p>\n","protected":false},"author":2,"featured_media":14311,"comment_status":"closed","ping_status":"open","sticky":false,"template":"","format":"audio","meta":{"footnotes":""},"categories":[72],"tags":[],"class_list":["post-14307","post","type-post","status-publish","format-audio","has-post-thumbnail","hentry","category-vijesti","post_format-post-format-audio"],"aioseo_notices":[],"_links":{"self":[{"href":"https:\/\/radiojadranka.hr\/index.php\/wp-json\/wp\/v2\/posts\/14307","targetHints":{"allow":["GET"]}}],"collection":[{"href":"https:\/\/radiojadranka.hr\/index.php\/wp-json\/wp\/v2\/posts"}],"about":[{"href":"https:\/\/radiojadranka.hr\/index.php\/wp-json\/wp\/v2\/types\/post"}],"author":[{"embeddable":true,"href":"https:\/\/radiojadranka.hr\/index.php\/wp-json\/wp\/v2\/users\/2"}],"replies":[{"embeddable":true,"href":"https:\/\/radiojadranka.hr\/index.php\/wp-json\/wp\/v2\/comments?post=14307"}],"version-history":[{"count":1,"href":"https:\/\/radiojadranka.hr\/index.php\/wp-json\/wp\/v2\/posts\/14307\/revisions"}],"predecessor-version":[{"id":14320,"href":"https:\/\/radiojadranka.hr\/index.php\/wp-json\/wp\/v2\/posts\/14307\/revisions\/14320"}],"wp:featuredmedia":[{"embeddable":true,"href":"https:\/\/radiojadranka.hr\/index.php\/wp-json\/wp\/v2\/media\/14311"}],"wp:attachment":[{"href":"https:\/\/radiojadranka.hr\/index.php\/wp-json\/wp\/v2\/media?parent=14307"}],"wp:term":[{"taxonomy":"category","embeddable":true,"href":"https:\/\/radiojadranka.hr\/index.php\/wp-json\/wp\/v2\/categories?post=14307"},{"taxonomy":"post_tag","embeddable":true,"href":"https:\/\/radiojadranka.hr\/index.php\/wp-json\/wp\/v2\/tags?post=14307"}],"curies":[{"name":"wp","href":"https:\/\/api.w.org\/{rel}","templated":true}]}}