{"id":14260,"date":"2025-12-11T15:05:05","date_gmt":"2025-12-11T14:05:05","guid":{"rendered":"https:\/\/radiojadranka.hr\/?p=14260"},"modified":"2025-12-11T15:05:05","modified_gmt":"2025-12-11T14:05:05","slug":"gospodi-elzi-cicic-urucen-prijenosni-koncentrator-kisika","status":"publish","type":"post","link":"https:\/\/radiojadranka.hr\/index.php\/2025\/12\/11\/gospodi-elzi-cicic-urucen-prijenosni-koncentrator-kisika\/","title":{"rendered":"Gospo\u0111i Elzi \u010ci\u010di\u0107 uru\u010den prijenosni koncentrator kisika!"},"content":{"rendered":"<p>Prenosimo priop\u0107enje Gradskog dru\u0161tva Crvenog kri\u017ea grada Malog Lo\u0161inja:<\/p>\n<p>&#8221;<\/p>\n<div id='gallery-1' class='gallery galleryid-14260 gallery-columns-3 gallery-size-thumbnail'><figure class='gallery-item'>\n\t\t\t<div class='gallery-icon landscape'>\n\t\t\t\t<a href='https:\/\/radiojadranka.hr\/index.php\/2025\/12\/11\/gospodi-elzi-cicic-urucen-prijenosni-koncentrator-kisika\/img_20251211_120216\/'><img decoding=\"async\" width=\"150\" height=\"150\" src=\"https:\/\/radiojadranka.hr\/wp-content\/uploads\/2025\/12\/IMG_20251211_120216-150x150.jpg\" class=\"attachment-thumbnail size-thumbnail\" alt=\"\" srcset=\"https:\/\/radiojadranka.hr\/wp-content\/uploads\/2025\/12\/IMG_20251211_120216-150x150.jpg 150w, https:\/\/radiojadranka.hr\/wp-content\/uploads\/2025\/12\/IMG_20251211_120216-100x100.jpg 100w, https:\/\/radiojadranka.hr\/wp-content\/uploads\/2025\/12\/IMG_20251211_120216-370x370.jpg 370w\" sizes=\"(max-width: 150px) 100vw, 150px\" \/><\/a>\n\t\t\t<\/div><\/figure><figure class='gallery-item'>\n\t\t\t<div class='gallery-icon landscape'>\n\t\t\t\t<a href='https:\/\/radiojadranka.hr\/index.php\/2025\/12\/11\/gospodi-elzi-cicic-urucen-prijenosni-koncentrator-kisika\/img_20251211_101731\/'><img decoding=\"async\" width=\"150\" height=\"150\" src=\"https:\/\/radiojadranka.hr\/wp-content\/uploads\/2025\/12\/IMG_20251211_101731-150x150.jpg\" class=\"attachment-thumbnail size-thumbnail\" alt=\"\" srcset=\"https:\/\/radiojadranka.hr\/wp-content\/uploads\/2025\/12\/IMG_20251211_101731-150x150.jpg 150w, https:\/\/radiojadranka.hr\/wp-content\/uploads\/2025\/12\/IMG_20251211_101731-100x100.jpg 100w, https:\/\/radiojadranka.hr\/wp-content\/uploads\/2025\/12\/IMG_20251211_101731-370x370.jpg 370w\" sizes=\"(max-width: 150px) 100vw, 150px\" \/><\/a>\n\t\t\t<\/div><\/figure>\n\t\t<\/div>\n\n<p>Pun emocija i duboke zahvalnosti, nakon dugog razdoblja i\u0161\u010dekivanja, do\u010dekali smo dan koji \u0107e zauvijek ostati urezan u na\u0161a sje\u0107anja. Dan kada je na\u0161a draga teta Elza, nakon godina provedenih unutar \u010detiri zida, napokon mogla u\u010diniti ono o \u010demu je tek tiho ma\u0161tala. Izi\u0161la je na svoju terasu, prvi put nakon dugo vremena, udahnula svje\u017einu jutra, osjetila miris mora koji se uvla\u010di me\u0111u ku\u0107e i dotaknula svoju predivnu naran\u010du u vrtu \u2013 ba\u0161 onu koja je godinama rasla zajedno s njezinom nadom, strpljivo \u010dekaju\u0107i trenutak kada \u0107e je ponovno mo\u0107i dodirnuti.<\/p>\n<p>Te\u0161ko je rije\u010dima opisati \u0161to smo toga trena osjetili. Srce se \u0161irilo, o\u010di su se punile suzama, a du\u0161a se ispunila neopisivom toplinom. Sve to postalo je mogu\u0107e zahvaljuju\u0107i vama, dragim ljudima otoka Lo\u0161inja i Cresa \u2013 va\u0161em srcu koje prepoznaje nevolju, va\u0161oj dobroti koja ne pita i va\u0161oj solidarnosti koja stvara \u010duda u najti\u0161im trenucima na\u0161ih \u017eivota. Upravo sada, u ovo doba godine kada se ra\u0111aju svjetlost i nada, vi ste omogu\u0107ili da se dogodi jedno malo, ali golemo \u010dudo.<\/p>\n<p>\u010cesto zaboravimo da je disanje dar. Udi\u0161emo i izdi\u0161emo automatski, ne razmi\u0161ljaju\u0107i o tome koliko je svaki dah dragocjen. No tek kada dah postane te\u017eak, kada nas nevidljiva borba oslabi i kada zrak postane ne\u0161to za \u0161to molimo, shvatimo koliko smo krhki. Danas jedna osoba ponovno di\u0161e slobodno \u2013 bez duga\u010dke kanile, bez ograni\u010denja, bez bojazni da ne\u0107e mo\u0107i do bolnice. Danas teta Elza di\u0161e \u017eivot, a ne teret.<\/p>\n<p>Hrvatski Crveni kri\u017e \u2013 Gradsko dru\u0161tvo Crvenog kri\u017ea Mali Lo\u0161inj, na temelju Rje\u0161enja Primorsko-goranske \u017eupanije, Upravnog odjela za socijalnu politiku i mlade<\/p>\n<p>KLASA: UP\/I-421-04\/25-01\/20, URBROJ: 2170-10-03\/2-25-6 od 22. listopada 2025. godine,<\/p>\n<p>proveo je humanitarnu akciju \u201eSolidarnost na djelu\u201c od 1. do 25. studenoga 2025. godine.<\/p>\n<p>Akcija je pokrenuta s ciljem prikupljanja sredstava za nabavu prijenosnog koncentratora kisika za gospo\u0111u Elzu \u010ci\u010di\u0107, stariju i te\u0161ko pokretnu osobu iz Malog Lo\u0161inja. Zbog njezina te\u0161kog zdravstvenog stanja, svakodnevica joj je bila ograni\u010dena potpunom ovisno\u0161\u0107u o terapiji kisikom. Zahvaljuju\u0107i novom prijenosnom koncentratoru, njezin \u017eivot postaje sigurniji, slobodniji i dostojanstveniji \u2013 ispunjen mogu\u0107nostima koje su joj toliko dugo bile uskra\u0107ene.<\/p>\n<p>Uz nesebi\u010dnu pomo\u0107 gra\u0111ana, u\u010denika Osnovne \u0161kole Maria Martinoli\u0107a, ustanova i svih ljudi dobrog srca, prikupljeno je ukupno 2.384,12 eura.<\/p>\n<p>Od srca zahvaljujemo svim plemenitim ljudima, u\u010denicima i nastavnicima O\u0160 Maria Martinoli\u0107a te Gradu Malom Lo\u0161inju, koji su svojim doprinosom pokazali da zajedni\u0161tvo i briga jednih za druge i dalje \u017eive me\u0111u nama.<\/p>\n<p>Va\u0161a podr\u0161ka nije bila samo donacija. Bila je dar slobode. Dar dostojanstva. Dar nade. Dar \u017eivota jednoj \u017eeni koja se danas ponovno osmjehuje i di\u0161e punim plu\u0107ima. Hvala vam.<\/p>\n<p>A ono najljep\u0161e tek dolazi.<\/p>\n<p>\u010cim nam vrijeme podari jedan suh i sun\u010dan dan, nakon dugih sedam godina, odvest \u0107emo tetu Elzu do trga \u2013 da ponovno osjeti duh Bo\u017ei\u0107a i adventsku toplinu na\u0161ega grada. Da vidi svjetla, \u010duje glazbu, udahne miris zime i da joj srce ponovno zakuca ritmom \u017eivota kakav je zaslu\u017eila.<\/p>\n<p>Radosni, ganuti i duboko zahvalni, od srca vam hvala \u2013 svima vama.<\/p>\n<p>Hrvatski Crveni kri\u017e<\/p>\n<p>Gradsko dru\u0161tvo Crvenog kri\u017ea Mali Lo\u0161inj&#8221;<\/p>\n","protected":false},"excerpt":{"rendered":"<p>Prenosimo priop\u0107enje Gradskog dru\u0161tva Crvenog kri\u017ea grada Malog Lo\u0161inja: &#8221; Pun emocija i duboke zahvalnosti, nakon dugog razdoblja i\u0161\u010dekivanja, do\u010dekali smo dan koji \u0107e zauvijek ostati urezan u na\u0161a sje\u0107anja. Dan kada je na\u0161a draga teta Elza, nakon godina provedenih unutar \u010detiri zida, napokon mogla u\u010diniti ono o \u010demu je ...<\/p>\n","protected":false},"author":2,"featured_media":14261,"comment_status":"closed","ping_status":"open","sticky":false,"template":"","format":"audio","meta":{"footnotes":""},"categories":[72],"tags":[],"class_list":["post-14260","post","type-post","status-publish","format-audio","has-post-thumbnail","hentry","category-vijesti","post_format-post-format-audio"],"aioseo_notices":[],"_links":{"self":[{"href":"https:\/\/radiojadranka.hr\/index.php\/wp-json\/wp\/v2\/posts\/14260","targetHints":{"allow":["GET"]}}],"collection":[{"href":"https:\/\/radiojadranka.hr\/index.php\/wp-json\/wp\/v2\/posts"}],"about":[{"href":"https:\/\/radiojadranka.hr\/index.php\/wp-json\/wp\/v2\/types\/post"}],"author":[{"embeddable":true,"href":"https:\/\/radiojadranka.hr\/index.php\/wp-json\/wp\/v2\/users\/2"}],"replies":[{"embeddable":true,"href":"https:\/\/radiojadranka.hr\/index.php\/wp-json\/wp\/v2\/comments?post=14260"}],"version-history":[{"count":1,"href":"https:\/\/radiojadranka.hr\/index.php\/wp-json\/wp\/v2\/posts\/14260\/revisions"}],"predecessor-version":[{"id":14263,"href":"https:\/\/radiojadranka.hr\/index.php\/wp-json\/wp\/v2\/posts\/14260\/revisions\/14263"}],"wp:featuredmedia":[{"embeddable":true,"href":"https:\/\/radiojadranka.hr\/index.php\/wp-json\/wp\/v2\/media\/14261"}],"wp:attachment":[{"href":"https:\/\/radiojadranka.hr\/index.php\/wp-json\/wp\/v2\/media?parent=14260"}],"wp:term":[{"taxonomy":"category","embeddable":true,"href":"https:\/\/radiojadranka.hr\/index.php\/wp-json\/wp\/v2\/categories?post=14260"},{"taxonomy":"post_tag","embeddable":true,"href":"https:\/\/radiojadranka.hr\/index.php\/wp-json\/wp\/v2\/tags?post=14260"}],"curies":[{"name":"wp","href":"https:\/\/api.w.org\/{rel}","templated":true}]}}