{"id":14192,"date":"2025-12-03T15:08:46","date_gmt":"2025-12-03T14:08:46","guid":{"rendered":"https:\/\/radiojadranka.hr\/?p=14192"},"modified":"2025-12-03T15:11:04","modified_gmt":"2025-12-03T14:11:04","slug":"djeca-otkrivaju-svakog-dana-u-13-sati-adventski-kalendar-naseg-radija","status":"publish","type":"post","link":"https:\/\/radiojadranka.hr\/index.php\/2025\/12\/03\/djeca-otkrivaju-svakog-dana-u-13-sati-adventski-kalendar-naseg-radija\/","title":{"rendered":"Djeca otkrivaju svakog dana u 13 sati adventski kalendar na\u0161eg radija!"},"content":{"rendered":"<p>Po\u010deo je advent, vrijeme godine u kojem se pripremamo za Bo\u017ei\u0107. Mi smo i ove godine na glavni trg postavili na\u0161u ku\u0107icu iz koje \u0107emo za lijepih dana emitirati na\u0161 program od 10 do 13,30. Ove godine na lijevi zid ku\u0107ice (onaj koji gleda prema Deveronu) postavili smo 24 prozora. U tim prozorima su slike koje su naslikala djeca osnovne \u0161kole u pratnji vjerou\u010diteljice \u010dasne sestre Katarine Miki\u0107. Svakog dana u 13 sati djeca \u0107e skidati \u0161kure i otkrivati svoje likovne radove. Obzirom da je danas prvi dan a ustvari kasnimo, djeca su skinula \u010dak \u010detiri \u0161kure i otkrili svoje radove. Pogledajte ih kada ste u prozlazu. Razgovarali smo o njihovim radovima i o adventu! Poslu\u0161ajte<\/p>\n<p><iframe title=\"031225 Prvi Dan Adventski Kalendar Radio Jadranke\" width=\"100%\" height=\"120\" src=\"https:\/\/www.mixcloud.com\/widget\/iframe\/?feed=https%3A%2F%2Fwww.mixcloud.com%2Fradio_jadranka%2F031225-prvi-dan-adventski-kalendar-radio-jadranke%2F&amp;hide_cover=1\" frameborder=\"0\" allow=\"encrypted-media; fullscreen; autoplay; idle-detection; speaker-selection; web-share;\"><\/iframe><\/p>\n<p>&nbsp;<\/p>\n<div id='gallery-1' class='gallery galleryid-14192 gallery-columns-3 gallery-size-thumbnail'><figure class='gallery-item'>\n\t\t\t<div class='gallery-icon landscape'>\n\t\t\t\t<a href='https:\/\/radiojadranka.hr\/index.php\/2025\/12\/03\/djeca-otkrivaju-svakog-dana-u-13-sati-adventski-kalendar-naseg-radija\/img20251203132603_01\/'><img decoding=\"async\" width=\"150\" height=\"150\" src=\"https:\/\/radiojadranka.hr\/wp-content\/uploads\/2025\/12\/IMG20251203132603_01-150x150.jpg\" class=\"attachment-thumbnail size-thumbnail\" alt=\"\" srcset=\"https:\/\/radiojadranka.hr\/wp-content\/uploads\/2025\/12\/IMG20251203132603_01-150x150.jpg 150w, https:\/\/radiojadranka.hr\/wp-content\/uploads\/2025\/12\/IMG20251203132603_01-100x100.jpg 100w, https:\/\/radiojadranka.hr\/wp-content\/uploads\/2025\/12\/IMG20251203132603_01-370x370.jpg 370w\" sizes=\"(max-width: 150px) 100vw, 150px\" \/><\/a>\n\t\t\t<\/div><\/figure><figure class='gallery-item'>\n\t\t\t<div class='gallery-icon portrait'>\n\t\t\t\t<a href='https:\/\/radiojadranka.hr\/index.php\/2025\/12\/03\/djeca-otkrivaju-svakog-dana-u-13-sati-adventski-kalendar-naseg-radija\/img20251203132510\/'><img decoding=\"async\" width=\"150\" height=\"150\" src=\"https:\/\/radiojadranka.hr\/wp-content\/uploads\/2025\/12\/IMG20251203132510-150x150.jpg\" class=\"attachment-thumbnail size-thumbnail\" alt=\"\" srcset=\"https:\/\/radiojadranka.hr\/wp-content\/uploads\/2025\/12\/IMG20251203132510-150x150.jpg 150w, https:\/\/radiojadranka.hr\/wp-content\/uploads\/2025\/12\/IMG20251203132510-100x100.jpg 100w, https:\/\/radiojadranka.hr\/wp-content\/uploads\/2025\/12\/IMG20251203132510-370x370.jpg 370w\" sizes=\"(max-width: 150px) 100vw, 150px\" \/><\/a>\n\t\t\t<\/div><\/figure><figure class='gallery-item'>\n\t\t\t<div class='gallery-icon landscape'>\n\t\t\t\t<a href='https:\/\/radiojadranka.hr\/index.php\/2025\/12\/03\/djeca-otkrivaju-svakog-dana-u-13-sati-adventski-kalendar-naseg-radija\/img20251203131950\/'><img decoding=\"async\" width=\"150\" height=\"150\" src=\"https:\/\/radiojadranka.hr\/wp-content\/uploads\/2025\/12\/IMG20251203131950-150x150.jpg\" class=\"attachment-thumbnail size-thumbnail\" alt=\"\" srcset=\"https:\/\/radiojadranka.hr\/wp-content\/uploads\/2025\/12\/IMG20251203131950-150x150.jpg 150w, https:\/\/radiojadranka.hr\/wp-content\/uploads\/2025\/12\/IMG20251203131950-100x100.jpg 100w, https:\/\/radiojadranka.hr\/wp-content\/uploads\/2025\/12\/IMG20251203131950-370x370.jpg 370w\" sizes=\"(max-width: 150px) 100vw, 150px\" \/><\/a>\n\t\t\t<\/div><\/figure><figure class='gallery-item'>\n\t\t\t<div class='gallery-icon landscape'>\n\t\t\t\t<a href='https:\/\/radiojadranka.hr\/index.php\/2025\/12\/03\/djeca-otkrivaju-svakog-dana-u-13-sati-adventski-kalendar-naseg-radija\/img20251203132059\/'><img loading=\"lazy\" decoding=\"async\" width=\"150\" height=\"150\" src=\"https:\/\/radiojadranka.hr\/wp-content\/uploads\/2025\/12\/IMG20251203132059-150x150.jpg\" class=\"attachment-thumbnail size-thumbnail\" alt=\"\" srcset=\"https:\/\/radiojadranka.hr\/wp-content\/uploads\/2025\/12\/IMG20251203132059-150x150.jpg 150w, https:\/\/radiojadranka.hr\/wp-content\/uploads\/2025\/12\/IMG20251203132059-100x100.jpg 100w, https:\/\/radiojadranka.hr\/wp-content\/uploads\/2025\/12\/IMG20251203132059-370x370.jpg 370w\" sizes=\"(max-width: 150px) 100vw, 150px\" \/><\/a>\n\t\t\t<\/div><\/figure><figure class='gallery-item'>\n\t\t\t<div class='gallery-icon portrait'>\n\t\t\t\t<a href='https:\/\/radiojadranka.hr\/index.php\/2025\/12\/03\/djeca-otkrivaju-svakog-dana-u-13-sati-adventski-kalendar-naseg-radija\/img20251203132141\/'><img loading=\"lazy\" decoding=\"async\" width=\"150\" height=\"150\" src=\"https:\/\/radiojadranka.hr\/wp-content\/uploads\/2025\/12\/IMG20251203132141-150x150.jpg\" class=\"attachment-thumbnail size-thumbnail\" alt=\"\" srcset=\"https:\/\/radiojadranka.hr\/wp-content\/uploads\/2025\/12\/IMG20251203132141-150x150.jpg 150w, https:\/\/radiojadranka.hr\/wp-content\/uploads\/2025\/12\/IMG20251203132141-100x100.jpg 100w, https:\/\/radiojadranka.hr\/wp-content\/uploads\/2025\/12\/IMG20251203132141-370x370.jpg 370w\" sizes=\"(max-width: 150px) 100vw, 150px\" \/><\/a>\n\t\t\t<\/div><\/figure><figure class='gallery-item'>\n\t\t\t<div class='gallery-icon portrait'>\n\t\t\t\t<a href='https:\/\/radiojadranka.hr\/index.php\/2025\/12\/03\/djeca-otkrivaju-svakog-dana-u-13-sati-adventski-kalendar-naseg-radija\/img20251203132234\/'><img loading=\"lazy\" decoding=\"async\" width=\"150\" height=\"150\" src=\"https:\/\/radiojadranka.hr\/wp-content\/uploads\/2025\/12\/IMG20251203132234-150x150.jpg\" class=\"attachment-thumbnail size-thumbnail\" alt=\"\" srcset=\"https:\/\/radiojadranka.hr\/wp-content\/uploads\/2025\/12\/IMG20251203132234-150x150.jpg 150w, https:\/\/radiojadranka.hr\/wp-content\/uploads\/2025\/12\/IMG20251203132234-100x100.jpg 100w, https:\/\/radiojadranka.hr\/wp-content\/uploads\/2025\/12\/IMG20251203132234-370x370.jpg 370w\" sizes=\"(max-width: 150px) 100vw, 150px\" \/><\/a>\n\t\t\t<\/div><\/figure>\n\t\t<\/div>\n\n","protected":false},"excerpt":{"rendered":"<p>Po\u010deo je advent, vrijeme godine u kojem se pripremamo za Bo\u017ei\u0107. Mi smo i ove godine na glavni trg postavili na\u0161u ku\u0107icu iz koje \u0107emo za lijepih dana emitirati na\u0161 program od 10 do 13,30. Ove godine na lijevi zid ku\u0107ice (onaj koji gleda prema Deveronu) postavili smo 24 prozora. ...<\/p>\n","protected":false},"author":2,"featured_media":14203,"comment_status":"closed","ping_status":"open","sticky":false,"template":"","format":"audio","meta":{"footnotes":""},"categories":[72],"tags":[],"class_list":["post-14192","post","type-post","status-publish","format-audio","has-post-thumbnail","hentry","category-vijesti","post_format-post-format-audio"],"aioseo_notices":[],"_links":{"self":[{"href":"https:\/\/radiojadranka.hr\/index.php\/wp-json\/wp\/v2\/posts\/14192","targetHints":{"allow":["GET"]}}],"collection":[{"href":"https:\/\/radiojadranka.hr\/index.php\/wp-json\/wp\/v2\/posts"}],"about":[{"href":"https:\/\/radiojadranka.hr\/index.php\/wp-json\/wp\/v2\/types\/post"}],"author":[{"embeddable":true,"href":"https:\/\/radiojadranka.hr\/index.php\/wp-json\/wp\/v2\/users\/2"}],"replies":[{"embeddable":true,"href":"https:\/\/radiojadranka.hr\/index.php\/wp-json\/wp\/v2\/comments?post=14192"}],"version-history":[{"count":5,"href":"https:\/\/radiojadranka.hr\/index.php\/wp-json\/wp\/v2\/posts\/14192\/revisions"}],"predecessor-version":[{"id":14205,"href":"https:\/\/radiojadranka.hr\/index.php\/wp-json\/wp\/v2\/posts\/14192\/revisions\/14205"}],"wp:featuredmedia":[{"embeddable":true,"href":"https:\/\/radiojadranka.hr\/index.php\/wp-json\/wp\/v2\/media\/14203"}],"wp:attachment":[{"href":"https:\/\/radiojadranka.hr\/index.php\/wp-json\/wp\/v2\/media?parent=14192"}],"wp:term":[{"taxonomy":"category","embeddable":true,"href":"https:\/\/radiojadranka.hr\/index.php\/wp-json\/wp\/v2\/categories?post=14192"},{"taxonomy":"post_tag","embeddable":true,"href":"https:\/\/radiojadranka.hr\/index.php\/wp-json\/wp\/v2\/tags?post=14192"}],"curies":[{"name":"wp","href":"https:\/\/api.w.org\/{rel}","templated":true}]}}