{"id":14184,"date":"2025-12-02T14:00:36","date_gmt":"2025-12-02T13:00:36","guid":{"rendered":"https:\/\/radiojadranka.hr\/?p=14184"},"modified":"2025-12-02T14:00:36","modified_gmt":"2025-12-02T13:00:36","slug":"privatni-stanodavci-do-svojih-prava-uz-okupljanj-uz-udruge-marina-dukanovic-u-saboru","status":"publish","type":"post","link":"https:\/\/radiojadranka.hr\/index.php\/2025\/12\/02\/privatni-stanodavci-do-svojih-prava-uz-okupljanj-uz-udruge-marina-dukanovic-u-saboru\/","title":{"rendered":"Privatni stanodavci do svojih prava uz okupljanj uz udruge &#8211; Marina \u0110ukanovi\u0107 u Saboru!"},"content":{"rendered":"<p>Poslu\u0161ajte zanimljivu emisiju u kojoj Marina \u0110ukanovi\u0107 upozorava na izazove privatnih stanodavaca, a o kojima je govorila u Saboru.<\/p>\n<p><iframe title=\"021225 Marina \u0110ukanovic\" width=\"100%\" height=\"120\" src=\"https:\/\/www.mixcloud.com\/widget\/iframe\/?feed=https%3A%2F%2Fwww.mixcloud.com%2Fradio_jadranka%2F021225-marina-%25C4%2591ukanovic%2F&amp;hide_cover=1\" frameborder=\"0\" allow=\"encrypted-media; fullscreen; autoplay; idle-detection; speaker-selection; web-share;\"><\/iframe><\/p>\n<p><img fetchpriority=\"high\" decoding=\"async\" class=\"alignnone size-medium wp-image-14185\" src=\"https:\/\/radiojadranka.hr\/wp-content\/uploads\/2025\/12\/IMG20251202131051-770x354.jpg\" alt=\"\" width=\"770\" height=\"354\" srcset=\"https:\/\/radiojadranka.hr\/wp-content\/uploads\/2025\/12\/IMG20251202131051-770x354.jpg 770w, https:\/\/radiojadranka.hr\/wp-content\/uploads\/2025\/12\/IMG20251202131051-1170x537.jpg 1170w, https:\/\/radiojadranka.hr\/wp-content\/uploads\/2025\/12\/IMG20251202131051-768x353.jpg 768w, https:\/\/radiojadranka.hr\/wp-content\/uploads\/2025\/12\/IMG20251202131051-1536x705.jpg 1536w, https:\/\/radiojadranka.hr\/wp-content\/uploads\/2025\/12\/IMG20251202131051.jpg 1925w\" sizes=\"(max-width: 770px) 100vw, 770px\" \/><\/p>\n","protected":false},"excerpt":{"rendered":"<p>Poslu\u0161ajte zanimljivu emisiju u kojoj Marina \u0110ukanovi\u0107 upozorava na izazove privatnih stanodavaca, a o kojima je govorila u Saboru.<\/p>\n","protected":false},"author":2,"featured_media":14185,"comment_status":"closed","ping_status":"open","sticky":false,"template":"","format":"audio","meta":{"footnotes":""},"categories":[72],"tags":[],"class_list":["post-14184","post","type-post","status-publish","format-audio","has-post-thumbnail","hentry","category-vijesti","post_format-post-format-audio"],"aioseo_notices":[],"_links":{"self":[{"href":"https:\/\/radiojadranka.hr\/index.php\/wp-json\/wp\/v2\/posts\/14184","targetHints":{"allow":["GET"]}}],"collection":[{"href":"https:\/\/radiojadranka.hr\/index.php\/wp-json\/wp\/v2\/posts"}],"about":[{"href":"https:\/\/radiojadranka.hr\/index.php\/wp-json\/wp\/v2\/types\/post"}],"author":[{"embeddable":true,"href":"https:\/\/radiojadranka.hr\/index.php\/wp-json\/wp\/v2\/users\/2"}],"replies":[{"embeddable":true,"href":"https:\/\/radiojadranka.hr\/index.php\/wp-json\/wp\/v2\/comments?post=14184"}],"version-history":[{"count":1,"href":"https:\/\/radiojadranka.hr\/index.php\/wp-json\/wp\/v2\/posts\/14184\/revisions"}],"predecessor-version":[{"id":14187,"href":"https:\/\/radiojadranka.hr\/index.php\/wp-json\/wp\/v2\/posts\/14184\/revisions\/14187"}],"wp:featuredmedia":[{"embeddable":true,"href":"https:\/\/radiojadranka.hr\/index.php\/wp-json\/wp\/v2\/media\/14185"}],"wp:attachment":[{"href":"https:\/\/radiojadranka.hr\/index.php\/wp-json\/wp\/v2\/media?parent=14184"}],"wp:term":[{"taxonomy":"category","embeddable":true,"href":"https:\/\/radiojadranka.hr\/index.php\/wp-json\/wp\/v2\/categories?post=14184"},{"taxonomy":"post_tag","embeddable":true,"href":"https:\/\/radiojadranka.hr\/index.php\/wp-json\/wp\/v2\/tags?post=14184"}],"curies":[{"name":"wp","href":"https:\/\/api.w.org\/{rel}","templated":true}]}}