{"id":14170,"date":"2025-11-28T12:01:51","date_gmt":"2025-11-28T11:01:51","guid":{"rendered":"https:\/\/radiojadranka.hr\/?p=14170"},"modified":"2025-11-28T12:01:51","modified_gmt":"2025-11-28T11:01:51","slug":"fenomeni-povezani-sa-dugovjecnosti-dr-sc-sebastijan-orlic","status":"publish","type":"post","link":"https:\/\/radiojadranka.hr\/index.php\/2025\/11\/28\/fenomeni-povezani-sa-dugovjecnosti-dr-sc-sebastijan-orlic\/","title":{"rendered":"Fenomeni povezani sa dugovje\u010dnosti &#8211; dr.sc. Sebastijan Orli\u0107"},"content":{"rendered":"<p>Sljede\u0107eg tjedna Rotary klub Lo\u0161inj donosi nam predavanje o dugovje\u010dnosti. U programu na\u0161eg radija gostovala je dr. Ana Bani\u0107 s kojom smo najavili predavanje\u00a0 dr. Sebastijana Orli\u0107a. Odr\u017eat \u0107e se u utorak, 2.prosinca 2025. u muzeju Apoksiomena. Zanimljiva tema, poslu\u0161ajte emisiju&#8230;.<\/p>\n<p><iframe title=\"291125 Rotary Lo\u0161inj Najava Predavanja Dr. Orli\u0107 S Nama Ana Bani\u0107\" width=\"100%\" height=\"120\" src=\"https:\/\/www.mixcloud.com\/widget\/iframe\/?feed=https%3A%2F%2Fwww.mixcloud.com%2Fradio_jadranka%2F291125-rotary-lo%25C5%25A1inj-najava-predavanja-dr-orli%25C4%2587-s-nama-ana-bani%25C4%2587%2F&amp;hide_cover=1\" frameborder=\"0\" allow=\"encrypted-media; fullscreen; autoplay; idle-detection; speaker-selection; web-share;\"><\/iframe><\/p>\n<p><img fetchpriority=\"high\" decoding=\"async\" class=\"alignnone size-medium wp-image-14171\" src=\"https:\/\/radiojadranka.hr\/wp-content\/uploads\/2025\/11\/IMG-20251127-WA0005-544x770.jpg\" alt=\"\" width=\"544\" height=\"770\" srcset=\"https:\/\/radiojadranka.hr\/wp-content\/uploads\/2025\/11\/IMG-20251127-WA0005-544x770.jpg 544w, https:\/\/radiojadranka.hr\/wp-content\/uploads\/2025\/11\/IMG-20251127-WA0005-827x1170.jpg 827w, https:\/\/radiojadranka.hr\/wp-content\/uploads\/2025\/11\/IMG-20251127-WA0005-768x1086.jpg 768w, https:\/\/radiojadranka.hr\/wp-content\/uploads\/2025\/11\/IMG-20251127-WA0005-1086x1536.jpg 1086w, https:\/\/radiojadranka.hr\/wp-content\/uploads\/2025\/11\/IMG-20251127-WA0005.jpg 1131w\" sizes=\"(max-width: 544px) 100vw, 544px\" \/><\/p>\n","protected":false},"excerpt":{"rendered":"<p>Sljede\u0107eg tjedna Rotary klub Lo\u0161inj donosi nam predavanje o dugovje\u010dnosti. U programu na\u0161eg radija gostovala je dr. Ana Bani\u0107 s kojom smo najavili predavanje\u00a0 dr. Sebastijana Orli\u0107a. Odr\u017eat \u0107e se u utorak, 2.prosinca 2025. u muzeju Apoksiomena. Zanimljiva tema, poslu\u0161ajte emisiju&#8230;.<\/p>\n","protected":false},"author":2,"featured_media":14171,"comment_status":"closed","ping_status":"open","sticky":false,"template":"","format":"audio","meta":{"footnotes":""},"categories":[71],"tags":[],"class_list":["post-14170","post","type-post","status-publish","format-audio","has-post-thumbnail","hentry","category-blitz","post_format-post-format-audio"],"aioseo_notices":[],"_links":{"self":[{"href":"https:\/\/radiojadranka.hr\/index.php\/wp-json\/wp\/v2\/posts\/14170","targetHints":{"allow":["GET"]}}],"collection":[{"href":"https:\/\/radiojadranka.hr\/index.php\/wp-json\/wp\/v2\/posts"}],"about":[{"href":"https:\/\/radiojadranka.hr\/index.php\/wp-json\/wp\/v2\/types\/post"}],"author":[{"embeddable":true,"href":"https:\/\/radiojadranka.hr\/index.php\/wp-json\/wp\/v2\/users\/2"}],"replies":[{"embeddable":true,"href":"https:\/\/radiojadranka.hr\/index.php\/wp-json\/wp\/v2\/comments?post=14170"}],"version-history":[{"count":1,"href":"https:\/\/radiojadranka.hr\/index.php\/wp-json\/wp\/v2\/posts\/14170\/revisions"}],"predecessor-version":[{"id":14172,"href":"https:\/\/radiojadranka.hr\/index.php\/wp-json\/wp\/v2\/posts\/14170\/revisions\/14172"}],"wp:featuredmedia":[{"embeddable":true,"href":"https:\/\/radiojadranka.hr\/index.php\/wp-json\/wp\/v2\/media\/14171"}],"wp:attachment":[{"href":"https:\/\/radiojadranka.hr\/index.php\/wp-json\/wp\/v2\/media?parent=14170"}],"wp:term":[{"taxonomy":"category","embeddable":true,"href":"https:\/\/radiojadranka.hr\/index.php\/wp-json\/wp\/v2\/categories?post=14170"},{"taxonomy":"post_tag","embeddable":true,"href":"https:\/\/radiojadranka.hr\/index.php\/wp-json\/wp\/v2\/tags?post=14170"}],"curies":[{"name":"wp","href":"https:\/\/api.w.org\/{rel}","templated":true}]}}