{"id":14083,"date":"2025-11-24T14:18:25","date_gmt":"2025-11-24T13:18:25","guid":{"rendered":"https:\/\/radiojadranka.hr\/?p=14083"},"modified":"2025-11-24T14:18:25","modified_gmt":"2025-11-24T13:18:25","slug":"branitelji-osvojili-zlato-na-29-drzavno-sportsko-natjecanje-dragovoljaca-i-veterana-domovinskog-rata-rh","status":"publish","type":"post","link":"https:\/\/radiojadranka.hr\/index.php\/2025\/11\/24\/branitelji-osvojili-zlato-na-29-drzavno-sportsko-natjecanje-dragovoljaca-i-veterana-domovinskog-rata-rh\/","title":{"rendered":"Branitelji osvojili zlato na 29. dr\u017eavno \u0161portsko natjecanje dragovoljaca i veterana Domovinskog rata RH"},"content":{"rendered":"<p>Odbojka\u0161ice pobijedile favorite, ekipu Rijeke rezultatom 2:1, kugla\u010di, nogometa\u0161i i ko\u0161arka\u0161i ovog vikenda nisu osvojili bodove. Judo klub sudjelovao na turniru u Puli, zlato i dvije bronce. Goran Ali\u0107, Ivan Luketina i Zijad Rami\u0107 gostovali u na\u0161em studiju, a kao dio ekipe Primorsko goranskih branitelja osvojili zlato u Dubrovniku!<\/p>\n<p><iframe title=\"241125 Sport Ponedjeljkom\" width=\"100%\" height=\"120\" src=\"https:\/\/www.mixcloud.com\/widget\/iframe\/?feed=https%3A%2F%2Fwww.mixcloud.com%2Fradio_jadranka%2F241125-sport-ponedjeljkom%2F&amp;hide_cover=1\" frameborder=\"0\" allow=\"encrypted-media; fullscreen; autoplay; idle-detection; speaker-selection; web-share;\"><\/iframe><\/p>\n<p><img fetchpriority=\"high\" decoding=\"async\" class=\"alignnone size-medium wp-image-14084\" src=\"https:\/\/radiojadranka.hr\/wp-content\/uploads\/2025\/11\/IMG20251124105828-770x354.jpg\" alt=\"\" width=\"770\" height=\"354\" srcset=\"https:\/\/radiojadranka.hr\/wp-content\/uploads\/2025\/11\/IMG20251124105828-770x354.jpg 770w, https:\/\/radiojadranka.hr\/wp-content\/uploads\/2025\/11\/IMG20251124105828-1170x537.jpg 1170w, https:\/\/radiojadranka.hr\/wp-content\/uploads\/2025\/11\/IMG20251124105828-768x353.jpg 768w, https:\/\/radiojadranka.hr\/wp-content\/uploads\/2025\/11\/IMG20251124105828-1536x705.jpg 1536w, https:\/\/radiojadranka.hr\/wp-content\/uploads\/2025\/11\/IMG20251124105828.jpg 1884w\" sizes=\"(max-width: 770px) 100vw, 770px\" \/><\/p>\n","protected":false},"excerpt":{"rendered":"<p>Odbojka\u0161ice pobijedile favorite, ekipu Rijeke rezultatom 2:1, kugla\u010di, nogometa\u0161i i ko\u0161arka\u0161i ovog vikenda nisu osvojili bodove. Judo klub sudjelovao na turniru u Puli, zlato i dvije bronce. Goran Ali\u0107, Ivan Luketina i Zijad Rami\u0107 gostovali u na\u0161em studiju, a kao dio ekipe Primorsko goranskih branitelja osvojili zlato u Dubrovniku!<\/p>\n","protected":false},"author":2,"featured_media":14084,"comment_status":"closed","ping_status":"open","sticky":false,"template":"","format":"audio","meta":{"footnotes":""},"categories":[72],"tags":[],"class_list":["post-14083","post","type-post","status-publish","format-audio","has-post-thumbnail","hentry","category-vijesti","post_format-post-format-audio"],"aioseo_notices":[],"_links":{"self":[{"href":"https:\/\/radiojadranka.hr\/index.php\/wp-json\/wp\/v2\/posts\/14083","targetHints":{"allow":["GET"]}}],"collection":[{"href":"https:\/\/radiojadranka.hr\/index.php\/wp-json\/wp\/v2\/posts"}],"about":[{"href":"https:\/\/radiojadranka.hr\/index.php\/wp-json\/wp\/v2\/types\/post"}],"author":[{"embeddable":true,"href":"https:\/\/radiojadranka.hr\/index.php\/wp-json\/wp\/v2\/users\/2"}],"replies":[{"embeddable":true,"href":"https:\/\/radiojadranka.hr\/index.php\/wp-json\/wp\/v2\/comments?post=14083"}],"version-history":[{"count":1,"href":"https:\/\/radiojadranka.hr\/index.php\/wp-json\/wp\/v2\/posts\/14083\/revisions"}],"predecessor-version":[{"id":14085,"href":"https:\/\/radiojadranka.hr\/index.php\/wp-json\/wp\/v2\/posts\/14083\/revisions\/14085"}],"wp:featuredmedia":[{"embeddable":true,"href":"https:\/\/radiojadranka.hr\/index.php\/wp-json\/wp\/v2\/media\/14084"}],"wp:attachment":[{"href":"https:\/\/radiojadranka.hr\/index.php\/wp-json\/wp\/v2\/media?parent=14083"}],"wp:term":[{"taxonomy":"category","embeddable":true,"href":"https:\/\/radiojadranka.hr\/index.php\/wp-json\/wp\/v2\/categories?post=14083"},{"taxonomy":"post_tag","embeddable":true,"href":"https:\/\/radiojadranka.hr\/index.php\/wp-json\/wp\/v2\/tags?post=14083"}],"curies":[{"name":"wp","href":"https:\/\/api.w.org\/{rel}","templated":true}]}}