{"id":14070,"date":"2025-11-20T13:44:09","date_gmt":"2025-11-20T12:44:09","guid":{"rendered":"https:\/\/radiojadranka.hr\/?p=14070"},"modified":"2025-11-20T14:03:33","modified_gmt":"2025-11-20T13:03:33","slug":"mario-okmazic-zivimo-u-iskrivljenoj-percepciji-i-apatijia","status":"publish","type":"post","link":"https:\/\/radiojadranka.hr\/index.php\/2025\/11\/20\/mario-okmazic-zivimo-u-iskrivljenoj-percepciji-i-apatijia\/","title":{"rendered":"Mario Okma\u017ei\u0107 &#8211; \u017eivimo u iskrivljenoj percepciji i apatiji!"},"content":{"rendered":"<p>U na\u0161em programu danas je gostovao Mario Okma\u017ei\u0107 predsjednik Gradskog vije\u0107a Malog Lo\u0161inja. Mario nam je govorio o iskrivljenoj percepciji te o apatiji u dru\u0161tvu! Poslu\u0161ajte emisiju.<\/p>\n<p><iframe title=\"201125 Mario Okmazic\" width=\"100%\" height=\"120\" src=\"https:\/\/www.mixcloud.com\/widget\/iframe\/?feed=https%3A%2F%2Fwww.mixcloud.com%2Fradio_jadranka%2F201125-mario-okmazic%2F&amp;hide_cover=1\" frameborder=\"0\" allow=\"encrypted-media; fullscreen; autoplay; idle-detection; speaker-selection; web-share;\"><\/iframe><\/p>\n<p><img fetchpriority=\"high\" decoding=\"async\" class=\"alignnone size-medium wp-image-14073\" src=\"https:\/\/radiojadranka.hr\/wp-content\/uploads\/2025\/11\/IMG20251120125432-578x770.jpg\" alt=\"\" width=\"578\" height=\"770\" srcset=\"https:\/\/radiojadranka.hr\/wp-content\/uploads\/2025\/11\/IMG20251120125432-578x770.jpg 578w, https:\/\/radiojadranka.hr\/wp-content\/uploads\/2025\/11\/IMG20251120125432-878x1170.jpg 878w, https:\/\/radiojadranka.hr\/wp-content\/uploads\/2025\/11\/IMG20251120125432-768x1024.jpg 768w, https:\/\/radiojadranka.hr\/wp-content\/uploads\/2025\/11\/IMG20251120125432-1152x1536.jpg 1152w, https:\/\/radiojadranka.hr\/wp-content\/uploads\/2025\/11\/IMG20251120125432.jpg 1321w\" sizes=\"(max-width: 578px) 100vw, 578px\" \/><\/p>\n","protected":false},"excerpt":{"rendered":"<p>U na\u0161em programu danas je gostovao Mario Okma\u017ei\u0107 predsjednik Gradskog vije\u0107a Malog Lo\u0161inja. Mario nam je govorio o iskrivljenoj percepciji te o apatiji u dru\u0161tvu! Poslu\u0161ajte emisiju.<\/p>\n","protected":false},"author":2,"featured_media":14073,"comment_status":"closed","ping_status":"open","sticky":false,"template":"","format":"audio","meta":{"footnotes":""},"categories":[72],"tags":[],"class_list":["post-14070","post","type-post","status-publish","format-audio","has-post-thumbnail","hentry","category-vijesti","post_format-post-format-audio"],"aioseo_notices":[],"_links":{"self":[{"href":"https:\/\/radiojadranka.hr\/index.php\/wp-json\/wp\/v2\/posts\/14070","targetHints":{"allow":["GET"]}}],"collection":[{"href":"https:\/\/radiojadranka.hr\/index.php\/wp-json\/wp\/v2\/posts"}],"about":[{"href":"https:\/\/radiojadranka.hr\/index.php\/wp-json\/wp\/v2\/types\/post"}],"author":[{"embeddable":true,"href":"https:\/\/radiojadranka.hr\/index.php\/wp-json\/wp\/v2\/users\/2"}],"replies":[{"embeddable":true,"href":"https:\/\/radiojadranka.hr\/index.php\/wp-json\/wp\/v2\/comments?post=14070"}],"version-history":[{"count":1,"href":"https:\/\/radiojadranka.hr\/index.php\/wp-json\/wp\/v2\/posts\/14070\/revisions"}],"predecessor-version":[{"id":14075,"href":"https:\/\/radiojadranka.hr\/index.php\/wp-json\/wp\/v2\/posts\/14070\/revisions\/14075"}],"wp:featuredmedia":[{"embeddable":true,"href":"https:\/\/radiojadranka.hr\/index.php\/wp-json\/wp\/v2\/media\/14073"}],"wp:attachment":[{"href":"https:\/\/radiojadranka.hr\/index.php\/wp-json\/wp\/v2\/media?parent=14070"}],"wp:term":[{"taxonomy":"category","embeddable":true,"href":"https:\/\/radiojadranka.hr\/index.php\/wp-json\/wp\/v2\/categories?post=14070"},{"taxonomy":"post_tag","embeddable":true,"href":"https:\/\/radiojadranka.hr\/index.php\/wp-json\/wp\/v2\/tags?post=14070"}],"curies":[{"name":"wp","href":"https:\/\/api.w.org\/{rel}","templated":true}]}}