{"id":14066,"date":"2025-11-19T12:47:59","date_gmt":"2025-11-19T11:47:59","guid":{"rendered":"https:\/\/radiojadranka.hr\/?p=14066"},"modified":"2025-11-19T12:48:10","modified_gmt":"2025-11-19T11:48:10","slug":"solidarnost-na-djelu-nabavimo-prijenosni-koncentrator-kisika-za-gospodu-elzu-cicic-iz-malog-losinja","status":"publish","type":"post","link":"https:\/\/radiojadranka.hr\/index.php\/2025\/11\/19\/solidarnost-na-djelu-nabavimo-prijenosni-koncentrator-kisika-za-gospodu-elzu-cicic-iz-malog-losinja\/","title":{"rendered":"Solidarnost na djelu &#8211; nabavimo svi zajedno prijenosni koncentrator kisika za gospo\u0111u Elzu \u010ci\u010di\u0107 iz Malog Lo\u0161inja"},"content":{"rendered":"<p>Gradsko dru\u0161tvo Crvenog kri\u017ea Mali Lo\u0161inj podsje\u0107a gra\u0111ane da humanitarna akcija <strong>&#8220;Solidarnost na djelu&#8221;<\/strong> traje jo\u0161 samo tjedan dana, <strong>do ponedjeljka, 24. studenoga, do 23:59 sati<\/strong>.<\/p>\n<p>Akcija ima za cilj prikupljanje <strong>3.000 eura<\/strong> za nabavu prijenosnog koncentratora kisika za gospo\u0111u <strong>Elzu \u010ci\u010di\u0107<\/strong> iz Malog Lo\u0161inja, kojoj je ure\u0111aj neophodan za ve\u0107u pokretljivost i kvalitetniji \u017eivot.<\/p>\n<p>Svoju podr\u0161ku mo\u017eete pru\u017eiti na dva na\u010dina:<\/p>\n<ol>\n<li><strong>Kupovinom bona solidarnosti<\/strong> u vrijednosti od 1 eura, koje distribuiraju volonteri, u\u010denici Osnovne \u0161kole Marija Martinoli\u0107a.<\/li>\n<li><strong>Direktnom uplatom donacije<\/strong> na humanitarni ra\u010dun akcije.<\/li>\n<\/ol>\n<p><strong>Va\u017ena napomena za uplate:<\/strong> Radi pravilnog evidentiranja, u opisu pla\u0107anja <strong>obavezno morate navesti &#8220;Solidarnost na djelu&#8221; i svoj OIB<\/strong>.<\/p>\n<p>Svaka donacija, bez obzira na iznos, \u010dini razliku i pokazuje da nitko u na\u0161oj zajednici nije sam. Svojom humanosti i empatijom doprinesite ostvarivanju ovog plemenitog cilja.<\/p>\n<p>Za sve informacije mo\u017eete kontaktirati Gradsko dru\u0161tvo Crvenog kri\u017ea Mali Lo\u0161inj.<\/p>\n<p><iframe title=\"191125 Repriza Antonio Badurina\" width=\"100%\" height=\"120\" src=\"https:\/\/www.mixcloud.com\/widget\/iframe\/?feed=https%3A%2F%2Fwww.mixcloud.com%2Fradio_jadranka%2F191125-repriza-antonio-badurina%2F&amp;hide_cover=1\" frameborder=\"0\" allow=\"encrypted-media; fullscreen; autoplay; idle-detection; speaker-selection; web-share;\"><\/iframe><\/p>\n<div id='gallery-1' class='gallery galleryid-14066 gallery-columns-3 gallery-size-thumbnail'><figure class='gallery-item'>\n\t\t\t<div class='gallery-icon portrait'>\n\t\t\t\t<a href='https:\/\/radiojadranka.hr\/index.php\/2024\/11\/08\/solidarnost-na-djelu-ukljuci-se\/oplus_2097184-5\/'><img decoding=\"async\" width=\"150\" height=\"150\" src=\"https:\/\/radiojadranka.hr\/wp-content\/uploads\/2024\/11\/IMG20241107103005-150x150.jpg\" class=\"attachment-thumbnail size-thumbnail\" alt=\"\" aria-describedby=\"gallery-1-11710\" srcset=\"https:\/\/radiojadranka.hr\/wp-content\/uploads\/2024\/11\/IMG20241107103005-150x150.jpg 150w, https:\/\/radiojadranka.hr\/wp-content\/uploads\/2024\/11\/IMG20241107103005-100x100.jpg 100w, https:\/\/radiojadranka.hr\/wp-content\/uploads\/2024\/11\/IMG20241107103005-370x370.jpg 370w\" sizes=\"(max-width: 150px) 100vw, 150px\" \/><\/a>\n\t\t\t<\/div>\n\t\t\t\t<figcaption class='wp-caption-text gallery-caption' id='gallery-1-11710'>\n\t\t\t\toplus_2097184\n\t\t\t\t<\/figcaption><\/figure>\n\t\t<\/div>\n\n","protected":false},"excerpt":{"rendered":"<p>Gradsko dru\u0161tvo Crvenog kri\u017ea Mali Lo\u0161inj podsje\u0107a gra\u0111ane da humanitarna akcija &#8220;Solidarnost na djelu&#8221; traje jo\u0161 samo tjedan dana, do ponedjeljka, 24. studenoga, do 23:59 sati. Akcija ima za cilj prikupljanje 3.000 eura za nabavu prijenosnog koncentratora kisika za gospo\u0111u Elzu \u010ci\u010di\u0107 iz Malog Lo\u0161inja, kojoj je ure\u0111aj neophodan za ...<\/p>\n","protected":false},"author":2,"featured_media":11710,"comment_status":"closed","ping_status":"open","sticky":false,"template":"","format":"audio","meta":{"footnotes":""},"categories":[72],"tags":[],"class_list":["post-14066","post","type-post","status-publish","format-audio","has-post-thumbnail","hentry","category-vijesti","post_format-post-format-audio"],"aioseo_notices":[],"_links":{"self":[{"href":"https:\/\/radiojadranka.hr\/index.php\/wp-json\/wp\/v2\/posts\/14066","targetHints":{"allow":["GET"]}}],"collection":[{"href":"https:\/\/radiojadranka.hr\/index.php\/wp-json\/wp\/v2\/posts"}],"about":[{"href":"https:\/\/radiojadranka.hr\/index.php\/wp-json\/wp\/v2\/types\/post"}],"author":[{"embeddable":true,"href":"https:\/\/radiojadranka.hr\/index.php\/wp-json\/wp\/v2\/users\/2"}],"replies":[{"embeddable":true,"href":"https:\/\/radiojadranka.hr\/index.php\/wp-json\/wp\/v2\/comments?post=14066"}],"version-history":[{"count":2,"href":"https:\/\/radiojadranka.hr\/index.php\/wp-json\/wp\/v2\/posts\/14066\/revisions"}],"predecessor-version":[{"id":14068,"href":"https:\/\/radiojadranka.hr\/index.php\/wp-json\/wp\/v2\/posts\/14066\/revisions\/14068"}],"wp:featuredmedia":[{"embeddable":true,"href":"https:\/\/radiojadranka.hr\/index.php\/wp-json\/wp\/v2\/media\/11710"}],"wp:attachment":[{"href":"https:\/\/radiojadranka.hr\/index.php\/wp-json\/wp\/v2\/media?parent=14066"}],"wp:term":[{"taxonomy":"category","embeddable":true,"href":"https:\/\/radiojadranka.hr\/index.php\/wp-json\/wp\/v2\/categories?post=14066"},{"taxonomy":"post_tag","embeddable":true,"href":"https:\/\/radiojadranka.hr\/index.php\/wp-json\/wp\/v2\/tags?post=14066"}],"curies":[{"name":"wp","href":"https:\/\/api.w.org\/{rel}","templated":true}]}}