{"id":14056,"date":"2025-11-17T20:06:45","date_gmt":"2025-11-17T19:06:45","guid":{"rendered":"https:\/\/radiojadranka.hr\/?p=14056"},"modified":"2025-11-17T20:36:31","modified_gmt":"2025-11-17T19:36:31","slug":"dan-sjecanja-na-zrtve-domovinskog-rata-i-dan-sjecanja-na-zrtvu-vukovara-i-skabrnje","status":"publish","type":"post","link":"https:\/\/radiojadranka.hr\/index.php\/2025\/11\/17\/dan-sjecanja-na-zrtve-domovinskog-rata-i-dan-sjecanja-na-zrtvu-vukovara-i-skabrnje\/","title":{"rendered":"Dan sje\u0107anja na \u017ertve Domovinskog rata i Dan sje\u0107anja na \u017ertvu Vukovara i \u0160kabrnje"},"content":{"rendered":"<p>Sutra, u utorak 18. studenoga, obilje\u017eava se dr\u017eavni praznik \u2013 Dan sje\u0107anja na \u017ertve Domovinskog rata i Dan sje\u0107anja na \u017ertvu Vukovara i \u0160kabrnje.<\/p>\n<p>Ovaj dan posve\u0107en je odavanju po\u010dasti svim \u017ertvama koje su pale za slobodu Hrvatske, s posebnim sje\u0107anjem na herojstvo Vukovara i tragediju \u0160kabrnje 1991. godine.<\/p>\n<p>Grad Mali Lo\u0161inj obilje\u017eava Dan sje\u0107anja na \u017ertve Domovinskog rata i Dan sje\u0107anja na \u017ertvu Vukovara i \u0160kabrnje.<br \/>\nKomemorativni program poceo je u 17:30 sati polaganjem vijenaca na centralnom kri\u017eu groblja Sv. Martin. Nastavio se euharistijom u crkvi Sv. Josipa, a potom je odrzana procesija i paljenje svijeca na Trgu Republike Hrvatske u Malom Losinju.<br \/>\nPrisjetimo se svih onih koji su ostali zarobljeni i zatoceni, svih onih koji su dali svoje zivote za nasu Hrvatsku! Pokoj vjecni daruj im Gospodine!<\/p>\n<p>foto Visit Losinj webcam<\/p>\n<p><img fetchpriority=\"high\" decoding=\"async\" class=\"alignnone wp-image-14057\" src=\"https:\/\/radiojadranka.hr\/wp-content\/uploads\/2025\/11\/Screenshot-2025-11-17-195635-770x374.png\" alt=\"\" width=\"509\" height=\"247\" srcset=\"https:\/\/radiojadranka.hr\/wp-content\/uploads\/2025\/11\/Screenshot-2025-11-17-195635-770x374.png 770w, https:\/\/radiojadranka.hr\/wp-content\/uploads\/2025\/11\/Screenshot-2025-11-17-195635-768x373.png 768w, https:\/\/radiojadranka.hr\/wp-content\/uploads\/2025\/11\/Screenshot-2025-11-17-195635.png 873w\" sizes=\"(max-width: 509px) 100vw, 509px\" \/><\/p>\n<p>&nbsp;<\/p>\n","protected":false},"excerpt":{"rendered":"<p>Sutra, u utorak 18. studenoga, obilje\u017eava se dr\u017eavni praznik \u2013 Dan sje\u0107anja na \u017ertve Domovinskog rata i Dan sje\u0107anja na \u017ertvu Vukovara i \u0160kabrnje. Ovaj dan posve\u0107en je odavanju po\u010dasti svim \u017ertvama koje su pale za slobodu Hrvatske, s posebnim sje\u0107anjem na herojstvo Vukovara i tragediju \u0160kabrnje 1991. godine. Grad ...<\/p>\n","protected":false},"author":2,"featured_media":14057,"comment_status":"closed","ping_status":"open","sticky":false,"template":"","format":"audio","meta":{"footnotes":""},"categories":[72],"tags":[],"class_list":["post-14056","post","type-post","status-publish","format-audio","has-post-thumbnail","hentry","category-vijesti","post_format-post-format-audio"],"aioseo_notices":[],"_links":{"self":[{"href":"https:\/\/radiojadranka.hr\/index.php\/wp-json\/wp\/v2\/posts\/14056","targetHints":{"allow":["GET"]}}],"collection":[{"href":"https:\/\/radiojadranka.hr\/index.php\/wp-json\/wp\/v2\/posts"}],"about":[{"href":"https:\/\/radiojadranka.hr\/index.php\/wp-json\/wp\/v2\/types\/post"}],"author":[{"embeddable":true,"href":"https:\/\/radiojadranka.hr\/index.php\/wp-json\/wp\/v2\/users\/2"}],"replies":[{"embeddable":true,"href":"https:\/\/radiojadranka.hr\/index.php\/wp-json\/wp\/v2\/comments?post=14056"}],"version-history":[{"count":1,"href":"https:\/\/radiojadranka.hr\/index.php\/wp-json\/wp\/v2\/posts\/14056\/revisions"}],"predecessor-version":[{"id":14058,"href":"https:\/\/radiojadranka.hr\/index.php\/wp-json\/wp\/v2\/posts\/14056\/revisions\/14058"}],"wp:featuredmedia":[{"embeddable":true,"href":"https:\/\/radiojadranka.hr\/index.php\/wp-json\/wp\/v2\/media\/14057"}],"wp:attachment":[{"href":"https:\/\/radiojadranka.hr\/index.php\/wp-json\/wp\/v2\/media?parent=14056"}],"wp:term":[{"taxonomy":"category","embeddable":true,"href":"https:\/\/radiojadranka.hr\/index.php\/wp-json\/wp\/v2\/categories?post=14056"},{"taxonomy":"post_tag","embeddable":true,"href":"https:\/\/radiojadranka.hr\/index.php\/wp-json\/wp\/v2\/tags?post=14056"}],"curies":[{"name":"wp","href":"https:\/\/api.w.org\/{rel}","templated":true}]}}