{"id":14038,"date":"2025-11-14T11:43:48","date_gmt":"2025-11-14T10:43:48","guid":{"rendered":"https:\/\/radiojadranka.hr\/?p=14038"},"modified":"2025-11-14T11:43:48","modified_gmt":"2025-11-14T10:43:48","slug":"svjetski-dan-secerne-bolesti-2025-u-malom-losinju","status":"publish","type":"post","link":"https:\/\/radiojadranka.hr\/index.php\/2025\/11\/14\/svjetski-dan-secerne-bolesti-2025-u-malom-losinju\/","title":{"rendered":"Svjetski dan \u0161e\u0107erne bolesti 2025. u Malom Lo\u0161inju"},"content":{"rendered":"<p>Povodom dana\u0161njeg dana, djeca iz osnovne \u0161kole na nastavu su do\u0161la u majicama plave boje, imali su igru plavim balonima, lovice plavim kapicama, te su izlo\u017eeni likovni radovi na temu zdrave prehrane i pano sa \u010dinjenicama o dijabetesu, a sve\u00a0 kako bi se pridru\u017eili u obilje\u017eavanju i djelovali u prevenciji.<\/p>\n<p>Uudruga dijabeti\u010dara Cres Lo\u0161inj, sutra u subotu 15.11.2025.\u00a0 \u0107e na glavnom gradskom trgu odr\u017eati besplatno i stru\u010dno preventivno mjerenje tlaka i \u0161e\u0107era u krvi.<\/p>\n<p>Uz mjerenja, gra\u0111ani \u0107e mo\u0107i dobiti i stru\u010dne savjete lije\u010dnika dr. sc. Romana Vrabeca, specijalista oftalmologije, dr. med. Anice Badanjak, specijalistice interne medicine i dijabetologije, te dr. Marine A\u0161perger.<\/p>\n<p>U slu\u010daju lo\u0161eg vremena doga\u0111anje se seli u sportsku dvoranu <a href=\"https:\/\/hr.wikipedia.org\/wiki\/Hrvoje_Macanovi%C4%87\">Hrvoje Macanovi\u0107<\/a> na Bo\u0107acu.<\/p>\n<p>U sklopu obilje\u017eavanja, odr\u017eat \u0107e se i dvije dodatne aktivnosti:<\/p>\n<ul>\n<li>20. studenog u 18 sati radionica za roditelje djece s dijabetesom \u201c\u017divot s kroni\u010dnom bole\u0161\u0107u\u201d,<\/li>\n<li>22. studenog u 17 sati predavanje \u201cUtjecaj pravilne prehrane kod \u0161e\u0107erne bolesti\u201d uz mjerenje sastava tijela.<\/li>\n<\/ul>\n<p>U povodu Dana \u0161e\u0107erne bolesti, u na\u0161em studiju u ime Udruge dijabeti\u010dara gostovala je Elvina Bostand\u017ei\u0107, poslu\u0161ajte!<\/p>\n<div id='gallery-1' class='gallery galleryid-14038 gallery-columns-3 gallery-size-thumbnail'><figure class='gallery-item'>\n\t\t\t<div class='gallery-icon landscape'>\n\t\t\t\t<a href='https:\/\/radiojadranka.hr\/index.php\/2025\/11\/14\/svjetski-dan-secerne-bolesti-2025-u-malom-losinju\/oplus_16908288-6\/'><img decoding=\"async\" width=\"150\" height=\"150\" src=\"https:\/\/radiojadranka.hr\/wp-content\/uploads\/2025\/11\/IMG_20251114_113824-150x150.jpg\" class=\"attachment-thumbnail size-thumbnail\" alt=\"\" aria-describedby=\"gallery-1-14040\" srcset=\"https:\/\/radiojadranka.hr\/wp-content\/uploads\/2025\/11\/IMG_20251114_113824-150x150.jpg 150w, https:\/\/radiojadranka.hr\/wp-content\/uploads\/2025\/11\/IMG_20251114_113824-100x100.jpg 100w, https:\/\/radiojadranka.hr\/wp-content\/uploads\/2025\/11\/IMG_20251114_113824-370x370.jpg 370w\" sizes=\"(max-width: 150px) 100vw, 150px\" \/><\/a>\n\t\t\t<\/div>\n\t\t\t\t<figcaption class='wp-caption-text gallery-caption' id='gallery-1-14040'>\n\t\t\t\tOplus_16908288\n\t\t\t\t<\/figcaption><\/figure><figure class='gallery-item'>\n\t\t\t<div class='gallery-icon landscape'>\n\t\t\t\t<a href='https:\/\/radiojadranka.hr\/index.php\/2025\/11\/14\/svjetski-dan-secerne-bolesti-2025-u-malom-losinju\/img20251114104643-1\/'><img decoding=\"async\" width=\"150\" height=\"150\" src=\"https:\/\/radiojadranka.hr\/wp-content\/uploads\/2025\/11\/IMG20251114104643-1-150x150.jpg\" class=\"attachment-thumbnail size-thumbnail\" alt=\"\" srcset=\"https:\/\/radiojadranka.hr\/wp-content\/uploads\/2025\/11\/IMG20251114104643-1-150x150.jpg 150w, https:\/\/radiojadranka.hr\/wp-content\/uploads\/2025\/11\/IMG20251114104643-1-100x100.jpg 100w, https:\/\/radiojadranka.hr\/wp-content\/uploads\/2025\/11\/IMG20251114104643-1-370x370.jpg 370w\" sizes=\"(max-width: 150px) 100vw, 150px\" \/><\/a>\n\t\t\t<\/div><\/figure>\n\t\t<\/div>\n\n<p><iframe title=\"141125 Svjetski Dan Dijabetesa\" width=\"100%\" height=\"120\" src=\"https:\/\/www.mixcloud.com\/widget\/iframe\/?feed=https%3A%2F%2Fwww.mixcloud.com%2Fradio_jadranka%2F141125-svjetski-dan-dijabetesa%2F&amp;hide_cover=1\" frameborder=\"0\" allow=\"encrypted-media; fullscreen; autoplay; idle-detection; speaker-selection; web-share;\"><\/iframe><\/p>\n<p><img fetchpriority=\"high\" decoding=\"async\" class=\"alignnone  wp-image-14039\" src=\"https:\/\/radiojadranka.hr\/wp-content\/uploads\/2025\/11\/IMG-20251112-WA0002-544x770.jpg\" alt=\"\" width=\"462\" height=\"654\" srcset=\"https:\/\/radiojadranka.hr\/wp-content\/uploads\/2025\/11\/IMG-20251112-WA0002-544x770.jpg 544w, https:\/\/radiojadranka.hr\/wp-content\/uploads\/2025\/11\/IMG-20251112-WA0002-827x1170.jpg 827w, https:\/\/radiojadranka.hr\/wp-content\/uploads\/2025\/11\/IMG-20251112-WA0002-768x1086.jpg 768w, https:\/\/radiojadranka.hr\/wp-content\/uploads\/2025\/11\/IMG-20251112-WA0002-1086x1536.jpg 1086w, https:\/\/radiojadranka.hr\/wp-content\/uploads\/2025\/11\/IMG-20251112-WA0002.jpg 1131w\" sizes=\"(max-width: 462px) 100vw, 462px\" \/><\/p>\n<p><strong>Evo \u0161to ka\u017ee Hrvatski zavod za javno zdravstvo: Svjetski dan \u0161e\u0107erne bolesti<\/strong>\u00a0(engl. World Diabetes Day), obilje\u017eava se svake godine 14. studenoga, na dan ro\u0111enja Sir Fredericka Bantinga, jednog od otkriva\u010da inzulina 1921. godine. Tema razdoblja 2024.\u20132025. je \u201e\u0160e\u0107erna bolest i dobrobit\u201c, a ovogodi\u0161nji naglasak stavljen je na \u0161e\u0107ernu bolest na radnom mjestu.<\/p>\n<p>Diljem svijeta sedam od deset odraslih osoba koje \u017eive sa \u0161e\u0107ernom bole\u0161\u0107u, odnosno oko 412 milijuna ljudi, nalazi se u radnoj dobi. Za mnoge zaposlenike dijabetes predstavlja svakodnevnu stvarnost, no na radnom mjestu on \u010desto postaje izvor stresa, stigme i nesigurnosti.<\/p>\n<p>U okviru ovogodi\u0161nje teme, Me\u0111unarodna federacija za dijabetes (engl. International Diabetes Federation (IDF), poziva na stvaranje uklju\u010divih i podr\u017eavaju\u0107ih radnih okru\u017eenja u kojima se osobe s dijabetesom osje\u0107aju prihva\u0107eno i podr\u017eano, a ne stigmatizirano.<\/p>\n<p><img decoding=\"async\" class=\"wp-image-115776 alignleft img-responsive \" src=\"https:\/\/www.hzjz.hr\/wp-content\/uploads\/2025\/11\/iStock-2025692197-scaled.jpg\" sizes=\"(max-width: 338px) 100vw, 338px\" srcset=\"https:\/\/www.hzjz.hr\/wp-content\/uploads\/2025\/11\/iStock-2025692197-scaled.jpg 2560w, https:\/\/www.hzjz.hr\/wp-content\/uploads\/2025\/11\/iStock-2025692197-1536x1025.jpg 1536w, https:\/\/www.hzjz.hr\/wp-content\/uploads\/2025\/11\/iStock-2025692197-2048x1366.jpg 2048w, https:\/\/www.hzjz.hr\/wp-content\/uploads\/2025\/11\/iStock-2025692197-300x200.jpg 300w, https:\/\/www.hzjz.hr\/wp-content\/uploads\/2025\/11\/iStock-2025692197-117x78.jpg 117w\" alt=\"\" \/><\/p>\n<p><strong>\u0160e\u0107erna bolest<\/strong>\u00a0je kroni\u010dna bolest koja nastaje kada gu\u0161tera\u010da ne proizvodi dovoljno inzulina ili kada tijelo ne mo\u017ee u\u010dinkovito koristiti inzulin koji proizvodi.<\/p>\n<p>Postoje tri glavne vrste dijabetesa:\u00a0<strong>tip 1, tip 2 i gestacijski dijabetes (dijabetes tijekom trudno\u0107e).<\/strong><\/p>\n<p><strong>Dijabetes tipa 1<\/strong>\u00a0nastaje zbog autoimune reakcije kojom tijelo uni\u0161tava stanice gu\u0161tera\u010de koje proizvode inzulin. Naj\u010de\u0161\u0107e se javlja kod djece, adolescenata i mladih odraslih osoba, a simptomi se razvijaju naglo. Osobe s dijabetesom tipa 1 ne mogu proizvoditi inzulin te ga moraju uzimati svakodnevno.<\/p>\n<p>Kod\u00a0<strong>dijabetesa tipa 2<\/strong>\u00a0tijelo ne koristi u\u010dinkovito inzulin, pa razina \u0161e\u0107era u krvi ostaje povi\u0161ena.<\/p>\n<p>To je naj\u010de\u0161\u0107i oblik dijabetesa (90\u201395 % slu\u010dajeva) i razvija se postupno, naj\u010de\u0161\u0107e u odrasloj dobi.<\/p>\n<p>Dijabetes tipa 2 \u010desto se mo\u017ee sprije\u010diti ili odgoditi promjenom \u017eivotnih navika \u2013 zdravom prehranom, gubitkom te\u017eine i redovitom tjelesnom aktivno\u0161\u0107u.<\/p>\n<p><strong>Gestacijski dijabetes<\/strong>\u00a0javlja se tijekom trudno\u0107e kod nekih \u017eena.<\/p>\n<p>Povi\u0161ena razina \u0161e\u0107era u krvi mo\u017ee uzrokovati komplikacije u trudno\u0107i i preveliku poro\u0111ajnu te\u017einu djeteta. Iako se razina \u0161e\u0107era obi\u010dno normalizira nakon poroda, rizik od razvoja dijabetesa tipa 2 kasnije u \u017eivotu ostaje povi\u0161en.<\/p>\n<p><strong>Predijabetes<\/strong>\u00a0zna\u010di da je razina \u0161e\u0107era u krvi vi\u0161a od normalne, ali jo\u0161 nije dovoljno visoka za dijagnozu dijabetesa. Bez promjene na\u010dina \u017eivota, mnoge osobe s predijabetesom razviju dijabetes tipa 2 unutar pet godina. Predijabetes tako\u0111er pove\u0107ava rizik od sr\u010danih bolesti i mo\u017edanog udara.<\/p>\n<p><strong>Simptomi \u0161e\u0107erne bolesti<\/strong>\u00a0mogu se pojaviti iznenada, dok se kod dijabetesa tipa 2 \u010desto razvijaju postupno i mogu pro\u0107i godine prije nego \u0161to se prepoznaju.<\/p>\n<p>Naj\u010de\u0161\u0107i simptomi dijabetesa uklju\u010duju:<\/p>\n<ul>\n<li>poja\u010danu \u017ee\u0111<\/li>\n<li>u\u010destalo mokrenje<\/li>\n<li>zamu\u0107en vid<\/li>\n<li>osje\u0107aj umora<\/li>\n<li>nenamjerni gubitak tjelesne te\u017eine<\/li>\n<\/ul>\n<p><strong>Rizik od razvoja predijabetesa i dijabetesa tipa 2<\/strong>\u00a0ve\u0107i je kod osoba koje:<\/p>\n<ul>\n<li>imaju prekomjernu tjelesnu te\u017einu<\/li>\n<li>su starije od 45 godina<\/li>\n<li>imaju \u010dlanove obitelji oboljele od dijabetesa tipa 2<\/li>\n<li>su fizi\u010dki neaktivne (vje\u017ebaju manje od tri puta tjedno)<\/li>\n<li>su tijekom trudno\u0107e imale gestacijski dijabetes<\/li>\n<li>imaju sindrom policisti\u010dnih jajnika (PCOS)<\/li>\n<\/ul>\n<p>Osobe koje \u017eive s dijabetesom imaju pove\u0107an rizik od ozbiljnih komplikacija, uklju\u010duju\u0107i sr\u010dani i mo\u017edani udar te zatajenje bubrega.<\/p>\n<p>Za spre\u010davanje dijabetesa tipa 2 i njegovih komplikacija\u00a0<strong>preporuke Svjetske zdravstvene organizacije su<\/strong>:<\/p>\n<ul>\n<li>odr\u017eavanje zdrave tjelesne te\u017eine<\/li>\n<li>redovita tjelesna aktivnost \u2013 barem 150 minuta umjerene vje\u017ebe tjedno<\/li>\n<li>zdrava prehrana i izbjegavanje \u0161e\u0107era i zasi\u0107enih masti<\/li>\n<li>prestanak pu\u0161enja.<\/li>\n<\/ul>\n","protected":false},"excerpt":{"rendered":"<p>Povodom dana\u0161njeg dana, djeca iz osnovne \u0161kole na nastavu su do\u0161la u majicama plave boje, imali su igru plavim balonima, lovice plavim kapicama, te su izlo\u017eeni likovni radovi na temu zdrave prehrane i pano sa \u010dinjenicama o dijabetesu, a sve\u00a0 kako bi se pridru\u017eili u obilje\u017eavanju i djelovali u prevenciji. ...<\/p>\n","protected":false},"author":2,"featured_media":14040,"comment_status":"closed","ping_status":"open","sticky":false,"template":"","format":"audio","meta":{"footnotes":""},"categories":[72],"tags":[],"class_list":["post-14038","post","type-post","status-publish","format-audio","has-post-thumbnail","hentry","category-vijesti","post_format-post-format-audio"],"aioseo_notices":[],"_links":{"self":[{"href":"https:\/\/radiojadranka.hr\/index.php\/wp-json\/wp\/v2\/posts\/14038","targetHints":{"allow":["GET"]}}],"collection":[{"href":"https:\/\/radiojadranka.hr\/index.php\/wp-json\/wp\/v2\/posts"}],"about":[{"href":"https:\/\/radiojadranka.hr\/index.php\/wp-json\/wp\/v2\/types\/post"}],"author":[{"embeddable":true,"href":"https:\/\/radiojadranka.hr\/index.php\/wp-json\/wp\/v2\/users\/2"}],"replies":[{"embeddable":true,"href":"https:\/\/radiojadranka.hr\/index.php\/wp-json\/wp\/v2\/comments?post=14038"}],"version-history":[{"count":1,"href":"https:\/\/radiojadranka.hr\/index.php\/wp-json\/wp\/v2\/posts\/14038\/revisions"}],"predecessor-version":[{"id":14042,"href":"https:\/\/radiojadranka.hr\/index.php\/wp-json\/wp\/v2\/posts\/14038\/revisions\/14042"}],"wp:featuredmedia":[{"embeddable":true,"href":"https:\/\/radiojadranka.hr\/index.php\/wp-json\/wp\/v2\/media\/14040"}],"wp:attachment":[{"href":"https:\/\/radiojadranka.hr\/index.php\/wp-json\/wp\/v2\/media?parent=14038"}],"wp:term":[{"taxonomy":"category","embeddable":true,"href":"https:\/\/radiojadranka.hr\/index.php\/wp-json\/wp\/v2\/categories?post=14038"},{"taxonomy":"post_tag","embeddable":true,"href":"https:\/\/radiojadranka.hr\/index.php\/wp-json\/wp\/v2\/tags?post=14038"}],"curies":[{"name":"wp","href":"https:\/\/api.w.org\/{rel}","templated":true}]}}