{"id":14017,"date":"2025-11-11T14:39:48","date_gmt":"2025-11-11T13:39:48","guid":{"rendered":"https:\/\/radiojadranka.hr\/?p=14017"},"modified":"2025-11-11T14:48:33","modified_gmt":"2025-11-11T13:48:33","slug":"svecana-sjednica-gradskog-vijeca-grada-malog-losinja-muzej-apoksiomena","status":"publish","type":"post","link":"https:\/\/radiojadranka.hr\/index.php\/2025\/11\/11\/svecana-sjednica-gradskog-vijeca-grada-malog-losinja-muzej-apoksiomena\/","title":{"rendered":"Sve\u010dana sjednica Gradskog vije\u0107a Grada Malog Lo\u0161inja, Muzej Apoksiomena"},"content":{"rendered":"<p><iframe title=\"11.11.2025. Sve\u010dana Sjednica Gradskog Vije\u0107a Grada Malog Lo\u0161inja, Muzej Apoksiomena\" width=\"100%\" height=\"120\" src=\"https:\/\/www.mixcloud.com\/widget\/iframe\/?feed=https%3A%2F%2Fwww.mixcloud.com%2Fradio_jadranka%2F11112025-sve%25C4%258Dana-sjednica-gradskog-vije%25C4%2587a-grada-malog-lo%25C5%25A1inja-muzej-apoksiomena%2F&amp;hide_cover=1\" frameborder=\"0\" allow=\"encrypted-media; fullscreen; autoplay; idle-detection; speaker-selection; web-share;\"><\/iframe><\/p>\n","protected":false},"excerpt":{"rendered":"","protected":false},"author":1,"featured_media":14022,"comment_status":"closed","ping_status":"open","sticky":false,"template":"","format":"audio","meta":{"footnotes":""},"categories":[72],"tags":[],"class_list":["post-14017","post","type-post","status-publish","format-audio","has-post-thumbnail","hentry","category-vijesti","post_format-post-format-audio"],"aioseo_notices":[],"_links":{"self":[{"href":"https:\/\/radiojadranka.hr\/index.php\/wp-json\/wp\/v2\/posts\/14017","targetHints":{"allow":["GET"]}}],"collection":[{"href":"https:\/\/radiojadranka.hr\/index.php\/wp-json\/wp\/v2\/posts"}],"about":[{"href":"https:\/\/radiojadranka.hr\/index.php\/wp-json\/wp\/v2\/types\/post"}],"author":[{"embeddable":true,"href":"https:\/\/radiojadranka.hr\/index.php\/wp-json\/wp\/v2\/users\/1"}],"replies":[{"embeddable":true,"href":"https:\/\/radiojadranka.hr\/index.php\/wp-json\/wp\/v2\/comments?post=14017"}],"version-history":[{"count":2,"href":"https:\/\/radiojadranka.hr\/index.php\/wp-json\/wp\/v2\/posts\/14017\/revisions"}],"predecessor-version":[{"id":14021,"href":"https:\/\/radiojadranka.hr\/index.php\/wp-json\/wp\/v2\/posts\/14017\/revisions\/14021"}],"wp:featuredmedia":[{"embeddable":true,"href":"https:\/\/radiojadranka.hr\/index.php\/wp-json\/wp\/v2\/media\/14022"}],"wp:attachment":[{"href":"https:\/\/radiojadranka.hr\/index.php\/wp-json\/wp\/v2\/media?parent=14017"}],"wp:term":[{"taxonomy":"category","embeddable":true,"href":"https:\/\/radiojadranka.hr\/index.php\/wp-json\/wp\/v2\/categories?post=14017"},{"taxonomy":"post_tag","embeddable":true,"href":"https:\/\/radiojadranka.hr\/index.php\/wp-json\/wp\/v2\/tags?post=14017"}],"curies":[{"name":"wp","href":"https:\/\/api.w.org\/{rel}","templated":true}]}}