{"id":14007,"date":"2025-11-10T20:52:40","date_gmt":"2025-11-10T19:52:40","guid":{"rendered":"https:\/\/radiojadranka.hr\/?p=14007"},"modified":"2025-11-10T20:52:40","modified_gmt":"2025-11-10T19:52:40","slug":"brkate-price-price-o-muskom-zdravlju-u-studenom-danas-s-mihaelom-begicem-psihoterapeutom-i-socijalnim-pedagogom","status":"publish","type":"post","link":"https:\/\/radiojadranka.hr\/index.php\/2025\/11\/10\/brkate-price-price-o-muskom-zdravlju-u-studenom-danas-s-mihaelom-begicem-psihoterapeutom-i-socijalnim-pedagogom\/","title":{"rendered":"&#8220;Brkate pri\u010de&#8221;; pri\u010de o mu\u0161kom zdravlju u studenom; danas s Mihaelom Begi\u0107em psihoterapeutom i socijalnim pedagogom!"},"content":{"rendered":"<p>Od &#8220;Brkatih pri\u010da&#8221; doo &#8220;Brkatih pala\u010dinki&#8221;, u mjesecu studenom skre\u0107emo pa\u017enju na mu\u0161ko zdravlje! Danas s Mihaelom Begi\u0107em psihoterapeutom i socijalnim pedagogom! Zanimljiva emisija donosi probleme od ovisnosti i depresije do anksioznosti i sre\u0107e, svega smo se dotaknuli u ovoj emisiji! Pokrovitelj je Moby Dick slasti\u010darnica u Malom Lo\u0161inju koja nudi &#8220;Brkate pala\u010dinke&#8221; i od svake porcije izdvaja euro za udrugu &#8220;Liga protiv raka Primorsko &#8211; goranske \u017eupanije!&#8221; Zasladimo se i pomognimo u borbi protiv malignih bolesti i ne\u0161to nau\u010dimo!<\/p>\n<p><iframe title=\"101125 Brkate Pri\u010de Mihael Begi\u0107\" width=\"100%\" height=\"120\" src=\"https:\/\/www.mixcloud.com\/widget\/iframe\/?feed=https%3A%2F%2Fwww.mixcloud.com%2Fradio_jadranka%2F101125-brkate-pri%25C4%258De-mihael-begi%25C4%2587%2F&amp;hide_cover=1\" frameborder=\"0\" allow=\"encrypted-media; fullscreen; autoplay; idle-detection; speaker-selection; web-share;\"><\/iframe><\/p>\n<div id='gallery-1' class='gallery galleryid-14007 gallery-columns-3 gallery-size-thumbnail'><figure class='gallery-item'>\n\t\t\t<div class='gallery-icon portrait'>\n\t\t\t\t<a href='https:\/\/radiojadranka.hr\/index.php\/2025\/11\/03\/brkate-price-brkate-palacinke-i-movember-mjesec-muskog-zdravlja-danas-s-nama-ranko-pezelj\/img-20251103-wa0004\/'><img decoding=\"async\" width=\"150\" height=\"150\" src=\"https:\/\/radiojadranka.hr\/wp-content\/uploads\/2025\/11\/IMG-20251103-WA0004-150x150.jpg\" class=\"attachment-thumbnail size-thumbnail\" alt=\"\" srcset=\"https:\/\/radiojadranka.hr\/wp-content\/uploads\/2025\/11\/IMG-20251103-WA0004-150x150.jpg 150w, https:\/\/radiojadranka.hr\/wp-content\/uploads\/2025\/11\/IMG-20251103-WA0004-100x100.jpg 100w, https:\/\/radiojadranka.hr\/wp-content\/uploads\/2025\/11\/IMG-20251103-WA0004-370x370.jpg 370w\" sizes=\"(max-width: 150px) 100vw, 150px\" \/><\/a>\n\t\t\t<\/div><\/figure><figure class='gallery-item'>\n\t\t\t<div class='gallery-icon portrait'>\n\t\t\t\t<a href='https:\/\/radiojadranka.hr\/index.php\/2025\/11\/03\/brkate-price-brkate-palacinke-i-movember-mjesec-muskog-zdravlja-danas-s-nama-ranko-pezelj\/img-20251103-wa0003\/'><img decoding=\"async\" width=\"150\" height=\"150\" src=\"https:\/\/radiojadranka.hr\/wp-content\/uploads\/2025\/11\/IMG-20251103-WA0003-150x150.jpg\" class=\"attachment-thumbnail size-thumbnail\" alt=\"\" srcset=\"https:\/\/radiojadranka.hr\/wp-content\/uploads\/2025\/11\/IMG-20251103-WA0003-150x150.jpg 150w, https:\/\/radiojadranka.hr\/wp-content\/uploads\/2025\/11\/IMG-20251103-WA0003-100x100.jpg 100w, https:\/\/radiojadranka.hr\/wp-content\/uploads\/2025\/11\/IMG-20251103-WA0003-370x370.jpg 370w\" sizes=\"(max-width: 150px) 100vw, 150px\" \/><\/a>\n\t\t\t<\/div><\/figure><figure class='gallery-item'>\n\t\t\t<div class='gallery-icon portrait'>\n\t\t\t\t<a href='https:\/\/radiojadranka.hr\/index.php\/2025\/11\/03\/brkate-price-brkate-palacinke-i-movember-mjesec-muskog-zdravlja-danas-s-nama-ranko-pezelj\/img-20251103-wa0005-1\/'><img decoding=\"async\" width=\"150\" height=\"150\" src=\"https:\/\/radiojadranka.hr\/wp-content\/uploads\/2025\/11\/IMG-20251103-WA0005-1-150x150.jpg\" class=\"attachment-thumbnail size-thumbnail\" alt=\"\" srcset=\"https:\/\/radiojadranka.hr\/wp-content\/uploads\/2025\/11\/IMG-20251103-WA0005-1-150x150.jpg 150w, https:\/\/radiojadranka.hr\/wp-content\/uploads\/2025\/11\/IMG-20251103-WA0005-1-100x100.jpg 100w, https:\/\/radiojadranka.hr\/wp-content\/uploads\/2025\/11\/IMG-20251103-WA0005-1-370x370.jpg 370w\" sizes=\"(max-width: 150px) 100vw, 150px\" \/><\/a>\n\t\t\t<\/div><\/figure>\n\t\t<\/div>\n\n<p>&nbsp;<\/p>\n<p>&nbsp;<\/p>\n","protected":false},"excerpt":{"rendered":"<p>Od &#8220;Brkatih pri\u010da&#8221; doo &#8220;Brkatih pala\u010dinki&#8221;, u mjesecu studenom skre\u0107emo pa\u017enju na mu\u0161ko zdravlje! Danas s Mihaelom Begi\u0107em psihoterapeutom i socijalnim pedagogom! Zanimljiva emisija donosi probleme od ovisnosti i depresije do anksioznosti i sre\u0107e, svega smo se dotaknuli u ovoj emisiji! Pokrovitelj je Moby Dick slasti\u010darnica u Malom Lo\u0161inju koja ...<\/p>\n","protected":false},"author":2,"featured_media":14008,"comment_status":"closed","ping_status":"open","sticky":false,"template":"","format":"audio","meta":{"footnotes":""},"categories":[156],"tags":[],"class_list":["post-14007","post","type-post","status-publish","format-audio","has-post-thumbnail","hentry","category-brkate-price","post_format-post-format-audio"],"aioseo_notices":[],"_links":{"self":[{"href":"https:\/\/radiojadranka.hr\/index.php\/wp-json\/wp\/v2\/posts\/14007","targetHints":{"allow":["GET"]}}],"collection":[{"href":"https:\/\/radiojadranka.hr\/index.php\/wp-json\/wp\/v2\/posts"}],"about":[{"href":"https:\/\/radiojadranka.hr\/index.php\/wp-json\/wp\/v2\/types\/post"}],"author":[{"embeddable":true,"href":"https:\/\/radiojadranka.hr\/index.php\/wp-json\/wp\/v2\/users\/2"}],"replies":[{"embeddable":true,"href":"https:\/\/radiojadranka.hr\/index.php\/wp-json\/wp\/v2\/comments?post=14007"}],"version-history":[{"count":1,"href":"https:\/\/radiojadranka.hr\/index.php\/wp-json\/wp\/v2\/posts\/14007\/revisions"}],"predecessor-version":[{"id":14009,"href":"https:\/\/radiojadranka.hr\/index.php\/wp-json\/wp\/v2\/posts\/14007\/revisions\/14009"}],"wp:featuredmedia":[{"embeddable":true,"href":"https:\/\/radiojadranka.hr\/index.php\/wp-json\/wp\/v2\/media\/14008"}],"wp:attachment":[{"href":"https:\/\/radiojadranka.hr\/index.php\/wp-json\/wp\/v2\/media?parent=14007"}],"wp:term":[{"taxonomy":"category","embeddable":true,"href":"https:\/\/radiojadranka.hr\/index.php\/wp-json\/wp\/v2\/categories?post=14007"},{"taxonomy":"post_tag","embeddable":true,"href":"https:\/\/radiojadranka.hr\/index.php\/wp-json\/wp\/v2\/tags?post=14007"}],"curies":[{"name":"wp","href":"https:\/\/api.w.org\/{rel}","templated":true}]}}