{"id":14004,"date":"2025-11-10T20:28:34","date_gmt":"2025-11-10T19:28:34","guid":{"rendered":"https:\/\/radiojadranka.hr\/?p=14004"},"modified":"2025-11-10T20:28:34","modified_gmt":"2025-11-10T19:28:34","slug":"trajekt-pasman-probno-umjesto-broda-unije-ana-kucic-gradonacelnica-uoci-dana-grada","status":"publish","type":"post","link":"https:\/\/radiojadranka.hr\/index.php\/2025\/11\/10\/trajekt-pasman-probno-umjesto-broda-unije-ana-kucic-gradonacelnica-uoci-dana-grada\/","title":{"rendered":"Trajekt Pa\u0161man &#8220;probno&#8221; umjesto broda Unije, Ana Ku\u010di\u0107 gradona\u010delnica uo\u010di Dana grada!"},"content":{"rendered":"<p>U dana\u0161njem razgovoru s Gradona\u010delnicom, najavili smo obilje\u017eavanje Dana grada, te se osvrnuli na aktualnosti na podru\u010dju grada. Od trajekta za male otoke, gdje \u0107e trajekt Pa\u0161man privremeno zamijeniti brod Unije, a ako se zamjena poka\u017ee dobrom, kasnije \u0107e na toj liniji voziti trajekt sv.Juraj. Dotaknuli smo se i drugih tema&#8230; poslu\u0161ajte emisiju!<\/p>\n<p><iframe title=\"101125 Ana Kucic Gradonacelnica\" width=\"100%\" height=\"120\" src=\"https:\/\/www.mixcloud.com\/widget\/iframe\/?feed=https%3A%2F%2Fwww.mixcloud.com%2Fradio_jadranka%2F101125-ana-kucic-gradonacelnica%2F&amp;hide_cover=1\" frameborder=\"0\" allow=\"encrypted-media; fullscreen; autoplay; idle-detection; speaker-selection; web-share;\"><\/iframe><\/p>\n<p><img fetchpriority=\"high\" decoding=\"async\" class=\"alignnone size-full wp-image-14000\" src=\"https:\/\/radiojadranka.hr\/wp-content\/uploads\/2025\/11\/580753990_1428671822591237_3136009041686932174_n.jpg\" alt=\"\" width=\"720\" height=\"540\" \/><\/p>\n","protected":false},"excerpt":{"rendered":"<p>U dana\u0161njem razgovoru s Gradona\u010delnicom, najavili smo obilje\u017eavanje Dana grada, te se osvrnuli na aktualnosti na podru\u010dju grada. Od trajekta za male otoke, gdje \u0107e trajekt Pa\u0161man privremeno zamijeniti brod Unije, a ako se zamjena poka\u017ee dobrom, kasnije \u0107e na toj liniji voziti trajekt sv.Juraj. Dotaknuli smo se i drugih ...<\/p>\n","protected":false},"author":2,"featured_media":14002,"comment_status":"closed","ping_status":"open","sticky":false,"template":"","format":"audio","meta":{"footnotes":""},"categories":[68],"tags":[],"class_list":["post-14004","post","type-post","status-publish","format-audio","has-post-thumbnail","hentry","category-rsp","post_format-post-format-audio"],"aioseo_notices":[],"_links":{"self":[{"href":"https:\/\/radiojadranka.hr\/index.php\/wp-json\/wp\/v2\/posts\/14004","targetHints":{"allow":["GET"]}}],"collection":[{"href":"https:\/\/radiojadranka.hr\/index.php\/wp-json\/wp\/v2\/posts"}],"about":[{"href":"https:\/\/radiojadranka.hr\/index.php\/wp-json\/wp\/v2\/types\/post"}],"author":[{"embeddable":true,"href":"https:\/\/radiojadranka.hr\/index.php\/wp-json\/wp\/v2\/users\/2"}],"replies":[{"embeddable":true,"href":"https:\/\/radiojadranka.hr\/index.php\/wp-json\/wp\/v2\/comments?post=14004"}],"version-history":[{"count":1,"href":"https:\/\/radiojadranka.hr\/index.php\/wp-json\/wp\/v2\/posts\/14004\/revisions"}],"predecessor-version":[{"id":14005,"href":"https:\/\/radiojadranka.hr\/index.php\/wp-json\/wp\/v2\/posts\/14004\/revisions\/14005"}],"wp:featuredmedia":[{"embeddable":true,"href":"https:\/\/radiojadranka.hr\/index.php\/wp-json\/wp\/v2\/media\/14002"}],"wp:attachment":[{"href":"https:\/\/radiojadranka.hr\/index.php\/wp-json\/wp\/v2\/media?parent=14004"}],"wp:term":[{"taxonomy":"category","embeddable":true,"href":"https:\/\/radiojadranka.hr\/index.php\/wp-json\/wp\/v2\/categories?post=14004"},{"taxonomy":"post_tag","embeddable":true,"href":"https:\/\/radiojadranka.hr\/index.php\/wp-json\/wp\/v2\/tags?post=14004"}],"curies":[{"name":"wp","href":"https:\/\/api.w.org\/{rel}","templated":true}]}}