{"id":13993,"date":"2025-11-06T17:18:14","date_gmt":"2025-11-06T16:18:14","guid":{"rendered":"https:\/\/radiojadranka.hr\/?p=13993"},"modified":"2025-11-06T17:18:14","modified_gmt":"2025-11-06T16:18:14","slug":"u-subotu-slatki-trk-za-25-godina-udruge-dijabeticara-cres-losinj","status":"publish","type":"post","link":"https:\/\/radiojadranka.hr\/index.php\/2025\/11\/06\/u-subotu-slatki-trk-za-25-godina-udruge-dijabeticara-cres-losinj\/","title":{"rendered":"U subotu &#8220;Slatki trk&#8221; za 25 godina Udruge dijabeti\u010dara Cres &#8211; Lo\u0161inj!"},"content":{"rendered":"<p>Udruga dijabeti\u010dara Cres\u2013Lo\u0161inj ove godine slavi velik jubilej \u2013 25 godina djelovanja! Tim povodom u subotu, <strong>8. studenoga<\/strong>, s po\u010detkom u <strong>10 sati i 30 minuta<\/strong>, na glavnom <strong>Trgu u Malom Lo\u0161inju<\/strong> odr\u017eat \u0107e se <strong>\u201cSlatki trk\u201d<\/strong> \u2013 zajedni\u010dko hodanje i tr\u010danje gra\u0111ana pod motom <em>\u201cPokret je lijek\u201d<\/em>.<\/p>\n<p>Organizatori pozivaju sve Lo\u0161injane i goste da se pridru\u017ee, bilo hodanjem, tr\u010danjem ili jednostavno dolaskom i podr\u0161kom. Cilj je zajedni\u010dkim pokretom obilje\u017eiti 25 godina rada udruge, ali i podsjetiti na va\u017enost brige o zdravlju i aktivnog na\u010dina \u017eivota.<\/p>\n<p>Dakle, subota, 8.<\/p>\n<p>studenog, u 10:30 na Trgu u Malom Lo\u0161inju \u2013 <strong>\u201cSlatki trk\u201d<\/strong> uz poruku: <em>pokrenimo se zajedno, jer pokret je lijek!<\/em><\/p>\n<p><iframe title=\"061125 Senka I Katarina 25 Godina Udruge Dijabeti\u010dara\" width=\"100%\" height=\"120\" src=\"https:\/\/www.mixcloud.com\/widget\/iframe\/?feed=https%3A%2F%2Fwww.mixcloud.com%2Fradio_jadranka%2F061125-senka-i-katarina-25-godina-udruge-dijabeti%25C4%258Dara%2F&amp;hide_cover=1\" frameborder=\"0\" allow=\"encrypted-media; fullscreen; autoplay; idle-detection; speaker-selection; web-share;\"><\/iframe><\/p>\n<figure id=\"attachment_13994\" aria-describedby=\"caption-attachment-13994\" style=\"width: 770px\" class=\"wp-caption alignnone\"><img fetchpriority=\"high\" decoding=\"async\" class=\"size-medium wp-image-13994\" src=\"https:\/\/radiojadranka.hr\/wp-content\/uploads\/2025\/11\/IMG20251106110631-770x629.jpg\" alt=\"\" width=\"770\" height=\"629\" srcset=\"https:\/\/radiojadranka.hr\/wp-content\/uploads\/2025\/11\/IMG20251106110631-770x629.jpg 770w, https:\/\/radiojadranka.hr\/wp-content\/uploads\/2025\/11\/IMG20251106110631-1170x955.jpg 1170w, https:\/\/radiojadranka.hr\/wp-content\/uploads\/2025\/11\/IMG20251106110631-768x627.jpg 768w, https:\/\/radiojadranka.hr\/wp-content\/uploads\/2025\/11\/IMG20251106110631-1536x1254.jpg 1536w, https:\/\/radiojadranka.hr\/wp-content\/uploads\/2025\/11\/IMG20251106110631.jpg 1783w\" sizes=\"(max-width: 770px) 100vw, 770px\" \/><figcaption id=\"caption-attachment-13994\" class=\"wp-caption-text\">oplus_2097152<\/figcaption><\/figure>\n","protected":false},"excerpt":{"rendered":"<p>Udruga dijabeti\u010dara Cres\u2013Lo\u0161inj ove godine slavi velik jubilej \u2013 25 godina djelovanja! Tim povodom u subotu, 8. studenoga, s po\u010detkom u 10 sati i 30 minuta, na glavnom Trgu u Malom Lo\u0161inju odr\u017eat \u0107e se \u201cSlatki trk\u201d \u2013 zajedni\u010dko hodanje i tr\u010danje gra\u0111ana pod motom \u201cPokret je lijek\u201d. Organizatori pozivaju ...<\/p>\n","protected":false},"author":2,"featured_media":13994,"comment_status":"closed","ping_status":"open","sticky":false,"template":"","format":"audio","meta":{"footnotes":""},"categories":[72],"tags":[],"class_list":["post-13993","post","type-post","status-publish","format-audio","has-post-thumbnail","hentry","category-vijesti","post_format-post-format-audio"],"aioseo_notices":[],"_links":{"self":[{"href":"https:\/\/radiojadranka.hr\/index.php\/wp-json\/wp\/v2\/posts\/13993","targetHints":{"allow":["GET"]}}],"collection":[{"href":"https:\/\/radiojadranka.hr\/index.php\/wp-json\/wp\/v2\/posts"}],"about":[{"href":"https:\/\/radiojadranka.hr\/index.php\/wp-json\/wp\/v2\/types\/post"}],"author":[{"embeddable":true,"href":"https:\/\/radiojadranka.hr\/index.php\/wp-json\/wp\/v2\/users\/2"}],"replies":[{"embeddable":true,"href":"https:\/\/radiojadranka.hr\/index.php\/wp-json\/wp\/v2\/comments?post=13993"}],"version-history":[{"count":1,"href":"https:\/\/radiojadranka.hr\/index.php\/wp-json\/wp\/v2\/posts\/13993\/revisions"}],"predecessor-version":[{"id":13995,"href":"https:\/\/radiojadranka.hr\/index.php\/wp-json\/wp\/v2\/posts\/13993\/revisions\/13995"}],"wp:featuredmedia":[{"embeddable":true,"href":"https:\/\/radiojadranka.hr\/index.php\/wp-json\/wp\/v2\/media\/13994"}],"wp:attachment":[{"href":"https:\/\/radiojadranka.hr\/index.php\/wp-json\/wp\/v2\/media?parent=13993"}],"wp:term":[{"taxonomy":"category","embeddable":true,"href":"https:\/\/radiojadranka.hr\/index.php\/wp-json\/wp\/v2\/categories?post=13993"},{"taxonomy":"post_tag","embeddable":true,"href":"https:\/\/radiojadranka.hr\/index.php\/wp-json\/wp\/v2\/tags?post=13993"}],"curies":[{"name":"wp","href":"https:\/\/api.w.org\/{rel}","templated":true}]}}