{"id":13988,"date":"2025-11-05T12:59:25","date_gmt":"2025-11-05T11:59:25","guid":{"rendered":"https:\/\/radiojadranka.hr\/?p=13988"},"modified":"2025-11-05T12:59:25","modified_gmt":"2025-11-05T11:59:25","slug":"udruga-gust-priprema-veliku-festu-uoci-dana-grada-malog-losinja","status":"publish","type":"post","link":"https:\/\/radiojadranka.hr\/index.php\/2025\/11\/05\/udruga-gust-priprema-veliku-festu-uoci-dana-grada-malog-losinja\/","title":{"rendered":"Udruga Gu\u0161t priprema veliku fe\u0161tu uo\u010di Dana grada Malog Lo\u0161inja!"},"content":{"rendered":"<p>Denis Flegar i Marin Br\u010di\u0107 u na\u0161em programu su govorili o predstojo\u0107oj fe\u0161ti <strong>\u00a0povodom Dana Grada Malog Lo\u0161inja<\/strong> u subotu, <strong>8. studenoga 2025. godine<\/strong>, u predivnoj <strong>uvali Sv. Martin<\/strong>. Program po\u010dinje ve\u0107 u <strong>15 sati<\/strong>, a za sve uzraste pripremljena je dobra zabava, ukusna hrana i puno glazbe.<\/p>\n<p>Od <strong>15 do 17 sati<\/strong> odr\u017eava se <strong>radionica \u201eKuhanje za po\u010detnike i najmla\u0111e\u201c<\/strong>, gdje \u0107e uz pomo\u0107 profesionalnih kuhara svi zainteresirani mo\u0107i nau\u010diti pripremiti jednostavna i fina jela. Sudjelovanje je <strong>besplatno<\/strong>, ali broj mjesta je ograni\u010den \u2013 prijave se primaju putem Facebook stranice <strong>Udruga Gu\u0161t<\/strong>, e-maila <strong>udrugagustlosinj@gmail.com<\/strong> ili WhatsAppa na broj <strong>091 286 6067<\/strong>.<\/p>\n<p>U <strong>17 sati<\/strong> slijedi <strong>turnir parova u \u0110aponezi<\/strong>, a od <strong>20 sati<\/strong> kre\u0107e prava glazbena zabava uz <strong>Fiesta band<\/strong>.\u00a0 \u00a0 \u00a0 \u00a0 \u00a0 \u00a0 \u00a0 \u00a0 \u00a0 \u00a0 \u00a0 \u00a0 \u00a0 \u00a0 \u00a0 \u00a0 \u00a0 \u00a0 \u00a0 \u00a0 \u00a0 \u00a0 \u00a0 \u00a0 \u00a0 \u00a0 \u00a0 \u00a0 \u00a0 \u00a0 \u00a0 \u00a0 \u00a0 \u00a0 \u00a0 \u00a0 \u00a0 \u00a0 \u00a0 \u00a0 \u00a0 \u00a0 \u00a0 \u00a0 \u00a0 \u00a0 \u00a0 \u00a0 \u00a0 \u00a0 \u00a0 \u00a0 \u00a0 \u00a0 \u00a0 \u00a0 \u00a0 \u00a0 \u00a0 \u00a0 \u00a0 \u00a0 \u00a0 \u00a0 \u00a0 \u00a0 \u00a0 \u00a0 \u00a0 \u00a0 \u00a0 \u00a0 \u00a0 \u00a0 \u00a0 \u00a0 \u00a0 \u00a0 \u00a0 \u00a0 U <strong>23 sata<\/strong> o\u010dekuje vas <strong>izvla\u010denje tombole<\/strong>, a zabava se nastavlja uz Fiesta band i DJ-a sve do pono\u0107i i dalje!\u00a0 \u00a0 \u00a0 \u00a0 \u00a0 \u00a0 \u00a0 \u00a0 \u00a0 \u00a0 \u00a0 \u00a0 \u00a0 \u00a0 \u00a0 \u00a0 \u00a0 \u00a0 \u00a0 \u00a0 \u00a0 \u00a0 \u00a0 \u00a0 \u00a0 \u00a0 \u00a0 \u00a0 \u00a0 \u00a0 \u00a0 \u00a0 \u00a0 \u00a0 \u00a0 \u00a0 \u00a0 \u00a0 \u00a0 \u00a0 \u00a0 \u00a0 \u00a0 \u00a0 \u00a0 \u00a0 \u00a0 \u00a0 \u00a0 \u00a0 \u00a0 \u00a0 \u00a0 \u00a0 \u00a0 \u00a0 \u00a0 \u00a0 \u00a0 \u00a0 \u00a0 \u00a0 \u00a0 \u00a0 \u00a0 \u00a0 \u00a0 \u00a0 \u00a0 \u00a0 \u00a0 \u00a0 \u00a0 \u00a0 \u00a0 \u00a0 Na jelovniku su doma\u0107i specijaliteti \u2013 <strong>Lo\u0161injski kebab, \u0106evap u \u0111epu i Djevoja\u010dki gu\u0161t<\/strong>.<\/p>\n<p>Dakle, <strong>subota, 8. studenoga, uvala Sv. Martin \u2013 dobra glazba, fina spiza i odli\u010dna atmosfera!<\/strong><\/p>\n<p>S Marinom smo govorili i o vatrogasnim temama.. Govorili smo o projektu &#8220;FRED&#8221;, koji \u0107e pomo\u0107i vatrogascima u intervencijama i preventivi. Osvrnuli smo se na minuli mjesec, te na izgradnju vatrogasnog doma, gdje je danas do\u0161ao bager koji je na pripremi gradili\u0161ta. Podsjetimo se, u sljede\u0107ih dvije godine, vatrogasci \u0107e se preseliti sa \u0160kveri\u0107a u novi Dom!<\/p>\n<p><iframe title=\"051125 Marin Br\u010di\u0107\" width=\"100%\" height=\"120\" src=\"https:\/\/www.mixcloud.com\/widget\/iframe\/?feed=https%3A%2F%2Fwww.mixcloud.com%2Fradio_jadranka%2F051125-marin-br%25C4%258Di%25C4%2587%2F&amp;hide_cover=1\" frameborder=\"0\" allow=\"encrypted-media; fullscreen; autoplay; idle-detection; speaker-selection; web-share;\"><\/iframe><\/p>\n<p>foto: FB vatrogasci losinj<\/p>\n<p><img fetchpriority=\"high\" decoding=\"async\" class=\"alignnone  wp-image-13989\" src=\"https:\/\/radiojadranka.hr\/wp-content\/uploads\/2025\/11\/Vatrosci-Kajkara-578x770.jpg\" alt=\"\" width=\"479\" height=\"638\" srcset=\"https:\/\/radiojadranka.hr\/wp-content\/uploads\/2025\/11\/Vatrosci-Kajkara-578x770.jpg 578w, https:\/\/radiojadranka.hr\/wp-content\/uploads\/2025\/11\/Vatrosci-Kajkara-878x1170.jpg 878w, https:\/\/radiojadranka.hr\/wp-content\/uploads\/2025\/11\/Vatrosci-Kajkara-768x1024.jpg 768w, https:\/\/radiojadranka.hr\/wp-content\/uploads\/2025\/11\/Vatrosci-Kajkara-1152x1536.jpg 1152w, https:\/\/radiojadranka.hr\/wp-content\/uploads\/2025\/11\/Vatrosci-Kajkara.jpg 1200w\" sizes=\"(max-width: 479px) 100vw, 479px\" \/><\/p>\n","protected":false},"excerpt":{"rendered":"<p>Denis Flegar i Marin Br\u010di\u0107 u na\u0161em programu su govorili o predstojo\u0107oj fe\u0161ti \u00a0povodom Dana Grada Malog Lo\u0161inja u subotu, 8. studenoga 2025. godine, u predivnoj uvali Sv. Martin. Program po\u010dinje ve\u0107 u 15 sati, a za sve uzraste pripremljena je dobra zabava, ukusna hrana i puno glazbe. Od 15 ...<\/p>\n","protected":false},"author":2,"featured_media":13990,"comment_status":"closed","ping_status":"open","sticky":false,"template":"","format":"audio","meta":{"footnotes":""},"categories":[72],"tags":[],"class_list":["post-13988","post","type-post","status-publish","format-audio","has-post-thumbnail","hentry","category-vijesti","post_format-post-format-audio"],"aioseo_notices":[],"_links":{"self":[{"href":"https:\/\/radiojadranka.hr\/index.php\/wp-json\/wp\/v2\/posts\/13988","targetHints":{"allow":["GET"]}}],"collection":[{"href":"https:\/\/radiojadranka.hr\/index.php\/wp-json\/wp\/v2\/posts"}],"about":[{"href":"https:\/\/radiojadranka.hr\/index.php\/wp-json\/wp\/v2\/types\/post"}],"author":[{"embeddable":true,"href":"https:\/\/radiojadranka.hr\/index.php\/wp-json\/wp\/v2\/users\/2"}],"replies":[{"embeddable":true,"href":"https:\/\/radiojadranka.hr\/index.php\/wp-json\/wp\/v2\/comments?post=13988"}],"version-history":[{"count":1,"href":"https:\/\/radiojadranka.hr\/index.php\/wp-json\/wp\/v2\/posts\/13988\/revisions"}],"predecessor-version":[{"id":13991,"href":"https:\/\/radiojadranka.hr\/index.php\/wp-json\/wp\/v2\/posts\/13988\/revisions\/13991"}],"wp:featuredmedia":[{"embeddable":true,"href":"https:\/\/radiojadranka.hr\/index.php\/wp-json\/wp\/v2\/media\/13990"}],"wp:attachment":[{"href":"https:\/\/radiojadranka.hr\/index.php\/wp-json\/wp\/v2\/media?parent=13988"}],"wp:term":[{"taxonomy":"category","embeddable":true,"href":"https:\/\/radiojadranka.hr\/index.php\/wp-json\/wp\/v2\/categories?post=13988"},{"taxonomy":"post_tag","embeddable":true,"href":"https:\/\/radiojadranka.hr\/index.php\/wp-json\/wp\/v2\/tags?post=13988"}],"curies":[{"name":"wp","href":"https:\/\/api.w.org\/{rel}","templated":true}]}}